{"id":13428,"date":"2018-03-20T09:52:16","date_gmt":"2018-03-20T15:52:16","guid":{"rendered":"http:\/\/www.inces.gob.ve\/?p=13428"},"modified":"2020-05-28T20:32:52","modified_gmt":"2020-05-29T00:32:52","slug":"tachira-junto-la-alcaldia-del-municipio-bolivar-unen-lazos-institucionales-la-formacion-los-aprendices","status":"publish","type":"post","link":"https:\/\/inces.gob.ve\/index.php\/2018\/03\/20\/tachira-junto-la-alcaldia-del-municipio-bolivar-unen-lazos-institucionales-la-formacion-los-aprendices\/","title":{"rendered":"T\u00e1chira junto a la alcald\u00eda del municipio bol\u00edvar unen lazos institucionales en la formaci\u00f3n de los aprendices"},"content":{"rendered":"<p class=\"western\" style=\"text-align: justify;\"><span style=\"font-family: Arial,sans-serif;\"><i><b>** La fuerza campesina al frente<\/b><\/i><\/span><\/p>\n<p class=\"western\" style=\"text-align: justify;\">\n <!--more--><\/p>\n<p>&nbsp;<\/p>\n<p class=\"western\" style=\"text-align: justify;\"><span style=\"font-family: Arial,sans-serif;\"><b>Prensa Inces T\u00e1chira.-<\/b> Desde el municipio Bol\u00edvar sede del centro de formaci\u00f3n socialista \u201cFrancisco de Miranda\u201d se realiz\u00f3 el Encuentro de Cultura Rural en el marco del D\u00eda Nacional de la Siembra por la Patria. El gerente regional Geovanni Gonz\u00e1lez en compa\u00f1\u00eda del alcalde del municipio Bol\u00edvar William G\u00f3mez desarrollaron un encuentro con los aprendices Inces.<\/span><\/p>\n<p class=\"western\" style=\"text-align: justify;\">\n <\/p>\n<p class=\"western\" style=\"text-align: justify;\"><span style=\"font-family: Arial,sans-serif;\">Un vocero regional se\u00f1al\u00f3: \u201c D\u00e1ndole fe al lema de nuestro presidente Wuikelman Angel Paredes \u201c Formar produciendo y producir formando\u201d; estos j\u00f3venes, gracias al convenio con la alcald\u00eda bolivariana del municipio Bol\u00edvar en su fase te\u00f3rica est\u00e1n cumpliendo con lo pr\u00e1ctico, en las instalaciones de la alcald\u00eda con una formaci\u00f3n integrada, en las \u00e1reas de catastro y tributos, todo el \u00e1rea administrativa\u201d.<\/span><\/p>\n<p class=\"western\" style=\"text-align: justify;\"><img loading=\"lazy\" decoding=\"async\" class=\"size-full wp-image-13430 aligncenter\" src=\"http:\/\/www.inces.gob.ve\/wp-content\/uploads\/2018\/03\/1-aprendices-.jpg\" alt=\"\" width=\"700\" height=\"525\" \/>\n <\/p>\n<p class=\"western\" style=\"text-align: justify;\"><span style=\"font-family: Arial,sans-serif;\">Los j\u00f3venes aprendices se formaron en aulas de clases del Inces, para materializar los conocimientos aprendidos en las oficinas de la alcald\u00eda haciendo un trabajo revolucionario y form\u00e1ndose integralmente, para el trabajo motivador y productivo que necesita nuestro pa\u00eds,\u201d subray\u00f3 Gonz\u00e1lez.<\/span><\/p>\n<p class=\"western\" style=\"text-align: justify;\">\n <\/p>\n<p class=\"western\" style=\"text-align: justify;\"><span style=\"font-family: Arial,sans-serif;\">El vocero municipal G\u00f3mez coment\u00f3: \u201c Gracias al v\u00ednculo que se ha activado por ambas instituciones, estamos generando participaci\u00f3n activa de todos los j\u00f3venes estudiantes y aprendices del Inces, desenvolvi\u00e9ndose en todas las direcciones y departamentos de nuestra alcald\u00eda\u201d. <\/span><\/p>\n<p class=\"western\" style=\"text-align: justify;\">\n <\/p>\n<p class=\"western\" style=\"text-align: justify;\"><span style=\"font-family: Arial,sans-serif;\">Finalmente Gonz\u00e1lez hizo un llamado a toda la poblaci\u00f3n del municipio Bol\u00edvar especialmente a los j\u00f3venes. \u201c Esta es la v\u00eda, una formaci\u00f3n para la producci\u00f3n integral en desarrollo de la patria libre\u201d .\u201cLas puertas Inces y alcald\u00eda est\u00e1n abiertas, gracias a este gran convenio y uni\u00f3n que va a dar excelentes resultados, este es el gran comienzo de muchos m\u00e1s proyectos entre las dos instituciones en beneficio de la juventud productiva del estado T\u00e1chira\u201d <\/span><\/p>\n<p class=\"western\" style=\"text-align: justify;\">\n <\/p>\n<p class=\"western\" style=\"text-align: justify;\"><span style=\"font-family: Arial,sans-serif;\">Ysis Delgado.<\/span><\/p>\n<p class=\"western\" style=\"text-align: justify;\"><span style=\"font-family: Arial,sans-serif;\">Periodista Inces <\/span><\/p>\n<p class=\"western\">\n <\/p>\n<p class=\"western\">\n <\/p>\n","protected":false},"excerpt":{"rendered":"<p>** La fuerza campesina al frente<\/p>\n","protected":false},"author":15,"featured_media":13429,"comment_status":"closed","ping_status":"closed","sticky":false,"template":"","format":"aside","meta":{"footnotes":""},"categories":[2],"tags":[],"class_list":["post-13428","post","type-post","status-publish","format-aside","has-post-thumbnail","hentry","category-blog","post_format-post-format-aside"],"_links":{"self":[{"href":"https:\/\/inces.gob.ve\/index.php\/wp-json\/wp\/v2\/posts\/13428","targetHints":{"allow":["GET"]}}],"collection":[{"href":"https:\/\/inces.gob.ve\/index.php\/wp-json\/wp\/v2\/posts"}],"about":[{"href":"https:\/\/inces.gob.ve\/index.php\/wp-json\/wp\/v2\/types\/post"}],"author":[{"embeddable":true,"href":"https:\/\/inces.gob.ve\/index.php\/wp-json\/wp\/v2\/users\/15"}],"replies":[{"embeddable":true,"href":"https:\/\/inces.gob.ve\/index.php\/wp-json\/wp\/v2\/comments?post=13428"}],"version-history":[{"count":1,"href":"https:\/\/inces.gob.ve\/index.php\/wp-json\/wp\/v2\/posts\/13428\/revisions"}],"predecessor-version":[{"id":34945,"href":"https:\/\/inces.gob.ve\/index.php\/wp-json\/wp\/v2\/posts\/13428\/revisions\/34945"}],"wp:featuredmedia":[{"embeddable":true,"href":"https:\/\/inces.gob.ve\/index.php\/wp-json\/"}],"wp:attachment":[{"href":"https:\/\/inces.gob.ve\/index.php\/wp-json\/wp\/v2\/media?parent=13428"}],"wp:term":[{"taxonomy":"category","embeddable":true,"href":"https:\/\/inces.gob.ve\/index.php\/wp-json\/wp\/v2\/categories?post=13428"},{"taxonomy":"post_tag","embeddable":true,"href":"https:\/\/inces.gob.ve\/index.php\/wp-json\/wp\/v2\/tags?post=13428"}],"curies":[{"name":"wp","href":"https:\/\/api.w.org\/{rel}","templated":true}]}}