{"id":13445,"date":"2018-03-20T11:20:54","date_gmt":"2018-03-20T17:20:54","guid":{"rendered":"http:\/\/www.inces.gob.ve\/?p=13445"},"modified":"2020-05-28T20:32:52","modified_gmt":"2020-05-29T00:32:52","slug":"larenses-aprenden-elaborar-distintas-prendas-vestir-la-confeccion-artesanal","status":"publish","type":"post","link":"https:\/\/inces.gob.ve\/index.php\/2018\/03\/20\/larenses-aprenden-elaborar-distintas-prendas-vestir-la-confeccion-artesanal\/","title":{"rendered":"Larenses aprenden a elaborar distintas prendas de vestir con la Confecci\u00f3n Artesanal"},"content":{"rendered":"<p class=\"western\" style=\"text-align: justify;\" align=\"justify\"><span style=\"font-family: arial,helvetica,sans-serif;\"><span style=\"color: #222222;\"><span style=\"font-size: large;\">*<\/span><\/span><span style=\"color: #222222;\"><span style=\"font-size: large;\"><i><b>* Con el apoyo formativo que le brinda el Inces un grupo de 50 mujeres productivas del municipio Crespo en el estado Lara aprenden a dise\u00f1ar y cortar ropa para adultos, ni\u00f1os, p y uniformes escolares<\/b><\/i><\/span><\/span><\/span><\/p>\n<p align=\"justify\">\u00a0<\/p>\n<p class=\"western\" style=\"text-align: justify;\" align=\"justify\"><!--more--><\/p>\n<p>&nbsp;<\/p>\n<p class=\"western\" style=\"text-align: justify;\"><span style=\"color: #222222;\"><span style=\"font-family: Times New Roman,serif;\"><span style=\"font-size: large;\"><b>Prensa Inces Lara.<\/b><\/span><\/span><\/span><span style=\"color: #222222;\"><span style=\"font-family: Times New Roman,serif;\"><span style=\"font-size: large;\"><b>&#8211;<\/b><\/span><\/span><\/span> <span style=\"font-family: Arial,sans-serif;\">Comprometidas con impulsar el Motor Textil en el pa\u00eds un grupo de 50 mujeres productivas provenientes de colectivos sociales, culturales y del Poder Popular del municipio Crespo, en el estado Lara, se forman con el Inces en el mundo del dise\u00f1o y la confecci\u00f3n artesanal. <\/span><\/p>\n<p class=\"western\" style=\"text-align: justify;\"><span style=\"font-family: Arial,sans-serif;\">La experiencia formativa se realiza en la Casa de la Cultura de Duaca, al norte de Barquisimeto. All\u00ed de lunes a viernes las participantes aprenden y comparten saberes en Corte y la Costura con dise\u00f1os artesanales para la producci\u00f3n de prendas de vestir para damas, caballeros, ni\u00f1os y uniformes escolares.<img loading=\"lazy\" decoding=\"async\" class=\"size-full wp-image-13447 aligncenter\" src=\"http:\/\/www.inces.gob.ve\/wp-content\/uploads\/2018\/03\/1mujeres-productivas.jpg\" alt=\"\" width=\"850\" height=\"510\" \/><\/span><\/p>\n<p class=\"western\" style=\"text-align: justify;\"><span style=\"font-family: Arial,sans-serif;\">La promotora t\u00e9cnico productiva (PTP) Carmen Carillo facilita el curso de Elaboraci\u00f3n de Patrones de Base para el corte y la costura con dise\u00f1os artesanales, en donde las participantes plasman sus ideas acerca del mundo de la moda que garantice su estabilidad econ\u00f3mica y producci\u00f3n de prendas de vestir a buenos precios para las comunidades.<\/span><\/p>\n<p class=\"western\" style=\"text-align: justify;\"><span style=\"font-family: Arial,sans-serif;\">Un ejemplo en el aprendizaje que obtienen las emprendedoras en el curso es la confecci\u00f3n de uniformes escolares que garantizan futuro para los ni\u00f1os, destac\u00f3 la coordinadora del Centro de Formaci\u00f3n Socialista (CFS) Las Mar\u00edas del Inces en Crespo.<\/span><\/p>\n<p class=\"western\" style=\"text-align: justify;\"><span style=\"font-family: Arial,sans-serif;\">Pero no s\u00f3lo de costura aprenden las 50 mujeres productivas, porque con el taller de proyectos socio productivos que dicta la promotora CFS, Gregoria Alvarado, aprenden a desarrollar emprendimientos productivos que les permiten optar a cr\u00e9ditos, otorgados por la banca p\u00fablica. <\/span><\/p>\n<p class=\"western\" style=\"text-align: justify;\"><span style=\"font-family: Arial,sans-serif;\">Coromoto Alvarado, es una de las integrantes de los dos cursos facilitados por el Inces en el municipio Crespo, porque est\u00e1 convencida de que el poder para salir de la guerra econ\u00f3mica est\u00e1 en manos del pueblo. La ruta para acabar con todo tipo de pobreza extrema es la del estudio y el trabajo.<\/span><\/p>\n<p class=\"western\" style=\"text-align: justify;\"><span style=\"font-family: Arial,sans-serif;\">GAUDY L\u00d3PEZ<\/span><\/p>\n","protected":false},"excerpt":{"rendered":"<p>** Con el apoyo formativo que le brinda el Inces un grupo de 50 mujeres productivas del municipio Crespo en el estado Lara aprenden a dise\u00f1ar y cortar ropa para adultos, ni\u00f1os, p y uniformes escolares \u00a0<\/p>\n","protected":false},"author":15,"featured_media":13446,"comment_status":"closed","ping_status":"closed","sticky":false,"template":"","format":"aside","meta":{"footnotes":""},"categories":[2],"tags":[],"class_list":["post-13445","post","type-post","status-publish","format-aside","has-post-thumbnail","hentry","category-blog","post_format-post-format-aside"],"_links":{"self":[{"href":"https:\/\/inces.gob.ve\/index.php\/wp-json\/wp\/v2\/posts\/13445","targetHints":{"allow":["GET"]}}],"collection":[{"href":"https:\/\/inces.gob.ve\/index.php\/wp-json\/wp\/v2\/posts"}],"about":[{"href":"https:\/\/inces.gob.ve\/index.php\/wp-json\/wp\/v2\/types\/post"}],"author":[{"embeddable":true,"href":"https:\/\/inces.gob.ve\/index.php\/wp-json\/wp\/v2\/users\/15"}],"replies":[{"embeddable":true,"href":"https:\/\/inces.gob.ve\/index.php\/wp-json\/wp\/v2\/comments?post=13445"}],"version-history":[{"count":1,"href":"https:\/\/inces.gob.ve\/index.php\/wp-json\/wp\/v2\/posts\/13445\/revisions"}],"predecessor-version":[{"id":34942,"href":"https:\/\/inces.gob.ve\/index.php\/wp-json\/wp\/v2\/posts\/13445\/revisions\/34942"}],"wp:featuredmedia":[{"embeddable":true,"href":"https:\/\/inces.gob.ve\/index.php\/wp-json\/"}],"wp:attachment":[{"href":"https:\/\/inces.gob.ve\/index.php\/wp-json\/wp\/v2\/media?parent=13445"}],"wp:term":[{"taxonomy":"category","embeddable":true,"href":"https:\/\/inces.gob.ve\/index.php\/wp-json\/wp\/v2\/categories?post=13445"},{"taxonomy":"post_tag","embeddable":true,"href":"https:\/\/inces.gob.ve\/index.php\/wp-json\/wp\/v2\/tags?post=13445"}],"curies":[{"name":"wp","href":"https:\/\/api.w.org\/{rel}","templated":true}]}}