{"id":13456,"date":"2018-03-20T12:03:42","date_gmt":"2018-03-20T18:03:42","guid":{"rendered":"http:\/\/www.inces.gob.ve\/?p=13456"},"modified":"2020-05-28T20:32:52","modified_gmt":"2020-05-29T00:32:52","slug":"angel-vtv-plan-chamba-juvenil-reto-los-jovenes-venezolanos","status":"publish","type":"post","link":"https:\/\/inces.gob.ve\/index.php\/2018\/03\/20\/angel-vtv-plan-chamba-juvenil-reto-los-jovenes-venezolanos\/","title":{"rendered":"Angel en VTV: \u201cEl Plan Chamba Juvenil es un reto para los j\u00f3venes venezolanos\u201d"},"content":{"rendered":"<p style=\"text-align: justify;\" align=\"justify\"><em><span style=\"font-family: Arial,sans-serif;\"><strong>**El presidente del Inces Wuikelman Angel estuvo como entrevistado en el programa En Tres y Dos; un programa televisivo que conduce el periodista Julio Riob\u00f3 por Venezolana de Televisi\u00f3n. Durante la conversaci\u00f3n Angel destac\u00f3 el nuevo llamado del presidente Nicol\u00e1s Maduro para que un mill\u00f3n de j\u00f3venes se incorporen al Plan Chamba Juvenil.<\/strong> <\/span><\/em><\/p>\n<p style=\"text-align: justify;\" align=\"justify\"><!--more--><\/p>\n<p align=\"justify\">\u00a0<\/p>\n<p style=\"text-align: justify;\" align=\"justify\"><span style=\"font-family: Arial,sans-serif;\">Prensa Inces sede.-Durante la entrevista Angel afirm\u00f3 que la meta del Inces, para lograr ese mill\u00f3n de incorporados a esta iniciativa gubernamental para el trabajo que pide el presidente Maduro es de 250 mil j\u00f3venes, representando una cuarta parte del Plan, \u201cpues la juventud siempre ha puesto su talento para superar los momentos dif\u00edciles que como pueblo y sociedad vamos a superar\u201d. <\/span><\/p>\n<p align=\"justify\">\u00a0<\/p>\n<p style=\"text-align: justify;\" align=\"justify\"><span style=\"font-family: Arial,sans-serif;\">El titular del Inces dijo que Chamba Juvenil es una extraordinaria pol\u00edtica del presidente Nicol\u00e1s Maduro como respuesta destinada a los j\u00f3venes para superar las dificultades del pa\u00eds con acciones positivas de trabajo y de esfuerzo, emprendidas por una juventud que asume retos de compromiso frente a esos llamados a la violencia que recurrentemente realizan los l\u00edderes de la oposici\u00f3n. <\/span><\/p>\n<p align=\"justify\">\u00a0<\/p>\n<p style=\"text-align: justify;\" align=\"justify\">\u201c<span style=\"font-family: Arial,sans-serif;\">En ese objetivo, el presidente Maduro visibiliz\u00f3 al aprendiz Inces como figura emblem\u00e1tica de formaci\u00f3n y de trabajo, como el compromiso de un segmento importante de la poblaci\u00f3n que no atiende esos llamados y mensajes que se difunden regularmente en los medios de comunicaci\u00f3n que instan a la juventud a abandonar al pa\u00eds\u201d, dijo. <\/span><\/p>\n<p align=\"justify\">\u00a0<\/p>\n<p style=\"text-align: justify;\" align=\"justify\"><span style=\"font-family: Arial,sans-serif;\">De esa manera, \u201cel Plan Chamba Juvenil es un reto hecho a los j\u00f3venes venezolanos para que se incorporen al trabajo productivo\u201d, expres\u00f3 Angel. <\/span><\/p>\n<p align=\"justify\">\u00a0<\/p>\n<p style=\"text-align: justify;\" align=\"justify\"><span style=\"font-family: Arial,sans-serif;\">Asimismo, destac\u00f3 que, precisamente, la juventud venezolana ha acudido a la p\u00e1gina de Minjuventud para inscribirse en esta iniciativa gubernamental que ya est\u00e1 cerca de los 879 mil inscritos, de los cuales 153 mil j\u00f3venes han expresado formar parte de ser aprendices Inces. <\/span><\/p>\n<p align=\"justify\">\u00a0<\/p>\n<p style=\"text-align: justify;\" align=\"justify\">\u201c<span style=\"font-family: Arial,sans-serif;\">En este momento 61 mil 200 aprendices forman parte de la n\u00f3mina de algunas empresas p\u00fablicas, con una cifra de casi 50 mil j\u00f3venes en proceso administrativo de ser incorporados como aprendices\u201d, detall\u00f3 el titular del Inces. <\/span><\/p>\n<p align=\"justify\">\u00a0<\/p>\n<p style=\"text-align: justify;\" align=\"justify\"><span style=\"font-family: Arial,sans-serif;\">En este momento, entre contratados y formados por las entidades de trabajo hay 61 mil 200 aprendices y, adem\u00e1s, en proceso de incorporaci\u00f3n, hay 115 mil, pero para llegar a la cifra de 250 mil aprendices hay un desaf\u00edo, del cual el Inces cuenta con el apoyo del propio Presidente para alcanzar el objetivo, pues el 15 de abril es la fecha tope para alcanzar la meta de un mill\u00f3n de muchachos al Plan Chamba Juvenil.<\/span><\/p>\n<p align=\"justify\">\u00a0<\/p>\n<p style=\"text-align: justify;\" align=\"justify\"><strong><span style=\"font-family: Arial,sans-serif;\">La vocer\u00eda del pueblo joven<\/span><\/strong><\/p>\n<p style=\"text-align: justify;\" align=\"justify\"><span style=\"font-family: Arial,sans-serif;\">Angel destac\u00f3 que, en primer lugar, el Plan Chamba Juvenil ha aportado al pa\u00eds la vocer\u00eda del pueblo joven que diariamente lucha por sus metas, adem\u00e1s, \u201cla pasi\u00f3n y el entusiasmo que tiene la juventud frente a los momentos dif\u00edciles que vive el pa\u00eds, porque la juventud tiene y pone el empe\u00f1o y la comprensi\u00f3n por identificar, claramente, qui\u00e9n es el que est\u00e1 poniendo los obst\u00e1culos para que la patria no avance\u201d, enfatiz\u00f3. <\/span><\/p>\n<p align=\"justify\">\u00a0<\/p>\n<p style=\"text-align: justify;\" align=\"justify\"><strong><span style=\"font-family: Arial,sans-serif;\">Proyectos<\/span><\/strong><\/p>\n<p style=\"text-align: justify;\" align=\"justify\"><span style=\"font-family: Arial,sans-serif;\">En cuanto a una pregunta realizada por el periodista de<em> En Tres y Dos,<\/em> Angel respondi\u00f3 que en el Inces hay una serie de proyectos que est\u00e1n orientados en los motores productivos y que, en ese sentido, el presidente Maduro ha dado orientaciones para que el Inces se convierta en el eje central del modelo productivo juvenil industrial, \u201cpara ello el Inces cuenta con una estructura de laboratorios y talleres, adem\u00e1s de los contenidos program\u00e1ticos de m\u00e1s de 214 cursos y m\u00e1s de 800 opciones formativas destinados a las necesidades de formaci\u00f3n del pueblo venezolano, fundamentalmente en las \u00e1reas de los motores agroalimentario, industrial, construcci\u00f3n y turismo, acot\u00f3 Angel. <\/span><\/p>\n<p align=\"justify\">\u00a0<\/p>\n<p style=\"text-align: justify;\" align=\"justify\"><span style=\"font-family: Arial,sans-serif;\">Aunado a lo dicho por el titular del Inces, al Plan Chamba Juvenil se incorpora el emprendimiento juvenil como una iniciativa importante, ya que invita a los j\u00f3venes a conformar proyectos empresariales que van a contar con apoyo financiero gubernamental, en cuyos montos van de 20 a 50 millones de bol\u00edvares por proyecto. <\/span><\/p>\n<p align=\"justify\">\u00a0<\/p>\n<p style=\"text-align: justify;\" align=\"justify\"><span style=\"font-family: Arial,sans-serif;\">Al finalizar la entrevista Angel hizo un exhorto a las empresas p\u00fablicas y privadas, pues hay una obligaci\u00f3n derivada en la Ley con respecto a los componentes de los aprendices que dice que \u201ctoda entidad de trabajo con m\u00e1s de quince trabajadores, deben incorporar y contratar el 3% de la n\u00f3mina a j\u00f3venes en condici\u00f3n de aprendices\u00bb.<\/span><\/p>\n<p style=\"text-align: justify;\" align=\"justify\"><span style=\"font-family: Arial,sans-serif;\"><img loading=\"lazy\" decoding=\"async\" class=\"size-full wp-image-13465 aligncenter\" src=\"http:\/\/www.inces.gob.ve\/wp-content\/uploads\/2018\/03\/2-El-Plan-Chamba-Juvenil-.png\" alt=\"\" width=\"850\" height=\"589\" \/><\/span><\/p>\n<p style=\"text-align: justify;\" align=\"justify\"><span style=\"font-family: Arial,sans-serif;\">Los aprendices son j\u00f3venes entre 14 y 18 a\u00f1os de edad, que por Ley deben ser contratados por las entidades de trabajo con remuneraci\u00f3n completa y todas las garant\u00edas laborales contractuales.<\/span><\/p>\n<p style=\"text-align: justify;\" align=\"justify\"><strong><span style=\"font-family: Arial,sans-serif;\">Freddy Mart\u00ednez<\/span><\/strong><\/p>\n","protected":false},"excerpt":{"rendered":"<p>**El presidente del Inces Wuikelman Angel estuvo como entrevistado en el programa En Tres y Dos; un programa televisivo que conduce el periodista Julio Riob\u00f3 por Venezolana de Televisi\u00f3n. Durante la conversaci\u00f3n Angel destac\u00f3 el nuevo llamado del presidente Nicol\u00e1s Maduro para que un mill\u00f3n de j\u00f3venes se incorporen al Plan Chamba Juvenil.<\/p>\n","protected":false},"author":15,"featured_media":13467,"comment_status":"closed","ping_status":"closed","sticky":false,"template":"","format":"aside","meta":{"footnotes":""},"categories":[2],"tags":[],"class_list":["post-13456","post","type-post","status-publish","format-aside","has-post-thumbnail","hentry","category-blog","post_format-post-format-aside"],"_links":{"self":[{"href":"https:\/\/inces.gob.ve\/index.php\/wp-json\/wp\/v2\/posts\/13456","targetHints":{"allow":["GET"]}}],"collection":[{"href":"https:\/\/inces.gob.ve\/index.php\/wp-json\/wp\/v2\/posts"}],"about":[{"href":"https:\/\/inces.gob.ve\/index.php\/wp-json\/wp\/v2\/types\/post"}],"author":[{"embeddable":true,"href":"https:\/\/inces.gob.ve\/index.php\/wp-json\/wp\/v2\/users\/15"}],"replies":[{"embeddable":true,"href":"https:\/\/inces.gob.ve\/index.php\/wp-json\/wp\/v2\/comments?post=13456"}],"version-history":[{"count":1,"href":"https:\/\/inces.gob.ve\/index.php\/wp-json\/wp\/v2\/posts\/13456\/revisions"}],"predecessor-version":[{"id":34940,"href":"https:\/\/inces.gob.ve\/index.php\/wp-json\/wp\/v2\/posts\/13456\/revisions\/34940"}],"wp:featuredmedia":[{"embeddable":true,"href":"https:\/\/inces.gob.ve\/index.php\/wp-json\/"}],"wp:attachment":[{"href":"https:\/\/inces.gob.ve\/index.php\/wp-json\/wp\/v2\/media?parent=13456"}],"wp:term":[{"taxonomy":"category","embeddable":true,"href":"https:\/\/inces.gob.ve\/index.php\/wp-json\/wp\/v2\/categories?post=13456"},{"taxonomy":"post_tag","embeddable":true,"href":"https:\/\/inces.gob.ve\/index.php\/wp-json\/wp\/v2\/tags?post=13456"}],"curies":[{"name":"wp","href":"https:\/\/api.w.org\/{rel}","templated":true}]}}