{"id":13554,"date":"2018-03-22T13:29:44","date_gmt":"2018-03-22T19:29:44","guid":{"rendered":"http:\/\/www.inces.gob.ve\/?p=13554"},"modified":"2020-05-28T20:32:51","modified_gmt":"2020-05-29T00:32:51","slug":"somos-aprendices-una-nueva-esperanza-futuro","status":"publish","type":"post","link":"https:\/\/inces.gob.ve\/index.php\/2018\/03\/22\/somos-aprendices-una-nueva-esperanza-futuro\/","title":{"rendered":"Somos Aprendices como una nueva esperanza de futuro"},"content":{"rendered":"<p style=\"text-align: justify;\" align=\"justify\"><em><strong>** Un\u00e1nime el planteamiento de que el presidente Maduro es el l\u00edder nacional que mayor visibilidad ofrece a las nuevas generaciones<\/strong><\/em><\/p>\n<p align=\"justify\">\u00a0<\/p>\n<p style=\"text-align: justify;\" align=\"justify\"><!--more--><\/p>\n<p align=\"justify\">\u00a0<\/p>\n<p style=\"text-align: justify;\" align=\"justify\"><strong>Prensa Inces sede.-<\/strong> Un programa radial altamente participativo fue el llevado a cabo este jueves 22 de marzo con interacciones que obedecieron a dos actividades puntuales. En primer t\u00e9rmino a la celebraci\u00f3n este fin de semana del Encuentro del Movimiento Nacional Somos Aprendices, celebrado en Caracas y por otra parte la movilizaci\u00f3n y tuitazo que en diversas regiones del pa\u00eds organizaron los j\u00f3venes del Inces en apoyo a la gesti\u00f3n gubernamental del presidente Nicol\u00e1s Maduro de inclusi\u00f3n, participaci\u00f3n y apoyo a la juventud venezolana.<\/p>\n<p align=\"justify\">\u00a0<\/p>\n<p style=\"text-align: justify;\" align=\"justify\">Sirvieron las ondas hertzianas para indagar sobre lo acontecido en Caricuao donde adem\u00e1s ocurri\u00f3 la votaci\u00f3n, elecci\u00f3n y juramentaci\u00f3n del Secretariado Nacional del movimiento llamado a transformar de forma radical la formaci\u00f3n y el trabajo de j\u00f3venes; con el apoyo del Instituto Nacional de Capacitaci\u00f3n y Educaci\u00f3n Socialista (Inces) para que este pujante sector social se constituya en un conglomerado solidario con un perfil humanista.<\/p>\n<p align=\"justify\">\u00a0<\/p>\n<p style=\"text-align: justify;\" align=\"justify\">La totalidad de los aprendices seleccionados para el Secretariado Nacional intervinieron en el espacio, comenzando con Junior Cabritas (Trujillo), quien estuvo invitado al estudio de Radio Miraflores y fue electo como vocero principal del \u00e1rea de Producci\u00f3n e Innovaci\u00f3n. Dijo Junior que se hallan en la mejor disposici\u00f3n de captar los proyectos que provengan del universo del movimiento, para canalizarlos y lograr convertirlos en emprendimientos productivos.<\/p>\n<p align=\"justify\"><img loading=\"lazy\" decoding=\"async\" class=\"aligncenter wp-image-13557 \" src=\"http:\/\/www.inces.gob.ve\/wp-content\/uploads\/2018\/03\/WhatsApp-Image-2018-03-22-at-10.57.22.jpeg\" alt=\"\" width=\"557\" height=\"418\" \/>\u00a0<\/p>\n<p style=\"text-align: justify;\" align=\"justify\">Rafael Sivira del Distrito Capital, y electo como representante de la mesa de Movilizaci\u00f3n, v\u00eda contacto telef\u00f3nico habl\u00f3 de la necesidad de reivindicar los derechos de los aprendices e incorporarlos masivamente a esta \u201cgratificante\u201d formaci\u00f3n Inces que paralelamente los ayuda a fortalecer sus incipientes liderazgos.<\/p>\n<p align=\"justify\">\u00a0<\/p>\n<p style=\"text-align: justify;\" align=\"justify\">Desde las monta\u00f1as del T\u00e1chira se expres\u00f3 Ivana Uzc\u00e1tegui (Comunicaci\u00f3n) para quien es fundamental dar a conocer la estructura reci\u00e9n creada, insuflar de \u00e1nimo a los aprendices, y potenciales aprendices, para que con una actitud positiva se convenzan de no abandonar el pa\u00eds.<\/p>\n<p align=\"justify\">\u00a0<\/p>\n<p style=\"text-align: justify;\" align=\"justify\">A este \u00faltimo comentario el presidente del instituto y moderador del espacio radial intervino: \u201c yo siento gran admiraci\u00f3n por esos j\u00f3venes que a tan pronta edad manifiestan tanta claridad pol\u00edtica y a la vez son unos convencidos de que las soluciones a los problemas del pa\u00eds pasan por quedarse y luchar por \u00e9l\u201d.<\/p>\n<p align=\"justify\">\u00a0<\/p>\n<p style=\"text-align: justify;\" align=\"justify\">En este mismo tenor intervinieron el resto de los n\u00f3veles componentes del Secretariado: Isani Su\u00e1rez (Carabobo); Nacar\u00ed Medina y Ronald Ojeda (Anzo\u00e1tegui) y Wuikelman Lizarazo de Falc\u00f3n, quien en el lugar pol\u00edtico obtenido como Defensa del Joven Trabajador, abog\u00f3 por propagar los derechos de los aprendices y elevar el rango de edad para su inserci\u00f3n al Programa Nacional de Aprendizaje, es decir, aceptarlos ahora m\u00e1s all\u00e1 de los 18 a\u00f1os y hasta los 25.<\/p>\n<p align=\"justify\"><img loading=\"lazy\" decoding=\"async\" class=\"size-full wp-image-13558 aligncenter\" src=\"http:\/\/www.inces.gob.ve\/wp-content\/uploads\/2018\/03\/WhatsApp-Image-2018-03-22-at-10.57.10.jpeg\" alt=\"\" width=\"1040\" height=\"780\" \/><\/p>\n<p style=\"text-align: justify;\" align=\"justify\">En definitiva, se rubric\u00f3 en esta edici\u00f3n de \u201cSomos Inces\u201d la necesidad de generar oportunidades laborales y participativas para que los j\u00f3venes puedan formular proyectos de vida, construyendo conocimientos y pol\u00edticas p\u00fablicas dirigidas a su entorno generacional, dentro de un fortalecimiento organizativo que desencadene en la inclusi\u00f3n de sangre joven, en proyectos claves para la transformaci\u00f3n social.<\/p>\n<p align=\"justify\">\u00a0<\/p>\n<p style=\"text-align: justify;\" align=\"justify\"><strong>Tuitazo<\/strong><\/p>\n<p style=\"text-align: justify;\" align=\"justify\">El otro tema tratado con multiplicidad de intervenciones grabadas y en vivo desde los diversos lugares de los acontecimientos fue el referente al Tuitazo nacional que se replic\u00f3 en distintas ciudades del pa\u00eds y que tuvo como objeto demostrar a Venezuela y el mundo que los j\u00f3venes aprendices est\u00e1n con las pol\u00edticas participativas hacia la sabia joven, en apoyo a la paz social y en reconocimiento al Presidente de la Rep\u00fablica como el gran visibilizador de las generaciones emergentes que pujan por igualdad, solidaridad, calidad educativa y oportunidades diversas para aportar, cada quien desde su trinchera, a una autoproducci\u00f3n que permita la erradicaci\u00f3n del rentismo petrolero y la renovaci\u00f3n del aparato econ\u00f3mico nacional.<\/p>\n<p align=\"justify\">\u00a0<\/p>\n<p style=\"text-align: justify;\" align=\"justify\">Finalizamos esta entrega con la felicitaci\u00f3n al equipo de producci\u00f3n de Somos Inces por estructurar un programa abiertamente participativo favorecedor de la juventud, con el cual se plantea, como dijera en el espacio Wuikelman Angel, la conformaci\u00f3n de una extraordinaria plataforma que es el Movimiento Somos Aprendices, llamados a sembrar en nuestra consciencia la m\u00e1s bella de las virtudes: la esperanza.<\/p>\n<p align=\"justify\">\u00a0<\/p>\n<p style=\"text-align: justify;\" align=\"justify\"><strong>T\/ Ivaldo Rodr\u00edguez<\/strong><\/p>\n","protected":false},"excerpt":{"rendered":"<p>** Un\u00e1nime el planteamiento de que el presidente Maduro es el l\u00edder nacional que mayor visibilidad ofrece a las nuevas generaciones \u00a0<\/p>\n","protected":false},"author":4,"featured_media":13556,"comment_status":"closed","ping_status":"closed","sticky":false,"template":"","format":"aside","meta":{"footnotes":""},"categories":[2],"tags":[],"class_list":["post-13554","post","type-post","status-publish","format-aside","has-post-thumbnail","hentry","category-blog","post_format-post-format-aside"],"_links":{"self":[{"href":"https:\/\/inces.gob.ve\/index.php\/wp-json\/wp\/v2\/posts\/13554","targetHints":{"allow":["GET"]}}],"collection":[{"href":"https:\/\/inces.gob.ve\/index.php\/wp-json\/wp\/v2\/posts"}],"about":[{"href":"https:\/\/inces.gob.ve\/index.php\/wp-json\/wp\/v2\/types\/post"}],"author":[{"embeddable":true,"href":"https:\/\/inces.gob.ve\/index.php\/wp-json\/wp\/v2\/users\/4"}],"replies":[{"embeddable":true,"href":"https:\/\/inces.gob.ve\/index.php\/wp-json\/wp\/v2\/comments?post=13554"}],"version-history":[{"count":1,"href":"https:\/\/inces.gob.ve\/index.php\/wp-json\/wp\/v2\/posts\/13554\/revisions"}],"predecessor-version":[{"id":34926,"href":"https:\/\/inces.gob.ve\/index.php\/wp-json\/wp\/v2\/posts\/13554\/revisions\/34926"}],"wp:featuredmedia":[{"embeddable":true,"href":"https:\/\/inces.gob.ve\/index.php\/wp-json\/"}],"wp:attachment":[{"href":"https:\/\/inces.gob.ve\/index.php\/wp-json\/wp\/v2\/media?parent=13554"}],"wp:term":[{"taxonomy":"category","embeddable":true,"href":"https:\/\/inces.gob.ve\/index.php\/wp-json\/wp\/v2\/categories?post=13554"},{"taxonomy":"post_tag","embeddable":true,"href":"https:\/\/inces.gob.ve\/index.php\/wp-json\/wp\/v2\/tags?post=13554"}],"curies":[{"name":"wp","href":"https:\/\/api.w.org\/{rel}","templated":true}]}}