{"id":13599,"date":"2018-03-23T09:32:09","date_gmt":"2018-03-23T15:32:09","guid":{"rendered":"http:\/\/www.inces.gob.ve\/?p=13599"},"modified":"2020-05-28T20:32:50","modified_gmt":"2020-05-29T00:32:50","slug":"aprendices-sucre-muestran-la-alegria-juventud-inces","status":"publish","type":"post","link":"https:\/\/inces.gob.ve\/index.php\/2018\/03\/23\/aprendices-sucre-muestran-la-alegria-juventud-inces\/","title":{"rendered":"Aprendices de Sucre muestran  la alegr\u00eda de ser Juventud Inces"},"content":{"rendered":"<p style=\"text-align: justify;\" align=\"justify\"><span style=\"font-family: Arial,sans-serif;\"><i><b>** En pleno centro de Cuman\u00e1, desde muy temprano, acudieron tambi\u00e9n vecinos que, desde el punto y c\u00edrculo, hacen vida en la instituci\u00f3n.<\/b><\/i><\/span><\/p>\n<p align=\"justify\">\u00a0<\/p>\n<p style=\"text-align: justify;\" align=\"justify\"><!--more--><\/p>\n<p align=\"justify\">\u00a0<\/p>\n<p style=\"text-align: justify;\" align=\"justify\"><span style=\"font-family: Arial,sans-serif;\"><b>Prensa Inces (Sucre).-<\/b> Llenos de la alegr\u00eda caracter\u00edstica de los a\u00f1os mozos la Juventud Inces, Programa Nacional de Aprendices, el Movimiento Somos Inces, coordinadores, trabajadores, y vecinos de la instituci\u00f3n,se unieron en el tuitazo del Instituto Nacional de Capacitaci\u00f3n y Educaci\u00f3n Socialista (Inces), en Cuman\u00e1, estado Sucre, tomando pleno centro de la ciudad para decir con orgullo sucrista #YoS\u00ed.<img loading=\"lazy\" decoding=\"async\" class=\"size-full wp-image-13600 aligncenter\" src=\"http:\/\/www.inces.gob.ve\/wp-content\/uploads\/2018\/03\/5Programa-Nacional-Aprendices.jpg\" alt=\"\" width=\"850\" height=\"638\" \/><\/span><\/p>\n<p style=\"text-align: justify;\" align=\"justify\"><span style=\"font-family: Arial,sans-serif;\">A la actividad, convocada para la plaza Miranda, espacio emblem\u00e1tico de la revoluci\u00f3n en la ciudad sultana del R\u00edo Manzanares, se sumaron desde la ma\u00f1ana vecinos de algunas comunidades que, desde el punto y c\u00edrculo, hacen vida en la instituci\u00f3n.<\/span><\/p>\n<p style=\"text-align: justify;\" align=\"justify\"><img loading=\"lazy\" decoding=\"async\" class=\"size-full wp-image-13601 aligncenter\" src=\"http:\/\/www.inces.gob.ve\/wp-content\/uploads\/2018\/03\/4-Programa-Nacional-Aprendices.jpg\" alt=\"\" width=\"850\" height=\"638\" \/><\/p>\n<p style=\"text-align: justify;\" align=\"justify\"><span style=\"font-family: Arial,sans-serif;\">La gerente regional de Inces Sucre, Audin Navarro, dando el ejemplo, apoy\u00f3 en todo a los j\u00f3venes que con sus cantos y entusiasmo dieron razones y argumentos verdaderos a los transe\u00fantes del por qu\u00e9 est\u00e1n identificados con la revoluci\u00f3n, el socialismo y porque apoyan al presidente obrero Nicol\u00e1s Maduro Moros.<\/span><\/p>\n<p style=\"text-align: justify;\" align=\"justify\"><img loading=\"lazy\" decoding=\"async\" class=\"size-full wp-image-13602 aligncenter\" src=\"http:\/\/www.inces.gob.ve\/wp-content\/uploads\/2018\/03\/3-Programa-Nacional-Aprendices.jpg\" alt=\"\" width=\"850\" height=\"638\" \/><\/p>\n<p style=\"text-align: justify;\" align=\"justify\"><span style=\"font-family: Arial,sans-serif;\">En la actividad estuvieron presentes integrantes de los centros de formaci\u00f3n socialista Construcci\u00f3n de Brasil, Industrial de Bolivariano y Comercio de la Parroquia Valent\u00edn Valiente. Todo comenz\u00f3 desde la sede de la gerencia regional moviliz\u00e1ndose luego por la avenida Gran Mariscal hasta llegar a la plaza Miranda, donde se desarroll\u00f3 el tuitazo con pancartazo y mucha alegr\u00eda juvenil. <img loading=\"lazy\" decoding=\"async\" class=\"size-full wp-image-13603 aligncenter\" src=\"http:\/\/www.inces.gob.ve\/wp-content\/uploads\/2018\/03\/2-Programa-Nacional-Aprendices.jpg\" alt=\"\" width=\"850\" height=\"638\" \/><\/span><\/p>\n","protected":false},"excerpt":{"rendered":"<p>** En pleno centro de Cuman\u00e1, desde muy temprano, acudieron tambi\u00e9n vecinos que, desde el punto y c\u00edrculo, hacen vida en la instituci\u00f3n. \u00a0<\/p>\n","protected":false},"author":15,"featured_media":13604,"comment_status":"closed","ping_status":"closed","sticky":false,"template":"","format":"aside","meta":{"footnotes":""},"categories":[2],"tags":[],"class_list":["post-13599","post","type-post","status-publish","format-aside","has-post-thumbnail","hentry","category-blog","post_format-post-format-aside"],"_links":{"self":[{"href":"https:\/\/inces.gob.ve\/index.php\/wp-json\/wp\/v2\/posts\/13599","targetHints":{"allow":["GET"]}}],"collection":[{"href":"https:\/\/inces.gob.ve\/index.php\/wp-json\/wp\/v2\/posts"}],"about":[{"href":"https:\/\/inces.gob.ve\/index.php\/wp-json\/wp\/v2\/types\/post"}],"author":[{"embeddable":true,"href":"https:\/\/inces.gob.ve\/index.php\/wp-json\/wp\/v2\/users\/15"}],"replies":[{"embeddable":true,"href":"https:\/\/inces.gob.ve\/index.php\/wp-json\/wp\/v2\/comments?post=13599"}],"version-history":[{"count":1,"href":"https:\/\/inces.gob.ve\/index.php\/wp-json\/wp\/v2\/posts\/13599\/revisions"}],"predecessor-version":[{"id":34919,"href":"https:\/\/inces.gob.ve\/index.php\/wp-json\/wp\/v2\/posts\/13599\/revisions\/34919"}],"wp:featuredmedia":[{"embeddable":true,"href":"https:\/\/inces.gob.ve\/index.php\/wp-json\/"}],"wp:attachment":[{"href":"https:\/\/inces.gob.ve\/index.php\/wp-json\/wp\/v2\/media?parent=13599"}],"wp:term":[{"taxonomy":"category","embeddable":true,"href":"https:\/\/inces.gob.ve\/index.php\/wp-json\/wp\/v2\/categories?post=13599"},{"taxonomy":"post_tag","embeddable":true,"href":"https:\/\/inces.gob.ve\/index.php\/wp-json\/wp\/v2\/tags?post=13599"}],"curies":[{"name":"wp","href":"https:\/\/api.w.org\/{rel}","templated":true}]}}