{"id":13656,"date":"2018-04-03T07:59:42","date_gmt":"2018-04-03T13:59:42","guid":{"rendered":"http:\/\/www.inces.gob.ve\/?p=13656"},"modified":"2020-05-28T20:32:50","modified_gmt":"2020-05-29T00:32:50","slug":"inces-carabobo-participo-la-reactivacion-la-linea-ferroviaria","status":"publish","type":"post","link":"https:\/\/inces.gob.ve\/index.php\/2018\/04\/03\/inces-carabobo-participo-la-reactivacion-la-linea-ferroviaria\/","title":{"rendered":"Inces Carabobo particip\u00f3 en la reactivaci\u00f3n de la l\u00ednea ferroviaria"},"content":{"rendered":"<p style=\"text-align: justify;\" align=\"justify\"><span style=\"font-family: Arial,sans-serif;\"><i><b>** Unos 25 j\u00f3venes del Inces escucharon las indicaciones que ofreci\u00f3 el personal del IFE al momento, durante y despu\u00e9s de abordar el ferrocarril; igualmente aclararon dudas sobre la construcci\u00f3n y manejo del transporte con los operarios ferroviarios<\/b><\/i><\/span><\/p>\n<p align=\"justify\">\u00a0<\/p>\n<p style=\"text-align: justify;\" align=\"justify\"><!--more--><\/p>\n<p align=\"justify\">\u00a0<\/p>\n<p style=\"text-align: justify;\" align=\"justify\"><span style=\"font-family: Arial,sans-serif;\"><b>Prensa Inces Carabobo.- <\/b>Aprendices y Maestros del Instituto Nacional de Capacitaci\u00f3n y Educaci\u00f3n Socialista (Inces) de Carabobo, participaron en la reactivaci\u00f3n de la l\u00ednea ferroviaria del Subsistema Ezequiel Zamora 2, tramo San Diego-La Encrucijada.<\/span><\/p>\n<p style=\"text-align: justify;\" align=\"justify\"><span style=\"font-family: Arial,sans-serif;\">Durante la inspecci\u00f3n de los trabajos en el subsistema, realizaron un recorrido desde InterPuerto hasta Guacara el ministro del Poder Popular para el Transporte, M\/G Carlos Osorio; el gobernador, Rafael Lacava; el presidente del IFE, Hop\u00f3lito Abreu, adem\u00e1s de los j\u00f3venes y mestros t\u00e9cnicos productivos del CFS (centro de formaci\u00f3n socialista) \u201cBicentenario\u201d.<img loading=\"lazy\" decoding=\"async\" class=\"size-full wp-image-13658 aligncenter\" src=\"http:\/\/www.inces.gob.ve\/wp-content\/uploads\/2018\/04\/2-reactivaci\u00f3n-l\u00ednea-ferroviaria-.jpg\" alt=\"\" width=\"850\" height=\"638\" \/><\/span><\/p>\n<p style=\"text-align: justify;\" align=\"justify\"><span style=\"font-family: Arial,sans-serif;\">Unos 25 j\u00f3venes del Inces escucharon las indicaciones que ofreci\u00f3 el personal del IFE al momento, durante y despu\u00e9s de abordar el ferrocarril; igualmente aclararon dudas sobre la construcci\u00f3n y manejo del transporte con los operarios ferroviarios. \u201cEs genial como en un vag\u00f3n pueden entrar 84 personas y que el recorrido sea tan r\u00e1pido desde distancias que en autob\u00fas nos parecen largas\u201d, expres\u00f3 uno de los aprendices del oficio Asistente Administrativo.<\/span><\/p>\n<p style=\"text-align: justify;\" align=\"justify\"><span style=\"font-family: Arial,sans-serif;\">El coordinador docente del CFS, Germ\u00e1n Lovera, se\u00f1al\u00f3 que con la reactivaci\u00f3n de esta l\u00ednea, se pueden generar acuerdos para formar a los j\u00f3venes de Plan Chamba Juvenil y participantes ordinarios en los oficios de operario ferroviario, electricidad de mantenimiento, mec\u00e1nica de mantenimiento, soldadura industrial, herrer\u00eda ferroviaria y t\u00e9cnicas b\u00e1sicas de maquinar\u00eda, entre otros oficios que contribuyan a mejorar la calidad del servicio de transporte para el pueblo.<img loading=\"lazy\" decoding=\"async\" class=\"size-full wp-image-13659 aligncenter\" src=\"http:\/\/www.inces.gob.ve\/wp-content\/uploads\/2018\/04\/1.-reactivaci\u00f3n-l\u00ednea-ferroviaria-.jpg\" alt=\"\" width=\"850\" height=\"638\" \/><\/span><\/p>\n<p style=\"text-align: justify;\" align=\"justify\"><span style=\"font-family: Arial,sans-serif;\">El equipo del IFE inform\u00f3 que este es el t\u00fanel y viaducto m\u00e1s largo de Latinoam\u00e9rica, con una longitud de 7.956, el cual tiene como funci\u00f3n cargar y descargar mercanc\u00eda, as\u00ed como el traslado de pasajeros de un municipio a otro, incluso a otros estados del pa\u00eds. El recorrido se efectu\u00f3 con la finalidad de reactivar la l\u00ednea ferroviaria y combatir el problema de transporte en la entidad, as\u00ed como garantizar el bienestar para el pueblo fiel y cumplir con los objetivos trazados por el Gigante Hugo Ch\u00e1vez.<\/span><\/p>\n<p style=\"text-align: justify;\" align=\"justify\"><span style=\"font-family: Arial,sans-serif;\">T\/ Comunicaciones Inces Carabobo.<\/span><\/p>\n","protected":false},"excerpt":{"rendered":"<p>** Unos 25 j\u00f3venes del Inces escucharon las indicaciones que ofreci\u00f3 el personal del IFE al momento, durante y despu\u00e9s de abordar el ferrocarril; igualmente aclararon dudas sobre la construcci\u00f3n y manejo del transporte con los operarios ferroviarios \u00a0<\/p>\n","protected":false},"author":15,"featured_media":13657,"comment_status":"closed","ping_status":"closed","sticky":false,"template":"","format":"aside","meta":{"footnotes":""},"categories":[2],"tags":[],"class_list":["post-13656","post","type-post","status-publish","format-aside","has-post-thumbnail","hentry","category-blog","post_format-post-format-aside"],"_links":{"self":[{"href":"https:\/\/inces.gob.ve\/index.php\/wp-json\/wp\/v2\/posts\/13656","targetHints":{"allow":["GET"]}}],"collection":[{"href":"https:\/\/inces.gob.ve\/index.php\/wp-json\/wp\/v2\/posts"}],"about":[{"href":"https:\/\/inces.gob.ve\/index.php\/wp-json\/wp\/v2\/types\/post"}],"author":[{"embeddable":true,"href":"https:\/\/inces.gob.ve\/index.php\/wp-json\/wp\/v2\/users\/15"}],"replies":[{"embeddable":true,"href":"https:\/\/inces.gob.ve\/index.php\/wp-json\/wp\/v2\/comments?post=13656"}],"version-history":[{"count":1,"href":"https:\/\/inces.gob.ve\/index.php\/wp-json\/wp\/v2\/posts\/13656\/revisions"}],"predecessor-version":[{"id":34911,"href":"https:\/\/inces.gob.ve\/index.php\/wp-json\/wp\/v2\/posts\/13656\/revisions\/34911"}],"wp:featuredmedia":[{"embeddable":true,"href":"https:\/\/inces.gob.ve\/index.php\/wp-json\/"}],"wp:attachment":[{"href":"https:\/\/inces.gob.ve\/index.php\/wp-json\/wp\/v2\/media?parent=13656"}],"wp:term":[{"taxonomy":"category","embeddable":true,"href":"https:\/\/inces.gob.ve\/index.php\/wp-json\/wp\/v2\/categories?post=13656"},{"taxonomy":"post_tag","embeddable":true,"href":"https:\/\/inces.gob.ve\/index.php\/wp-json\/wp\/v2\/tags?post=13656"}],"curies":[{"name":"wp","href":"https:\/\/api.w.org\/{rel}","templated":true}]}}