{"id":13676,"date":"2018-04-03T08:32:45","date_gmt":"2018-04-03T14:32:45","guid":{"rendered":"http:\/\/www.inces.gob.ve\/?p=13676"},"modified":"2020-05-28T20:32:50","modified_gmt":"2020-05-29T00:32:50","slug":"jovenes-promueven-movimiento-nacional-somos-aprendices","status":"publish","type":"post","link":"https:\/\/inces.gob.ve\/index.php\/2018\/04\/03\/jovenes-promueven-movimiento-nacional-somos-aprendices\/","title":{"rendered":"J\u00f3venes promueven el Movimiento Nacional Somos  Aprendices"},"content":{"rendered":"<p class=\"western\" lang=\"es-ES\" style=\"text-align: justify;\"><span style=\"font-family: Arial,sans-serif;\"><span style=\"font-size: medium;\"><i><b>** Con la etiqueta #YoS\u00ed, la muchachada manifest\u00f3 estar comprometida a impulsar la diversificaci\u00f3n del aparato productivo nacional y regional, porque son los llamados a enfrentar los grandes retos que se avecinan en el pa\u00eds<\/b><\/i><\/span><\/span><\/p>\n<p class=\"western\" lang=\"es-ES\" style=\"text-align: justify;\">\n <!--more--><\/p>\n<p lang=\"es-ES\">\u00a0<\/p>\n<p class=\"western\" lang=\"es-ES\" style=\"text-align: justify;\"><span style=\"font-family: Arial,sans-serif;\"><span style=\"font-size: medium;\"><b>Prensa Inces (Falc\u00f3n).<\/b>&#8211; La juventud emprendedora y aut\u00e9ntica, la generaci\u00f3n de relevo, la generaci\u00f3n de oro del estado Falc\u00f3n tom\u00f3 nuevamente las calles de Coro y Punto Fijo para promover el Movimiento Nacional Somos Aprendices, que recientemente se conform\u00f3 en la ciudad de Caracas y que en la regi\u00f3n cuenta con seis voceros, cinco regionales y un vocero nacional de protecci\u00f3n al joven trabajador.<\/span><\/span><\/p>\n<p class=\"western\" lang=\"es-ES\" style=\"text-align: justify;\">\n <img loading=\"lazy\" decoding=\"async\" class=\"size-full wp-image-13682 aligncenter\" src=\"http:\/\/www.inces.gob.ve\/wp-content\/uploads\/2018\/04\/1-etiqueta-YoS\u00ed.jpg\" alt=\"\" width=\"800\" height=\"533\" \/><\/p>\n<p class=\"western\" lang=\"es-ES\" style=\"text-align: justify;\"><span style=\"font-family: Arial,sans-serif;\"><span style=\"font-size: medium;\">La actividad que se desarroll\u00f3 simult\u00e1neamente desde El Parque \u201cEl Cujizal\u201d en la ciudad de Punto Fijo y en el sector \u201cLos Tres Platos\u201d en Coro estuvo respaldada paralelamente por el segundo Gran Tuitazo Nacional #YoS\u00ed y cont\u00f3 con la presencia de la gerente regional Eneyda Mart\u00ednez Rodr\u00edguez y su equipo de trabajo, integrado por los jefes de Divisiones, Centros de Formaci\u00f3n, Coordinadores de Programas, Unidad de Ingresos Tributarios, Maestros y Promotores T\u00e9cnicos Productivos quienes acompa\u00f1aron a los j\u00f3venes del Programa Nacional de Aprendices, Plan Chamba Juvenil, Participantes e integrantes del Movimiento Nacional Somos Aprendices a levantar la voz y promover este movimiento que nace en defensa de la juventud productiva del pa\u00eds y desde el seno del Instituto Nacional de Capacitaci\u00f3n y Educaci\u00f3n Socialista (Inces).<\/span><\/span><\/p>\n<p class=\"western\" lang=\"es-ES\" style=\"text-align: justify;\">\n <img loading=\"lazy\" decoding=\"async\" class=\"size-full wp-image-13681 aligncenter\" src=\"http:\/\/www.inces.gob.ve\/wp-content\/uploads\/2018\/04\/2-etiqueta-YoS\u00ed.jpg\" alt=\"\" width=\"800\" height=\"614\" \/><\/p>\n<p class=\"western\" lang=\"es-ES\" style=\"text-align: justify;\"><span style=\"font-family: Arial,sans-serif;\"><span style=\"font-size: medium;\">Puntualiz\u00f3, Anthony Sivada Medina que gracias a la oportunidad que les brinda el Gobierno Revolucionario de visibilizar a los aprendices como una figura juvenil, como estudiante y trabajador, son los j\u00f3venes, los llamados a impulsar la diversificaci\u00f3n del aparato productivo nacional \u201ces una tarea de la juventud emprendedora y aut\u00e9ntica, somos la generaci\u00f3n de relevo, de la cual habla nuestro presidente Nicol\u00e1s Maduro y debemos enfrentar los grandes retos que se avecinan en el pa\u00eds\u201d.<\/span><\/span><\/p>\n<p class=\"western\" lang=\"es-ES\" style=\"text-align: justify;\">\n <\/p>\n<p class=\"western\" lang=\"es-ES\" style=\"text-align: justify;\"><span style=\"font-family: Arial,sans-serif;\"><span style=\"font-size: medium;\">Coment\u00f3 Sivada Medina, recientemente elegido como vocero regional de cultura, deporte, recreaci\u00f3n y participaci\u00f3n comunal del movimiento, responsabilidad, que deber\u00e1 desarrollar paralelamente con su proceso formativo como aprendiz en el oficio productivo: Operador de Plantas Petroleras que efect\u00faa gracias a la vinculaci\u00f3n del Inces con Petrocumarebo y al Plan Chamba Juvenil.<img loading=\"lazy\" decoding=\"async\" class=\"size-full wp-image-13680 aligncenter\" src=\"http:\/\/www.inces.gob.ve\/wp-content\/uploads\/2018\/04\/3-etiqueta-YoS\u00ed.jpg\" alt=\"\" width=\"800\" height=\"533\" \/><\/span><\/span><\/p>\n<p class=\"western\" lang=\"es-ES\" style=\"text-align: justify;\">\n <\/p>\n<p class=\"western\" lang=\"es-ES\" style=\"text-align: justify;\"><span style=\"font-family: Arial,sans-serif;\"><span style=\"font-size: medium;\">De igual forma, V\u00edctor Chourio Zavala, se forma en el oficio productivo: Mec\u00e1nica de Refrigeraci\u00f3n y es vocero de comunicaci\u00f3n e informaci\u00f3n del MNSA, resalta sentirse muy agradecido con el presidente Nicol\u00e1s Maduro, por la oportunidad que les ofrece a trav\u00e9s de pol\u00edticas p\u00fablicas educativas de inclusi\u00f3n de poder ejercer un trabajo a temprana edad, \u201csiendo aprendiz, ayudo al sustento familiar, me siento productivo. S<span lang=\"es-ES\">omos la generaci\u00f3n de oro, de la cual habla nuestro presidente y tenemos la responsabilidad de transformar productivamente el pa\u00eds\u201d.<\/span><\/span><\/span><\/p>\n<p class=\"western\" lang=\"es-ES\" style=\"text-align: justify;\"><img loading=\"lazy\" decoding=\"async\" class=\"size-full wp-image-13678 aligncenter\" src=\"http:\/\/www.inces.gob.ve\/wp-content\/uploads\/2018\/04\/6etiqueta-YoS\u00ed.jpg\" alt=\"\" width=\"800\" height=\"464\" \/>\n <\/p>\n<p class=\"western\" lang=\"es-ES\" style=\"text-align: justify;\"><span style=\"font-family: Arial,sans-serif;\"><span style=\"font-size: medium;\">Por su parte Wuikelman Lizarazo, aprendiz del oficio productivo: Electricidad, en la Hidrol\u00f3gica Falconiana \u201cLos M\u00e9danos\u201d (Hidrofalc\u00f3n) y vocero nacional de protecci\u00f3n al joven trabajador del MNSA, manifiesta es una gran responsabilidad el dar a conocer los deberes y derechos de los aprendices en todos los espacios formativos.<\/span><\/span><\/p>\n<p class=\"western\" lang=\"es-ES\" style=\"text-align: justify;\">\n <\/p>\n<p class=\"western\" lang=\"es-ES\" style=\"text-align: justify;\"><span style=\"font-family: Arial,sans-serif;\"><span style=\"font-size: medium;\">Precis\u00f3 el movimiento se est\u00e1 construyendo con buenas bases en todo el pa\u00eds, y coment\u00f3 se est\u00e1n elevando propuestas ante las instancias competentes para que la edad tope del aprendiz que actualmente es hasta los 18 a\u00f1os de edad sea extendida hasta los 25, lo cual de acuerdo a su opini\u00f3n, ser\u00eda una pol\u00edtica de mas inclusi\u00f3n para los j\u00f3venes del pa\u00eds.<\/span><\/span><\/p>\n<p class=\"western\" lang=\"es-ES\" style=\"text-align: justify;\"><img loading=\"lazy\" decoding=\"async\" class=\"alignnone size-full wp-image-13679\" src=\"http:\/\/www.inces.gob.ve\/wp-content\/uploads\/2018\/04\/5etiqueta-YoS\u00ed.jpg\" alt=\"\" width=\"800\" height=\"449\" \/>\n <\/p>\n<p class=\"western\" lang=\"es-ES\" style=\"text-align: justify;\"><span style=\"font-family: Arial,sans-serif;\"><span style=\"font-size: medium;\">Destac\u00f3 Lizarazo, que el proceso formativo que realiza, ha rebasado sus expectativas, \u201cles digo a los j\u00f3venes que acudan al Inces y busquen informaci\u00f3n sobre las formaciones de inclusi\u00f3n que adelanta la instituci\u00f3n, para que se incorporen a la formaci\u00f3n productiva y sean part\u00edcipes de la transformaci\u00f3n del nuevo modelo econ\u00f3mico de nuestro pa\u00eds\u201d.<\/span><\/span><\/p>\n<p class=\"western\" lang=\"es-ES\" style=\"text-align: justify;\">\n <\/p>\n<p class=\"western\" lang=\"es-ES\" style=\"text-align: justify;\"><span style=\"font-family: Arial,sans-serif;\"><span style=\"font-size: medium;\">T\/Miriam Gonz\u00e1lez Villarroel<\/span><\/span><\/p>\n","protected":false},"excerpt":{"rendered":"<p>** Con la etiqueta #YoS\u00ed, la muchachada manifest\u00f3 estar comprometida a impulsar la diversificaci\u00f3n del aparato productivo nacional y regional, porque son los llamados a enfrentar los grandes retos que se avecinan en el pa\u00eds<\/p>\n","protected":false},"author":15,"featured_media":13677,"comment_status":"closed","ping_status":"closed","sticky":false,"template":"","format":"aside","meta":{"footnotes":""},"categories":[2],"tags":[],"class_list":["post-13676","post","type-post","status-publish","format-aside","has-post-thumbnail","hentry","category-blog","post_format-post-format-aside"],"_links":{"self":[{"href":"https:\/\/inces.gob.ve\/index.php\/wp-json\/wp\/v2\/posts\/13676","targetHints":{"allow":["GET"]}}],"collection":[{"href":"https:\/\/inces.gob.ve\/index.php\/wp-json\/wp\/v2\/posts"}],"about":[{"href":"https:\/\/inces.gob.ve\/index.php\/wp-json\/wp\/v2\/types\/post"}],"author":[{"embeddable":true,"href":"https:\/\/inces.gob.ve\/index.php\/wp-json\/wp\/v2\/users\/15"}],"replies":[{"embeddable":true,"href":"https:\/\/inces.gob.ve\/index.php\/wp-json\/wp\/v2\/comments?post=13676"}],"version-history":[{"count":1,"href":"https:\/\/inces.gob.ve\/index.php\/wp-json\/wp\/v2\/posts\/13676\/revisions"}],"predecessor-version":[{"id":34909,"href":"https:\/\/inces.gob.ve\/index.php\/wp-json\/wp\/v2\/posts\/13676\/revisions\/34909"}],"wp:featuredmedia":[{"embeddable":true,"href":"https:\/\/inces.gob.ve\/index.php\/wp-json\/"}],"wp:attachment":[{"href":"https:\/\/inces.gob.ve\/index.php\/wp-json\/wp\/v2\/media?parent=13676"}],"wp:term":[{"taxonomy":"category","embeddable":true,"href":"https:\/\/inces.gob.ve\/index.php\/wp-json\/wp\/v2\/categories?post=13676"},{"taxonomy":"post_tag","embeddable":true,"href":"https:\/\/inces.gob.ve\/index.php\/wp-json\/wp\/v2\/tags?post=13676"}],"curies":[{"name":"wp","href":"https:\/\/api.w.org\/{rel}","templated":true}]}}