{"id":13734,"date":"2018-04-04T09:20:06","date_gmt":"2018-04-04T15:20:06","guid":{"rendered":"http:\/\/www.inces.gob.ve\/?p=13734"},"modified":"2020-05-28T20:33:30","modified_gmt":"2020-05-29T00:33:30","slug":"la-vanguardia-tachira-celebro-juegos-juventud-inces-2018","status":"publish","type":"post","link":"https:\/\/inces.gob.ve\/index.php\/2018\/04\/04\/la-vanguardia-tachira-celebro-juegos-juventud-inces-2018\/","title":{"rendered":"A la vanguardia T\u00e1chira celebr\u00f3 juegos Juventud Inces 2018"},"content":{"rendered":"<p class=\"western\" style=\"text-align: justify;\"><span style=\"font-family: Arial,sans-serif;\"><i><b>** Desde el Instituto Nacional de Capacitaci\u00f3n y Educaci\u00f3n Socialista (INCES) en su centro de formaci\u00f3n socialista \u201cDr. Luis Beltr\u00e1n Prieto Figueroa\u201d se realiz\u00f3 la inauguraci\u00f3n de los juegos Juventud Inces 2018 con los j\u00f3venes de Plan Chamba Juvenil y voceros del Movimiento Somos Aprendices.<\/b><\/i><\/span><\/p>\n<p>&nbsp;<\/p>\n<p class=\"western\" style=\"text-align: justify;\"><!--more--><\/p>\n<p>&nbsp;<\/p>\n<p class=\"western\" style=\"text-align: justify;\"><span style=\"font-family: Arial,sans-serif;\"><b>Prensa Inces <\/b><b>(<\/b><b>Tachira<\/b><b>)<\/b>.-El gerente regional Inces T\u00e1chira, Geovanni Gonz\u00e1lez mencion\u00f3; \u201c en esta actividad nos encontramos contentos disfrutando junto con la juventud Inces la inauguraci\u00f3n de estos juegos para la creaci\u00f3n y el disfrute de nuestros j\u00f3venes aprendices\u201d.<\/span><\/p>\n<p class=\"western\" style=\"text-align: justify;\">\u00a0<\/p>\n<p class=\"western\" style=\"text-align: justify;\">\u201c<span style=\"font-family: Arial,sans-serif;\">Nos sentimos orgullosos y contentos que una de nuestras estudiantes sea vocera a nivel nacional en comunicaci\u00f3n, apostamos todo por la juventud, ellos son el relevo del futuro, la potencia para el desarrollo del pa\u00eds\u201d aseguro Gonz\u00e1lez. <\/span><\/p>\n<p class=\"western\" style=\"text-align: justify;\"><img loading=\"lazy\" decoding=\"async\" class=\"size-full wp-image-13736 aligncenter\" src=\"http:\/\/www.inces.gob.ve\/wp-content\/uploads\/2018\/04\/2Juventud-Inces-2018.jpg\" alt=\"\" width=\"850\" height=\"510\" \/><\/p>\n<p class=\"western\" style=\"text-align: justify;\"><span style=\"font-family: Arial,sans-serif;\">En el evento asistieron los coordinadores de los diferentes centros de formaci\u00f3n, cultores, m\u00fasicos del estado; contando con la presencia de la vocera nacional de comunicaci\u00f3n del Movimiento Somos Aprendices Ivanna Uzc\u00e1tegui disfrutaron con alegr\u00eda y ritmo la apertura de los juegos juventud Inces 2018.<\/span><\/p>\n<p class=\"western\" style=\"text-align: justify;\">\u00a0<\/p>\n<p class=\"western\" style=\"text-align: justify;\"><span style=\"font-family: Arial,sans-serif;\">Uzcategui manifest\u00f3; \u201c Desde el movimiento Somos Aprendices nos sentimos contentos de ser parte del desarrollo del pa\u00eds con la juventud que apuesta por la patria grande y libre\u201d.<\/span><\/p>\n<p class=\"western\" style=\"text-align: justify;\">\u00a0<\/p>\n<p class=\"western\" style=\"text-align: justify;\">\u201c<span style=\"font-family: Arial,sans-serif;\">En la capital del estado vivimos una preciosa experiencia representando al estado en las diferentes vocer\u00edas, una competencia fuerte, con j\u00f3venes de otros estados muy preparados, pero el T\u00e1chira se hizo sentir en la capital ganando una de las vocer\u00edas nacionales \u201cComunicaci\u00f3n\u201d subray\u00f3 Ivanna.<img loading=\"lazy\" decoding=\"async\" class=\"size-full wp-image-13735 aligncenter\" src=\"http:\/\/www.inces.gob.ve\/wp-content\/uploads\/2018\/04\/3Juventud-Inces-2018.jpg\" alt=\"\" width=\"850\" height=\"510\" \/><\/span><\/p>\n<p class=\"western\" style=\"text-align: justify;\">\u00a0<\/p>\n<p class=\"western\" style=\"text-align: justify;\"><span style=\"font-family: Arial,sans-serif;\">Finalmente los trabajadores y trabajadoras junto a la juventud Inces bailaron, disfrutaron del ritmo de los tambores donde corearon cada tema del grupo musical \u201cT\u00e1chira Adentro\u201d, adscriptos al Ministerio del Poder Popular para la Educaci\u00f3n y dejando oficialmente inaugurados los juegos juventud Inces 2018. <\/span><\/p>\n<p class=\"western\" style=\"text-align: justify;\">\u00a0<\/p>\n<p class=\"western\" style=\"text-align: justify;\"><span style=\"font-family: Arial,sans-serif;\">Ysis Delgado.<\/span><\/p>\n<p class=\"western\" style=\"text-align: justify;\"><span style=\"font-family: Arial,sans-serif;\">Periodista Inces <\/span><\/p>\n<p class=\"western\" style=\"text-align: justify;\">\u00a0<\/p>\n<p class=\"western\" style=\"text-align: justify;\">\u00a0<\/p>\n","protected":false},"excerpt":{"rendered":"<p>** Desde el Instituto Nacional de Capacitaci\u00f3n y Educaci\u00f3n Socialista (INCES) en su centro de formaci\u00f3n socialista \u201cDr. Luis Beltr\u00e1n Prieto Figueroa\u201d se realiz\u00f3 la inauguraci\u00f3n de los juegos Juventud Inces 2018 con los j\u00f3venes de Plan Chamba Juvenil y voceros del Movimiento Somos Aprendices. &nbsp;<\/p>\n","protected":false},"author":15,"featured_media":13737,"comment_status":"closed","ping_status":"closed","sticky":false,"template":"","format":"aside","meta":{"footnotes":""},"categories":[2],"tags":[],"class_list":["post-13734","post","type-post","status-publish","format-aside","has-post-thumbnail","hentry","category-blog","post_format-post-format-aside"],"_links":{"self":[{"href":"https:\/\/inces.gob.ve\/index.php\/wp-json\/wp\/v2\/posts\/13734","targetHints":{"allow":["GET"]}}],"collection":[{"href":"https:\/\/inces.gob.ve\/index.php\/wp-json\/wp\/v2\/posts"}],"about":[{"href":"https:\/\/inces.gob.ve\/index.php\/wp-json\/wp\/v2\/types\/post"}],"author":[{"embeddable":true,"href":"https:\/\/inces.gob.ve\/index.php\/wp-json\/wp\/v2\/users\/15"}],"replies":[{"embeddable":true,"href":"https:\/\/inces.gob.ve\/index.php\/wp-json\/wp\/v2\/comments?post=13734"}],"version-history":[{"count":1,"href":"https:\/\/inces.gob.ve\/index.php\/wp-json\/wp\/v2\/posts\/13734\/revisions"}],"predecessor-version":[{"id":34898,"href":"https:\/\/inces.gob.ve\/index.php\/wp-json\/wp\/v2\/posts\/13734\/revisions\/34898"}],"wp:featuredmedia":[{"embeddable":true,"href":"https:\/\/inces.gob.ve\/index.php\/wp-json\/"}],"wp:attachment":[{"href":"https:\/\/inces.gob.ve\/index.php\/wp-json\/wp\/v2\/media?parent=13734"}],"wp:term":[{"taxonomy":"category","embeddable":true,"href":"https:\/\/inces.gob.ve\/index.php\/wp-json\/wp\/v2\/categories?post=13734"},{"taxonomy":"post_tag","embeddable":true,"href":"https:\/\/inces.gob.ve\/index.php\/wp-json\/wp\/v2\/tags?post=13734"}],"curies":[{"name":"wp","href":"https:\/\/api.w.org\/{rel}","templated":true}]}}