{"id":13861,"date":"2018-04-06T14:53:23","date_gmt":"2018-04-06T20:53:23","guid":{"rendered":"http:\/\/www.inces.gob.ve\/?p=13861"},"modified":"2020-05-28T20:32:48","modified_gmt":"2020-05-29T00:32:48","slug":"presentado-proyecto-construccion-los-planes-formacion-autoformacion-trabajadores-inces","status":"publish","type":"post","link":"https:\/\/inces.gob.ve\/index.php\/2018\/04\/06\/presentado-proyecto-construccion-los-planes-formacion-autoformacion-trabajadores-inces\/","title":{"rendered":"Presentado proyecto de construcci\u00f3n de los Planes de Formaci\u00f3n y Autoformaci\u00f3n para trabajadores Inces"},"content":{"rendered":"<p align=\"justify\"><span style=\"font-size: medium;\"><em><strong><span style=\"color: #000000;\"><span style=\"font-family: Arial,sans-serif;\">** E<span style=\"font-family: arial,sans-serif;\">l encuentro <\/span><span style=\"font-family: arial,sans-serif;\">f<\/span><span style=\"font-family: arial,sans-serif;\">ue el inicio de un p<\/span><span style=\"font-family: arial,sans-serif;\">roceso<\/span> <span style=\"font-family: arial,sans-serif;\">que arranca su operatividad este lunes 9 de abril con la c<\/span><span style=\"font-family: arial,sans-serif;\">onformaci\u00f3n del Equipo Promotor <\/span><span style=\"font-family: arial,sans-serif;\">de las<\/span><span style=\"font-family: arial,sans-serif;\"> Gerencias Generales<\/span><\/span><\/span><\/strong><\/em><\/span><!--more--><\/p>\n<p align=\"justify\">\u00a0<\/p>\n<p align=\"justify\"><span style=\"font-family: arial,sans-serif;\"><b>Prensa Inces <\/b><b>(S<\/b><b>ede<\/b><b>)<\/b><b>.- <\/b>De manera oficial qued\u00f3 abierto el Plan de Formaci\u00f3n y Autoformaci\u00f3n Colectiva, Integral, Continua y Permanente, dirigido a los trabajadores del Inces para una real inserci\u00f3n en el proceso social laboral que los incluya en el mundo del trabajo liberador, conforme a lo establecido en la Ley Org\u00e1nica del Trabajo, las Trabajadoras y los Trabajadores (Lottt), aprobada por el Gobierno nacional desde el pasado a\u00f1o 2012. <\/span><\/p>\n<p align=\"justify\">\u00a0<\/p>\n<p align=\"justify\"><span style=\"font-family: arial,sans-serif;\">Se trat\u00f3 de una actividad llevada a cabo en el auditorio del edificio sede en Caracas, con la participaci\u00f3n de servidores procedentes de todas las dependencias de la instituci\u00f3n y donde fungieron de anfitriones y emisores de los detalles informativos, el invitado especial David Torrealba director del Despacho de Formaci\u00f3n y Autoformaci\u00f3n del Viceministerio de Educaci\u00f3n y Trabajo; Alejandrina Reyes, Carlos Fern\u00e1ndez y Richard Delgado, directora Estrat\u00e9gica, gerente de Talento Humano y gerente Nacional de Formaci\u00f3n Profesional del Inces, respectivamente.<\/span><\/p>\n<p align=\"justify\">\u00a0<\/p>\n<p align=\"justify\"><span style=\"font-family: arial,sans-serif;\">La idea es estructurar un plan de capacitaci\u00f3n desde adentro de la instituci\u00f3n con la actuaci\u00f3n y participaci\u00f3n de los propios trabajadores quienes optar\u00e1n por prepararse con responsabilidad, de cara a la intervenci\u00f3n como colectivo de clase en la transformaci\u00f3n social y del modelo econ\u00f3mico nacional, dando prioridad a lo productivo.<\/span><\/p>\n<p align=\"justify\">\u00a0<\/p>\n<p align=\"justify\"><span style=\"font-family: arial,sans-serif;\">El encuentro fue el inicio de un periplo laboral que arranca su operatividad el pr\u00f3ximo lunes 9 de abril, con la c<span style=\"color: #000000;\"><span style=\"font-size: medium;\"><span lang=\"es-VE\">onformaci\u00f3n del Equipo Promotor <\/span><\/span><\/span><span style=\"color: #000000;\"><span style=\"font-size: medium;\"><span lang=\"es-VE\">por Gerencias Generales<\/span><\/span><\/span><span style=\"color: #000000;\"><span style=\"font-size: medium;\"><span lang=\"es-VE\">; <\/span><\/span><\/span><span style=\"color: #000000;\"><span style=\"font-size: medium;\">d<\/span><\/span><span style=\"color: #000000;\"><span style=\"font-size: medium;\">o<\/span><\/span><span style=\"color: #000000;\"><span style=\"font-size: medium;\">nde se le informa<\/span><\/span><span style=\"color: #000000;\"><span style=\"font-size: medium;\">r\u00e1 las formaciones que <\/span><\/span><span style=\"color: #000000;\"><span style=\"font-size: medium;\">se<\/span><\/span><span style=\"color: #000000;\"><span style=\"font-size: medium;\"> recibir\u00e1n y las actividades a desarrollar para el <\/span><\/span><span style=\"color: #000000;\"><span style=\"font-size: medium;\">cumpli<\/span><\/span><span style=\"color: #000000;\"><span style=\"font-size: medium;\">miento de la construcci\u00f3n del Plan de Formaci\u00f3n y Autoformaci\u00f3n.<\/span><\/span><\/span><\/p>\n<p align=\"justify\">\u00a0<\/p>\n<p align=\"justify\"><span style=\"font-family: arial,sans-serif;\"><span style=\"color: #000000;\"><span style=\"font-size: medium;\">Entre las actividades que desarrollar\u00e1 este <\/span><\/span> <span style=\"color: #000000;\"><span style=\"font-size: medium;\">e<\/span><\/span><span style=\"color: #000000;\"><span style=\"font-size: medium;\"><span lang=\"es-VE\">quipo <\/span><\/span><\/span><span style=\"color: #000000;\"><span style=\"font-size: medium;\"><span lang=\"es-VE\">p<\/span><\/span><\/span><span style=\"color: #000000;\"><span style=\"font-size: medium;\"><span lang=\"es-VE\">romotor <\/span><\/span><\/span><span style=\"color: #000000;\"><span style=\"font-size: medium;\"><span lang=\"es-VE\">destacan el c<\/span><\/span><\/span><span style=\"color: #000000;\"><span style=\"font-size: medium;\"><span lang=\"es-VE\">urso <\/span><\/span><\/span><span style=\"color: #000000;\"><span style=\"font-size: medium;\"><span lang=\"es-VE\">i<\/span><\/span><\/span><span style=\"color: #000000;\"><span style=\"font-size: medium;\"><span lang=\"es-VE\">ntroductorio \u2013 Diagn<\/span><\/span><\/span><span style=\"color: #000000;\"><span style=\"font-size: medium;\"><span lang=\"es-VE\">\u00f3<\/span><\/span><\/span><span style=\"color: #000000;\"><span style=\"font-size: medium;\"><span lang=\"es-VE\">stico Colectivo Integral del Proceso Social de Trabajo<\/span><\/span><\/span><span style=\"color: #000000;\"><span style=\"font-size: medium;\"><span lang=\"es-VE\"> (Dise\u00f1o <\/span><\/span><\/span> <span style=\"color: #000000;\"><span style=\"font-size: medium;\"><span lang=\"es-VE\">del <\/span><\/span><\/span><span style=\"color: #000000;\"><span style=\"font-size: medium;\"><span lang=\"es-VE\">P<\/span><\/span><\/span><span style=\"color: #000000;\"><span style=\"font-size: medium;\"><span lang=\"es-VE\">lan de <\/span><\/span><\/span><span style=\"color: #000000;\"><span style=\"font-size: medium;\"><span lang=\"es-VE\">Formaci\u00f3n y Autoformaci\u00f3n Colectiva, Integral, Continua y Permanente<\/span><\/span><\/span><span style=\"color: #000000;\"><span style=\"font-size: medium;\"><span lang=\"es-VE\">).<\/span><\/span><\/span><\/span><\/p>\n<p align=\"justify\">\u00a0<\/p>\n<p align=\"justify\"><img loading=\"lazy\" decoding=\"async\" class=\"size-full wp-image-13863 aligncenter\" src=\"http:\/\/www.inces.gob.ve\/wp-content\/uploads\/2018\/04\/Arranque-aut\u00f3n-2.jpg\" alt=\"\" width=\"3080\" height=\"2416\" \/><\/p>\n<p align=\"justify\"><span style=\"font-family: arial,sans-serif;\"><span style=\"color: #000000;\"><span style=\"font-size: medium;\"><span lang=\"es-VE\">Igualmente, se llevar\u00e1 a cabo la c<\/span><\/span><\/span><span style=\"color: #000000;\"><span style=\"font-size: medium;\">aracterizaci\u00f3n de los Trabajadores <\/span><\/span><span style=\"color: #000000;\"><span style=\"font-size: medium;\">para vaciar la totalidad de la informaci\u00f3n necesaria, y con este material se llevar\u00e1 adelante la c<\/span><\/span><span style=\"color: #000000;\"><span style=\"font-size: medium;\">onstrucci\u00f3n de <\/span><\/span><span style=\"color: #000000;\"><span style=\"font-size: medium;\">un<\/span><\/span> <span style=\"color: #000000;\"><span style=\"font-size: medium;\">d<\/span><\/span><span style=\"color: #000000;\"><span style=\"font-size: medium;\">iagn<\/span><\/span><span style=\"color: #000000;\"><span style=\"font-size: medium;\">o<\/span><\/span><span style=\"color: #000000;\"><span style=\"font-size: medium;\">stico <\/span><\/span><span style=\"color: #000000;\"><span style=\"font-size: medium;\">i<\/span><\/span><span style=\"color: #000000;\"><span style=\"font-size: medium;\">ntegral, <\/span><\/span><span style=\"color: #000000;\"><span style=\"font-size: medium;\">en <\/span><\/span><span style=\"color: #000000;\"><span style=\"font-size: medium;\">el<\/span><\/span><span style=\"color: #000000;\"><span style=\"font-size: medium;\"> cual l<\/span><\/span><span style=\"color: #000000;\"><span style=\"font-size: medium;\">os <\/span><\/span><span style=\"color: #000000;\"><span style=\"font-size: medium;\">t<\/span><\/span><span style=\"color: #000000;\"><span style=\"font-size: medium;\">rabajadores reflejar<\/span><\/span><span style=\"color: #000000;\"><span style=\"font-size: medium;\">\u00e1<\/span><\/span><span style=\"color: #000000;\"><span style=\"font-size: medium;\">n los <\/span><\/span><span style=\"color: #000000;\"><span style=\"font-size: medium;\">procesos medulares de sus dependencia<\/span><\/span><span style=\"color: #000000;\"><span style=\"font-size: medium;\">s<\/span><\/span><span style=\"color: #000000;\"><span style=\"font-size: medium;\">, d<\/span><\/span><span style=\"color: #000000;\"><span style=\"font-size: medium;\">etecci\u00f3n de los nudos cr\u00edticos <\/span><\/span><span style=\"color: #000000;\"><span style=\"font-size: medium;\">y el encadenamiento entre las diversas dependencias<\/span><\/span><span style=\"color: #000000;\"><span style=\"font-size: medium;\">, las l\u00edneas de acci\u00f3n, de investigaci\u00f3n, los objetos de estudio <\/span><\/span><span style=\"color: #000000;\"><span style=\"font-size: medium;\">y posibles proyectos.<\/span><\/span><\/span><\/p>\n<p align=\"justify\">\u00a0<\/p>\n<p align=\"justify\"><span style=\"font-family: arial,sans-serif;\"><span style=\"color: #000000;\"><span style=\"font-size: medium;\"><span lang=\"es-VE\">Durante el <\/span><\/span><\/span><span style=\"color: #000000;\"><span style=\"font-size: medium;\"><span lang=\"es-VE\">evento de hoy <\/span><\/span><\/span><span style=\"color: #000000;\"><span style=\"font-size: medium;\"><span lang=\"es-VE\">(<\/span><\/span><\/span><span style=\"color: #000000;\"><span style=\"font-size: medium;\"><span lang=\"es-VE\">viernes 6 de abril<\/span><\/span><\/span><span style=\"color: #000000;\"><span style=\"font-size: medium;\"><span lang=\"es-VE\">)<\/span><\/span><\/span><span style=\"color: #000000;\"><span style=\"font-size: medium;\"><span lang=\"es-VE\">, destac\u00f3 la participaci\u00f3n de Richard Delgado quien <\/span><\/span><\/span><span style=\"color: #000000;\"><span style=\"font-size: medium;\"><span lang=\"es-VE\">asegur\u00f3 <\/span><\/span><\/span><span style=\"color: #000000;\"><span style=\"font-size: medium;\"><span lang=\"es-VE\">que todo este esfuerzo es una iniciativa para retomar <\/span><\/span><\/span><span style=\"color: #000000;\"><span style=\"font-size: medium;\"><span lang=\"es-VE\">una responsabilidad<\/span><\/span><\/span> <span style=\"color: #000000;\"><span style=\"font-size: medium;\"><span lang=\"es-VE\">que el Inces sostuvo por mucho tiempo y que implica asumir el rol protag\u00f3nico que la clase trabajadora debe liderar para desarrollar la consciencia colectiva y superar las dificultades del presente con esfuerzo surgido de nuestro propio colectivo.<\/span><\/span><\/span><\/span><\/p>\n<p align=\"justify\">\u00a0<\/p>\n<p align=\"justify\"><span style=\"font-family: arial,sans-serif;\"><span style=\"color: #000000;\"><span style=\"font-size: medium;\"><span lang=\"es-VE\">Acota Delgado que el trabajador del Inces <\/span><\/span><\/span><span style=\"color: #000000;\"><span style=\"font-size: medium;\"><span lang=\"es-VE\">reforzar\u00e1<\/span><\/span><\/span><span style=\"color: #000000;\"><span style=\"font-size: medium;\"><span lang=\"es-VE\"> su \u00e1rea de desempe\u00f1o, pero adem\u00e1s se adentrar\u00e1 en formaciones de la malla curricular ordinaria de la instituci\u00f3n para incorporar a su acerbo <\/span><\/span><\/span><span style=\"color: #000000;\"><span style=\"font-size: medium;\"><span lang=\"es-VE\">personal <\/span><\/span><\/span><span style=\"color: #000000;\"><span style=\"font-size: medium;\"><span lang=\"es-VE\">conocimientos, como <\/span><\/span><\/span><span style=\"color: #000000;\"><span style=\"font-size: medium;\"><span lang=\"es-VE\">po<\/span><\/span><\/span><span style=\"color: #000000;\"><span style=\"font-size: medium;\"><span lang=\"es-VE\">r<\/span><\/span><\/span><span style=\"color: #000000;\"><span style=\"font-size: medium;\"><span lang=\"es-VE\"> ejemplo de <\/span><\/span><\/span><span style=\"color: #000000;\"><span style=\"font-size: medium;\"><span lang=\"es-VE\">electricidad, reparaciones generales, panader\u00eda, textiles y muchas otras que le faciliten la resoluci\u00f3n de sus problem\u00e1ticas y realidades actuales, <\/span><\/span><\/span><span style=\"color: #000000;\"><span style=\"font-size: medium;\"><span lang=\"es-VE\">tanto<\/span><\/span><\/span> <span style=\"color: #000000;\"><span style=\"font-size: medium;\"><span lang=\"es-VE\">en su trabajo, <\/span><\/span><\/span><span style=\"color: #000000;\"><span style=\"font-size: medium;\"><span lang=\"es-VE\">como<\/span><\/span><\/span><span style=\"color: #000000;\"><span style=\"font-size: medium;\"><span lang=\"es-VE\"> en su comunidad.<\/span><\/span><\/span><\/span><\/p>\n<p align=\"justify\">\u00a0<\/p>\n<p align=\"justify\"><span style=\"font-family: arial,sans-serif;\"><span style=\"color: #000000;\"><span style=\"font-size: medium;\"><span lang=\"es-VE\">P<\/span><\/span><\/span><span style=\"color: #000000;\"><span style=\"font-size: medium;\"><span lang=\"es-VE\">ara el venidero 10 de mayo se debe estar presentando la primera fase del plan, incluyendo los planteamientos metodol\u00f3gicos, afirm<\/span><\/span><\/span><span style=\"color: #000000;\"><span style=\"font-size: medium;\"><span lang=\"es-VE\">\u00f3<\/span><\/span><\/span><span style=\"color: #000000;\"><span style=\"font-size: medium;\"><span lang=\"es-VE\"> el gerente de Formaci\u00f3n Profesional.<\/span><\/span><\/span><\/span><\/p>\n<p align=\"justify\">\u00a0<\/p>\n<p align=\"justify\"><span style=\"font-family: arial,sans-serif;\"><span style=\"color: #000000;\"><span style=\"font-size: medium;\"><span lang=\"es-VE\">D<\/span><\/span><\/span><span style=\"color: #000000;\"><span style=\"font-size: medium;\"><span lang=\"es-VE\">avid Torrealba, en representaci\u00f3n del <\/span><\/span><\/span><span style=\"color: #000000;\"><span style=\"font-size: medium;\"><span lang=\"es-VE\">Min<\/span><\/span><\/span><span style=\"color: #000000;\"><span style=\"font-size: medium;\"><span lang=\"es-VE\">Trabajo, expres\u00f3 su confianza en que el <\/span><\/span><\/span><span style=\"color: #000000;\"><span style=\"font-size: medium;\"><span lang=\"es-VE\">I<\/span><\/span><\/span><span style=\"color: #000000;\"><span style=\"font-size: medium;\"><span lang=\"es-VE\">nces est\u00e1 llamado a jugar <\/span><\/span><\/span><span style=\"color: #000000;\"><span style=\"font-size: medium;\"><span lang=\"es-VE\">un <\/span><\/span><\/span><span style=\"color: #000000;\"><span style=\"font-size: medium;\"><span lang=\"es-VE\">papel protag\u00f3nico <\/span><\/span><\/span><span style=\"color: #000000;\"><span style=\"font-size: medium;\"><span lang=\"es-VE\">en la formaci\u00f3n cient\u00edfica-tecnol\u00f3gica del pa\u00eds con claros objetivos de producci\u00f3n de bienes y servicios.<\/span><\/span><\/span><\/span><\/p>\n<p align=\"justify\">\u00a0<\/p>\n<p align=\"justify\"><span style=\"font-family: arial,sans-serif;\"><span style=\"color: #000000;\"><span style=\"font-size: medium;\"><span lang=\"es-VE\">Finalmente la directora Estrat\u00e9gica del instituto, Alejandrina Reyes, asegur\u00f3 que el plan est\u00e1 llamado al \u00e9xito, <\/span><\/span><\/span><span style=\"color: #000000;\"><span style=\"font-size: medium;\"><span lang=\"es-VE\">siempre<\/span><\/span><\/span><span style=\"color: #000000;\"><span style=\"font-size: medium;\"><span lang=\"es-VE\"> que se conecte directamente con la<\/span><\/span><\/span><span style=\"color: #000000;\"><span style=\"font-size: medium;\"><span lang=\"es-VE\">s<\/span><\/span><\/span><span style=\"color: #000000;\"><span style=\"font-size: medium;\"><span lang=\"es-VE\"> necesidades de la naci\u00f3n <\/span><\/span><\/span><span style=\"color: #000000;\"><span style=\"font-size: medium;\"><span lang=\"es-VE\">y en tiempo perentorio y es que \u201ca veces estamos tan ocupados que nos olvidamos de formarnos, ya que las urgencias del trabajo nos apartan de la formaci\u00f3n\u201d.<\/span><\/span><\/span><\/span><\/p>\n<p align=\"justify\">\u00a0<\/p>\n<p align=\"justify\"><span style=\"font-family: arial,sans-serif;\"><span style=\"color: #000000;\"><span style=\"font-size: medium;\"><span lang=\"es-VE\">Y en tono claro y di\u00e1fano hacia los presentes, dijo que no tiene sentido que planifiquemos un plan formativo si nuestros superiores no nos permiten afrontarlo con la responsabilidad que corresponde, es decir, \u201c<\/span><\/span><\/span><span style=\"color: #000000;\"><span style=\"font-size: medium;\"><span lang=\"es-VE\">evitemos el autosaboteo\u201d.<\/span><\/span><\/span><\/span><\/p>\n<p align=\"justify\">\u00a0<\/p>\n<p align=\"justify\"><span style=\"font-family: arial,sans-serif;\"><span style=\"color: #000000;\"><span style=\"font-size: medium;\"><span lang=\"es-VE\">E<\/span><\/span><\/span><span style=\"color: #000000;\"><span style=\"font-size: medium;\"><span lang=\"es-VE\">n el transcurrir del tiempo y del plan formativo, <\/span><\/span><\/span><span style=\"color: #000000;\"><span style=\"font-size: medium;\"><span lang=\"es-VE\">se continuar\u00e1<\/span><\/span><\/span><span style=\"color: #000000;\"><span style=\"font-size: medium;\"><span lang=\"es-VE\"> llevando la informaci\u00f3n del momento con el apoyo de la Coordinaci\u00f3n Nacional de Adiestramiento en Empresas, en la persona de Tania D\u00edaz, y el resto del personal de la Gerencia General de Formaci\u00f3n Profesional.<\/span><\/span><\/span><\/span><\/p>\n<p align=\"justify\">\u00a0<\/p>\n<p align=\"justify\"><span style=\"font-size: medium;\"><strong><span style=\"color: #000000;\"><span style=\"font-family: arial,sans-serif;\">T\/ Ivaldo Rodr\u00edguez<\/span><\/span><\/strong><\/span><\/p>\n<p align=\"justify\"><span style=\"font-size: medium;\"><strong><span style=\"color: #000000;\"><span style=\"font-family: arial,sans-serif;\">F\/ Jhoisy Matute @incesocialista<br \/>\n<\/span><\/span><\/strong><\/span><\/p>\n","protected":false},"excerpt":{"rendered":"<p>** El encuentro fue el inicio de un proceso que arranca su operatividad este lunes 9 de abril con la conformaci\u00f3n del Equipo Promotor de las Gerencias Generales<\/p>\n","protected":false},"author":4,"featured_media":13862,"comment_status":"closed","ping_status":"closed","sticky":false,"template":"","format":"aside","meta":{"footnotes":""},"categories":[2],"tags":[],"class_list":["post-13861","post","type-post","status-publish","format-aside","has-post-thumbnail","hentry","category-blog","post_format-post-format-aside"],"_links":{"self":[{"href":"https:\/\/inces.gob.ve\/index.php\/wp-json\/wp\/v2\/posts\/13861","targetHints":{"allow":["GET"]}}],"collection":[{"href":"https:\/\/inces.gob.ve\/index.php\/wp-json\/wp\/v2\/posts"}],"about":[{"href":"https:\/\/inces.gob.ve\/index.php\/wp-json\/wp\/v2\/types\/post"}],"author":[{"embeddable":true,"href":"https:\/\/inces.gob.ve\/index.php\/wp-json\/wp\/v2\/users\/4"}],"replies":[{"embeddable":true,"href":"https:\/\/inces.gob.ve\/index.php\/wp-json\/wp\/v2\/comments?post=13861"}],"version-history":[{"count":1,"href":"https:\/\/inces.gob.ve\/index.php\/wp-json\/wp\/v2\/posts\/13861\/revisions"}],"predecessor-version":[{"id":34877,"href":"https:\/\/inces.gob.ve\/index.php\/wp-json\/wp\/v2\/posts\/13861\/revisions\/34877"}],"wp:featuredmedia":[{"embeddable":true,"href":"https:\/\/inces.gob.ve\/index.php\/wp-json\/"}],"wp:attachment":[{"href":"https:\/\/inces.gob.ve\/index.php\/wp-json\/wp\/v2\/media?parent=13861"}],"wp:term":[{"taxonomy":"category","embeddable":true,"href":"https:\/\/inces.gob.ve\/index.php\/wp-json\/wp\/v2\/categories?post=13861"},{"taxonomy":"post_tag","embeddable":true,"href":"https:\/\/inces.gob.ve\/index.php\/wp-json\/wp\/v2\/tags?post=13861"}],"curies":[{"name":"wp","href":"https:\/\/api.w.org\/{rel}","templated":true}]}}