{"id":13924,"date":"2018-04-10T09:36:36","date_gmt":"2018-04-10T15:36:36","guid":{"rendered":"http:\/\/www.inces.gob.ve\/?p=13924"},"modified":"2020-05-28T20:32:47","modified_gmt":"2020-05-29T00:32:47","slug":"continua-la-ampliacion-del-programa-unidades-educativas-del-inces-distrito-capital","status":"publish","type":"post","link":"https:\/\/inces.gob.ve\/index.php\/2018\/04\/10\/continua-la-ampliacion-del-programa-unidades-educativas-del-inces-distrito-capital\/","title":{"rendered":"Contin\u00faa la ampliaci\u00f3n del programa Unidades Educativas del Inces Distrito Capital"},"content":{"rendered":"<p style=\"text-align: justify;\" align=\"justify\"><span style=\"font-family: Arial,sans-serif;\"><i><b>** Esta modalidad formativa brinda a los caraque\u00f1os la oportunidad de proseguir sus estudios para la obtenci\u00f3n del t\u00edtulo de bachiller<\/b><\/i><\/span><\/p>\n<p style=\"text-align: justify;\" align=\"justify\"><!--more--><\/p>\n<p align=\"justify\">\u00a0<\/p>\n<p style=\"text-align: justify;\" align=\"justify\"><span style=\"font-family: Arial,sans-serif;\"><b>Prensa inces(Distrito Capital).<\/b>&#8211; El s\u00e1bado 07 de abril, fue habilitado, en la parroquia el Para\u00edso, un espacio formativo para la atenci\u00f3n de los participantes del programa Unidades Educativas del Inces Caracas.\u00a0\u00a0<\/span><\/p>\n<p style=\"text-align: justify;\" align=\"justify\"><img loading=\"lazy\" decoding=\"async\" class=\"size-full wp-image-13925 aligncenter\" src=\"http:\/\/www.inces.gob.ve\/wp-content\/uploads\/2018\/04\/4formaci\u00f3n-del-Bachillerato.jpg\" alt=\"\" width=\"850\" height=\"637\" \/><\/p>\n<p style=\"text-align: justify;\" align=\"justify\"><span style=\"font-family: Arial,sans-serif;\">El nuevo espacio para la formaci\u00f3n del Bachillerato Productivo se instal\u00f3 en la Escuela B\u00e1sica Nacional Bolivariana \u00abJos\u00e9 Antonio Gonz\u00e1lez\u00bb, iniciando con una matr\u00edcula de 230 participantes. <\/span><\/p>\n<p style=\"text-align: justify;\">En la actividad estuvo presente el gerente regional, Francisco Quevedo, quien inst\u00f3 los participantes, junto a la comunidad docente, a continuar fortaleciendo la formaci\u00f3n productiva en Caracas, siendo esta el mayor legado para el engrandecimiento de la Rep\u00fablica.\u00a0<\/p>\n<p style=\"text-align: justify;\" align=\"justify\">\u00a0<\/p>\n<p style=\"text-align: justify;\" align=\"justify\"><span style=\"font-family: Arial,sans-serif;\">Ronald Linares, jefe de formaci\u00f3n del Inces Caracas, inform\u00f3 que con esta actividad se le da mayor cobertura al programa, brind\u00e1ndole posibilidades de prosecusi\u00f3n de estudios de bachillerato a la poblaci\u00f3n caraque\u00f1a que estuvo excluida de la educaci\u00f3n formal.\u00a0<img loading=\"lazy\" decoding=\"async\" class=\"size-full wp-image-13926 aligncenter\" src=\"http:\/\/www.inces.gob.ve\/wp-content\/uploads\/2018\/04\/2formaci\u00f3n-del-Bachillerato.jpg\" alt=\"\" width=\"800\" height=\"527\" \/><\/span><\/p>\n<p style=\"text-align: justify;\" align=\"justify\">\u00a0<\/p>\n","protected":false},"excerpt":{"rendered":"<p>** Esta modalidad formativa brinda a los caraque\u00f1os la oportunidad de proseguir sus estudios para la obtenci\u00f3n del t\u00edtulo de bachiller<\/p>\n","protected":false},"author":15,"featured_media":13928,"comment_status":"closed","ping_status":"closed","sticky":false,"template":"","format":"aside","meta":{"footnotes":""},"categories":[2],"tags":[],"class_list":["post-13924","post","type-post","status-publish","format-aside","has-post-thumbnail","hentry","category-blog","post_format-post-format-aside"],"_links":{"self":[{"href":"https:\/\/inces.gob.ve\/index.php\/wp-json\/wp\/v2\/posts\/13924","targetHints":{"allow":["GET"]}}],"collection":[{"href":"https:\/\/inces.gob.ve\/index.php\/wp-json\/wp\/v2\/posts"}],"about":[{"href":"https:\/\/inces.gob.ve\/index.php\/wp-json\/wp\/v2\/types\/post"}],"author":[{"embeddable":true,"href":"https:\/\/inces.gob.ve\/index.php\/wp-json\/wp\/v2\/users\/15"}],"replies":[{"embeddable":true,"href":"https:\/\/inces.gob.ve\/index.php\/wp-json\/wp\/v2\/comments?post=13924"}],"version-history":[{"count":1,"href":"https:\/\/inces.gob.ve\/index.php\/wp-json\/wp\/v2\/posts\/13924\/revisions"}],"predecessor-version":[{"id":34866,"href":"https:\/\/inces.gob.ve\/index.php\/wp-json\/wp\/v2\/posts\/13924\/revisions\/34866"}],"wp:featuredmedia":[{"embeddable":true,"href":"https:\/\/inces.gob.ve\/index.php\/wp-json\/"}],"wp:attachment":[{"href":"https:\/\/inces.gob.ve\/index.php\/wp-json\/wp\/v2\/media?parent=13924"}],"wp:term":[{"taxonomy":"category","embeddable":true,"href":"https:\/\/inces.gob.ve\/index.php\/wp-json\/wp\/v2\/categories?post=13924"},{"taxonomy":"post_tag","embeddable":true,"href":"https:\/\/inces.gob.ve\/index.php\/wp-json\/wp\/v2\/tags?post=13924"}],"curies":[{"name":"wp","href":"https:\/\/api.w.org\/{rel}","templated":true}]}}