{"id":13935,"date":"2018-04-10T09:59:22","date_gmt":"2018-04-10T15:59:22","guid":{"rendered":"http:\/\/www.inces.gob.ve\/?p=13935"},"modified":"2020-05-28T20:32:47","modified_gmt":"2020-05-29T00:32:47","slug":"inces-carabobo-entrego-certificacdos-107-privadas-libertad","status":"publish","type":"post","link":"https:\/\/inces.gob.ve\/index.php\/2018\/04\/10\/inces-carabobo-entrego-certificacdos-107-privadas-libertad\/","title":{"rendered":"Inces Carabobo entreg\u00f3 certificados a 107 privadas de libertad"},"content":{"rendered":"<p style=\"text-align: justify;\" align=\"justify\"><span style=\"font-family: Arial,sans-serif;\"><i><b>** Se acreditaron los saberes en los oficios Carpinter\u00eda de Banco, Mu\u00f1equer\u00eda, Corte y Costura, Tejido, Cer\u00e1mica y Cocina dom\u00e9stica, entre otros<\/b><\/i><\/span><\/p>\n<p style=\"text-align: justify;\" align=\"justify\"><!--more--><\/p>\n<p style=\"text-align: justify;\" align=\"justify\"><span style=\"font-family: Arial,sans-serif;\"><b>Prensa Inces (Carabobo).<\/b>&#8211; El Instituto Nacional de Capacitaci\u00f3n y Educaci\u00f3n Socialista (Inces) Carabobo, a trav\u00e9s del Programa Luisa C\u00e1ceres de Arismendi, entreg\u00f3 107 constancias de certificaci\u00f3n de saberes emp\u00edricos a reclusas del anexo femenino ubicado en el complejo penitenciario de Tocuyito, en el municipio Libertador.<\/span><\/p>\n<p style=\"text-align: justify;\" align=\"justify\"><img loading=\"lazy\" decoding=\"async\" class=\"size-full wp-image-13938 aligncenter\" src=\"http:\/\/www.inces.gob.ve\/wp-content\/uploads\/2018\/04\/2-privadas-de-libertad-.jpg\" alt=\"\" width=\"800\" height=\"583\" \/><\/p>\n<p style=\"text-align: justify;\" align=\"justify\"><span style=\"font-family: Arial,sans-serif;\">El jefe del programa, Jos\u00e9 Ram\u00f3n P\u00e9rez, se\u00f1al\u00f3 que durante un compartir en el recinto, las privadas de libertad recibieron sus documentos de la mano del gerente regional del Inces, Guyen Soto; la jefa de la Divisi\u00f3n de Formaci\u00f3n Profesional, Mar\u00eda Celis y de P\u00e9rez, quienes acreditaron los saberes en los oficios de Carpinter\u00eda de Banco, Mu\u00f1equer\u00eda, Corte y Costura, Tejido, Cer\u00e1mica y Cocina Dom\u00e9stica, entre otros.<\/span><\/p>\n<p style=\"text-align: justify;\" align=\"justify\"><img loading=\"lazy\" decoding=\"async\" class=\"size-full wp-image-13936 aligncenter\" src=\"http:\/\/www.inces.gob.ve\/wp-content\/uploads\/2018\/04\/5-privadas-de-libertad-.jpg\" alt=\"\" width=\"800\" height=\"736\" \/><\/p>\n<p style=\"text-align: justify;\" align=\"justify\"><span style=\"font-family: Arial,sans-serif;\">A la entrega, tambi\u00e9n asisti\u00f3 la coordinadora de Asistencia Integral del Ministerio del Poder Popular para el Servicio Penitenciario (MPPSP), Celina Zambrano y la directora del anexo, Yoelina Jimenez; quienes acompa\u00f1aron a las reclusas en la actividad. Celis resalt\u00f3, que la intenci\u00f3n es contribuir con la reinserci\u00f3n social de las damas, luego que hayan cumplido con su tiempo de condena.<\/span><\/p>\n<p style=\"text-align: justify;\" align=\"justify\"><span style=\"font-family: Arial,sans-serif;\">Adem\u00e1s, formar la mejor mano de obra calificada en oficios \u00fatiles a la patria; as\u00ed como para beneficio de sus comunidades y de su econom\u00eda familiar.<\/span><\/p>\n<p style=\"text-align: justify;\" align=\"justify\"><img loading=\"lazy\" decoding=\"async\" class=\"size-full wp-image-13939 aligncenter\" src=\"http:\/\/www.inces.gob.ve\/wp-content\/uploads\/2018\/04\/1-privadas-de-libertad-.jpg\" alt=\"\" width=\"850\" height=\"638\" \/><\/p>\n<p style=\"text-align: justify;\" align=\"justify\"><span style=\"font-family: Arial,sans-serif;\">T\/ Mar\u00eda Ver\u00f3nica Molina<\/span><\/p>\n","protected":false},"excerpt":{"rendered":"<p>** Se acreditaron los saberes en los oficios Carpinter\u00eda de Banco, Mu\u00f1equer\u00eda, Corte y Costura, Tejido, Cer\u00e1mica y Cocina dom\u00e9stica, entre otros<\/p>\n","protected":false},"author":15,"featured_media":13937,"comment_status":"closed","ping_status":"closed","sticky":false,"template":"","format":"aside","meta":{"footnotes":""},"categories":[2],"tags":[],"class_list":["post-13935","post","type-post","status-publish","format-aside","has-post-thumbnail","hentry","category-blog","post_format-post-format-aside"],"_links":{"self":[{"href":"https:\/\/inces.gob.ve\/index.php\/wp-json\/wp\/v2\/posts\/13935","targetHints":{"allow":["GET"]}}],"collection":[{"href":"https:\/\/inces.gob.ve\/index.php\/wp-json\/wp\/v2\/posts"}],"about":[{"href":"https:\/\/inces.gob.ve\/index.php\/wp-json\/wp\/v2\/types\/post"}],"author":[{"embeddable":true,"href":"https:\/\/inces.gob.ve\/index.php\/wp-json\/wp\/v2\/users\/15"}],"replies":[{"embeddable":true,"href":"https:\/\/inces.gob.ve\/index.php\/wp-json\/wp\/v2\/comments?post=13935"}],"version-history":[{"count":1,"href":"https:\/\/inces.gob.ve\/index.php\/wp-json\/wp\/v2\/posts\/13935\/revisions"}],"predecessor-version":[{"id":34864,"href":"https:\/\/inces.gob.ve\/index.php\/wp-json\/wp\/v2\/posts\/13935\/revisions\/34864"}],"wp:featuredmedia":[{"embeddable":true,"href":"https:\/\/inces.gob.ve\/index.php\/wp-json\/"}],"wp:attachment":[{"href":"https:\/\/inces.gob.ve\/index.php\/wp-json\/wp\/v2\/media?parent=13935"}],"wp:term":[{"taxonomy":"category","embeddable":true,"href":"https:\/\/inces.gob.ve\/index.php\/wp-json\/wp\/v2\/categories?post=13935"},{"taxonomy":"post_tag","embeddable":true,"href":"https:\/\/inces.gob.ve\/index.php\/wp-json\/wp\/v2\/tags?post=13935"}],"curies":[{"name":"wp","href":"https:\/\/api.w.org\/{rel}","templated":true}]}}