{"id":13957,"date":"2018-04-11T08:54:44","date_gmt":"2018-04-11T14:54:44","guid":{"rendered":"http:\/\/www.inces.gob.ve\/?p=13957"},"modified":"2020-05-28T20:32:47","modified_gmt":"2020-05-29T00:32:47","slug":"inces-participo-la-juramentacion-del-comando-campana-simon-bolivar-falcon","status":"publish","type":"post","link":"https:\/\/inces.gob.ve\/index.php\/2018\/04\/11\/inces-participo-la-juramentacion-del-comando-campana-simon-bolivar-falcon\/","title":{"rendered":"Inces particip\u00f3 en la juramentaci\u00f3n del Comando de Campa\u00f1a Sim\u00f3n Bol\u00edvar en Falc\u00f3n"},"content":{"rendered":"<p class=\"western\" lang=\"es-MX\" style=\"text-align: justify;\"><span style=\"font-family: Arial,sans-serif;\"><span style=\"font-size: medium;\"><i><b>** \u201cNicol\u00e1s Maduro representa el futuro, nosotros somos el futuro y el pueblo lo sabe\u201d, destac\u00f3 Freddy Bernal<\/b><\/i><\/span><\/span><\/p>\n<p class=\"western\" lang=\"es-MX\" style=\"text-align: justify;\"><!--more-->\n <\/p>\n<p lang=\"es-MX\">\u00a0<\/p>\n<p class=\"western\" lang=\"es-MX\" style=\"text-align: justify;\"><span style=\"font-family: Arial,sans-serif;\"><span style=\"font-size: medium;\"><b>Prensa Inces (Falc\u00f3n)<\/b>.- En la Zona Colonial de Coro, en la Cruz de San Clemente, se dieron cita cientos de militantes del Partido Socialista Unido de Venezuela (Psuv), representantes de instituciones p\u00fablicas de la regi\u00f3n e integrantes de las comunidades provenientes de diversos municipios del estado Falc\u00f3n, con la finalidad de participar en la Juramentaci\u00f3n del Comando de Campa\u00f1a \u201cSim\u00f3n Bol\u00edvar\u201d, rumbo a las elecciones del 20 de mayo.<\/span><\/span><\/p>\n<p class=\"western\" lang=\"es-MX\" style=\"text-align: justify;\">\n <\/p>\n<p class=\"western\" lang=\"es-MX\" style=\"text-align: justify;\"><span style=\"font-family: Arial,sans-serif;\"><span style=\"font-size: medium;\">A la actividad que estuvo dirigida por el jefe pol\u00edtico y gobernador del estado Falc\u00f3n, V\u00edctor Clark Bosc\u00e1n y el vicepresidente territorial para el estado Falc\u00f3n, Freddy Bernal, se sumaron los trabajadores de entes adscritos al Ministerio del Poder Popular para la Educaci\u00f3n, como el Instituto Nacional de Capacitaci\u00f3n y Educaci\u00f3n Socialista (Inces) y dependencias de la Zona Educativa de Falc\u00f3n<img loading=\"lazy\" decoding=\"async\" class=\"size-full wp-image-13963 aligncenter\" src=\"http:\/\/www.inces.gob.ve\/wp-content\/uploads\/2018\/04\/1Juramentaci\u00f3n-Comando-Campa\u00f1a.jpg\" alt=\"\" width=\"800\" height=\"757\" \/><\/span><\/span><\/p>\n<p class=\"western\" lang=\"es-MX\" style=\"text-align: justify;\">\n <\/p>\n<p class=\"western\" lang=\"es-MX\" style=\"text-align: justify;\"><span style=\"font-family: Arial,sans-serif;\"><span style=\"font-size: medium;\">El equipo del Inces estuvo integrado por la gerente regional del Inces Falc\u00f3n, Eneyda Mart\u00ednez Rodr\u00edguez, jefes de Divisiones, Centros de Formaci\u00f3n, promotores y maestros t\u00e9cnicos productivos, quienes se sumaron para apoyar esta iniciativa que busca garantizar la victoria electoral del 20M.<\/span><\/span><\/p>\n<p class=\"western\" lang=\"es-MX\" style=\"text-align: justify;\"><img loading=\"lazy\" decoding=\"async\" class=\"size-full wp-image-13958 aligncenter\" src=\"http:\/\/www.inces.gob.ve\/wp-content\/uploads\/2018\/04\/6Juramentaci\u00f3n-Comando-Campa\u00f1a.jpg\" alt=\"\" width=\"800\" height=\"533\" \/>\n <\/p>\n<p class=\"western\" lang=\"es-MX\" style=\"text-align: justify;\"><span style=\"font-family: Arial,sans-serif;\"><span style=\"font-size: medium;\">Dijo Freddy Bernal que estas actividades que se emprenden en todo el pa\u00eds representan la batalla por la prosperidad; y resalt\u00f3 que el presidente Nicol\u00e1s Maduro representa la \u00fanica manera de romper con el cerco econ\u00f3mico que actualmente tiene el pa\u00eds, \u201cNicol\u00e1s Maduro representa el futuro, nosotros somos el futuro y el pueblo lo sabe\u201d.<\/span><\/span><\/p>\n<p class=\"western\" lang=\"es-MX\" style=\"text-align: justify;\"><img loading=\"lazy\" decoding=\"async\" class=\"size-full wp-image-13959 aligncenter\" src=\"http:\/\/www.inces.gob.ve\/wp-content\/uploads\/2018\/04\/5Juramentaci\u00f3n-Comando-Campa\u00f1a.jpg\" alt=\"\" width=\"800\" height=\"955\" \/>\n <\/p>\n<p class=\"western\" lang=\"es-MX\" style=\"text-align: justify;\">\u201c<span style=\"font-family: Arial,sans-serif;\"><span style=\"font-size: medium;\">El d\u00eda de hoy pese a las sanciones impuestas por el imperio norteamericano, las diferentes amenazas de las que ha sido v\u00edctima nuestra patria, el pueblo consciente demostrar\u00e1 una vez m\u00e1s su talante democr\u00e1tico y ser\u00e1 ejemplo para el mundo de una patria digna\u201d, detall\u00f3 Bernal.<\/span><\/span><\/p>\n<p class=\"western\" lang=\"es-MX\" style=\"text-align: justify;\">\n <\/p>\n<p class=\"western\" lang=\"es-MX\" style=\"text-align: justify;\"><span style=\"font-family: Arial,sans-serif;\"><span style=\"font-size: medium;\">Igualmente, exhort\u00f3 a los militantes a dejar de lado los intereses particulares y trabajar unidos para garantizar la paz de Venezuela. \u201cEl pueblo revolucionario no tiene cargo pol\u00edtico, el revolucionario de verdad tiene tareas que van en beneficio del pueblo y que tienen como meta afianzar el socialismo\u201d.<img loading=\"lazy\" decoding=\"async\" class=\"size-full wp-image-13962 aligncenter\" src=\"http:\/\/www.inces.gob.ve\/wp-content\/uploads\/2018\/04\/2Juramentaci\u00f3n-Comando-Campa\u00f1a.jpg\" alt=\"\" width=\"800\" height=\"533\" \/><\/span><\/span><\/p>\n<p class=\"western\" lang=\"es-MX\" style=\"text-align: justify;\">\n <\/p>\n<p class=\"western\" lang=\"es-MX\" style=\"text-align: justify;\"><span style=\"font-family: Arial,sans-serif;\"><span style=\"font-size: medium;\">Por su parte, el jefe pol\u00edtico regional del Psuv, V\u00edctor Clark, dijo que est\u00e1n dando cumplimiento a las orientaciones del primer mandatario nacional, tomando en cuenta las prioridades del pueblo. Expres\u00f3 que toca recorrer los 25 municipios de Falc\u00f3n en esta precampa\u00f1a, convocando, explicando y gobernando con el pueblo que no est\u00e1 exento de exigencias y dificultades.<\/span><\/span><\/p>\n<p class=\"western\" lang=\"es-MX\" style=\"text-align: justify;\"><img loading=\"lazy\" decoding=\"async\" class=\"size-full wp-image-13960 aligncenter\" src=\"http:\/\/www.inces.gob.ve\/wp-content\/uploads\/2018\/04\/4Juramentaci\u00f3n-Comando-Campa\u00f1a.jpg\" alt=\"\" width=\"800\" height=\"533\" \/>\n <\/p>\n<p class=\"western\" lang=\"es-MX\" style=\"text-align: justify;\"><span style=\"font-family: Arial,sans-serif;\"><span style=\"font-size: medium;\">Resalt\u00f3 Clark, es Nicol\u00e1s Maduro el que ha estado al frente para acompa\u00f1ar al pueblo y derrotar las acciones de agresi\u00f3n y de bloqueo contra el pa\u00eds y el pueblo est\u00e1 consciente de que es el candidato para continuar afianzando los logros de la revoluci\u00f3n.<img loading=\"lazy\" decoding=\"async\" class=\"alignnone size-full wp-image-13961\" src=\"http:\/\/www.inces.gob.ve\/wp-content\/uploads\/2018\/04\/3Juramentaci\u00f3n-Comando-Campa\u00f1a.jpg\" alt=\"\" width=\"800\" height=\"533\" \/><\/span><\/span><\/p>\n<p class=\"western\" lang=\"es-MX\" style=\"text-align: justify;\">\n <\/p>\n<p class=\"western\" lang=\"es-MX\" style=\"text-align: justify;\"><span style=\"font-family: Arial,sans-serif;\"><span style=\"font-size: medium;\">T\/Miriam Gonz\u00e1lez Villarroel<\/span><\/span><\/p>\n","protected":false},"excerpt":{"rendered":"<p>** \u201cNicol\u00e1s Maduro representa el futuro, nosotros somos el futuro y el pueblo lo sabe\u201d, destac\u00f3 Freddy Bernal<\/p>\n","protected":false},"author":15,"featured_media":13964,"comment_status":"closed","ping_status":"closed","sticky":false,"template":"","format":"aside","meta":{"footnotes":""},"categories":[2],"tags":[],"class_list":["post-13957","post","type-post","status-publish","format-aside","has-post-thumbnail","hentry","category-blog","post_format-post-format-aside"],"_links":{"self":[{"href":"https:\/\/inces.gob.ve\/index.php\/wp-json\/wp\/v2\/posts\/13957","targetHints":{"allow":["GET"]}}],"collection":[{"href":"https:\/\/inces.gob.ve\/index.php\/wp-json\/wp\/v2\/posts"}],"about":[{"href":"https:\/\/inces.gob.ve\/index.php\/wp-json\/wp\/v2\/types\/post"}],"author":[{"embeddable":true,"href":"https:\/\/inces.gob.ve\/index.php\/wp-json\/wp\/v2\/users\/15"}],"replies":[{"embeddable":true,"href":"https:\/\/inces.gob.ve\/index.php\/wp-json\/wp\/v2\/comments?post=13957"}],"version-history":[{"count":1,"href":"https:\/\/inces.gob.ve\/index.php\/wp-json\/wp\/v2\/posts\/13957\/revisions"}],"predecessor-version":[{"id":34861,"href":"https:\/\/inces.gob.ve\/index.php\/wp-json\/wp\/v2\/posts\/13957\/revisions\/34861"}],"wp:featuredmedia":[{"embeddable":true,"href":"https:\/\/inces.gob.ve\/index.php\/wp-json\/"}],"wp:attachment":[{"href":"https:\/\/inces.gob.ve\/index.php\/wp-json\/wp\/v2\/media?parent=13957"}],"wp:term":[{"taxonomy":"category","embeddable":true,"href":"https:\/\/inces.gob.ve\/index.php\/wp-json\/wp\/v2\/categories?post=13957"},{"taxonomy":"post_tag","embeddable":true,"href":"https:\/\/inces.gob.ve\/index.php\/wp-json\/wp\/v2\/tags?post=13957"}],"curies":[{"name":"wp","href":"https:\/\/api.w.org\/{rel}","templated":true}]}}