{"id":13970,"date":"2018-04-11T14:53:16","date_gmt":"2018-04-11T20:53:16","guid":{"rendered":"http:\/\/www.inces.gob.ve\/?p=13970"},"modified":"2020-05-28T20:32:47","modified_gmt":"2020-05-29T00:32:47","slug":"plan-nacional-parto-humanizado-inces-lara","status":"publish","type":"post","link":"https:\/\/inces.gob.ve\/index.php\/2018\/04\/11\/plan-nacional-parto-humanizado-inces-lara\/","title":{"rendered":"Plan Nacional  Parto Humanizado en Inces Lara"},"content":{"rendered":"<p style=\"text-align: justify;\" align=\"justify\"><span style=\"font-family: Arial,sans-serif;\"><i>*<b>* Proceso intensivo de formaci\u00f3n todo un equipo que en conjunto lo hace posible<\/b><\/i><\/span><\/p>\n<p style=\"text-align: justify;\" align=\"justify\"><!--more--><\/p>\n<p style=\"text-align: justify;\" align=\"justify\"><span style=\"font-family: Arial,sans-serif;\"><b>Prensa Inces Lara).-<\/b> Desde los espacios Inces en la entidad larense, en el Centro de Formaci\u00f3n Socialista Jes\u00fas \u2018Gordo\u2019 P\u00e1ez, se desarrolla este proceso intensivo donde participan facilitadoras de distintas parroquias, quienes como un solo batall\u00f3n saldr\u00e1n a formar en cada territorio promotoras comunales del plan Parto Humanizado tal como lo inform\u00f3 la directora del Ministerio del Poder Popular para la Mujer y la Igualdad del G\u00e9nero regional, Sagrario L\u00f3pez.<\/span><\/p>\n<p style=\"text-align: justify;\" align=\"justify\">\u00a0<\/p>\n<p style=\"text-align: justify;\" align=\"justify\"><span style=\"font-family: Arial,sans-serif;\">Una jornada de seis d\u00edas armoniosamente articulada<\/span><\/p>\n<p style=\"text-align: justify;\" align=\"justify\">\u00a0<\/p>\n<p style=\"text-align: justify;\" align=\"justify\"><span style=\"font-family: Arial,sans-serif;\">En esta jornada tan importante participa el Ministerio de la Mujer, Instituto Nacional de la Mujer, Escuela de la Misi\u00f3n Socialista, Yesika Caraballo desde Misi\u00f3n Barrio Adentro, desde su consultorio que funciona en este ministerio, donde se resalta y atiende a la mujer, con una verdadera misi\u00f3n ante la vida y un volver a las ra\u00edces.<\/span><\/p>\n<p style=\"text-align: justify;\" align=\"justify\">\u00a0<\/p>\n<p style=\"text-align: justify;\" align=\"justify\"><span style=\"font-family: Arial,sans-serif;\">Mujeres comprometidas revolucionarias humanizadas y sensibilizadas<\/span><\/p>\n<p style=\"text-align: justify;\" align=\"justify\">\u00a0<\/p>\n<p style=\"text-align: justify;\" align=\"justify\"><span style=\"font-family: Arial,sans-serif;\">L\u00f3pez destac\u00f3 la atenci\u00f3n a nuestras mujeres, la garant\u00eda de vida de la gestante y del beb\u00e9, \u201ceste es un programa donde el presidente Nicol\u00e1s Maduro est\u00e1 muy enamorado, conmovido, porque se trata de la esperanza, la vida, prosperidad y el cuidado a lo m\u00e1s sagrado que es la vida\u201d. Son cuarenta mujeres que formar\u00e1n a veinte f\u00e9minas m\u00e1s, que saldr\u00e1n a los territorios a trabajar de la mano con el Ministerio del Poder Popular para la Salud y el Movimiento Somos Venezuela.<img loading=\"lazy\" decoding=\"async\" class=\"size-full wp-image-13971 aligncenter\" src=\"http:\/\/www.inces.gob.ve\/wp-content\/uploads\/2018\/04\/2promotoras-comunales.jpg\" alt=\"\" width=\"850\" height=\"638\" \/><\/span><\/p>\n<p style=\"text-align: justify;\" align=\"justify\">\u00a0<\/p>\n<p style=\"text-align: justify;\" align=\"justify\"><span style=\"font-family: Arial,sans-serif;\">Asimismo la constituyente por el estado Lara e integrante de la Comisi\u00f3n Permanente por los Derechos de la Mujer la igualdad y la Equidad de G\u00e9nero de la ANC, Blanca Romero se mostr\u00f3 agradecida por los espacios brindados por Inces y destac\u00f3 la articulaci\u00f3n revolucionaria permanente.<\/span><\/p>\n<p style=\"text-align: justify;\" align=\"justify\">\u00a0<\/p>\n<p style=\"text-align: justify;\" align=\"justify\"><span style=\"font-family: Arial,sans-serif;\">Romero acot\u00f3 la aprobaci\u00f3n de la Ley Constituyente del Nacimiento y el Parto Humanizado pues, vinculado a una guerra econ\u00f3mica y la situaci\u00f3n de salud hospitalaria generada, estamos en un proceso de parto \u201cpariendo la patria nueva y la nueva sociedad\u201d.<\/span><\/p>\n<p style=\"text-align: justify;\" align=\"justify\">\u00a0<\/p>\n<p style=\"text-align: justify;\" align=\"justify\"><span style=\"font-family: Arial,sans-serif;\">Este plan ofrece a la mujer embarazada m\u00e1ximo nivel de protecci\u00f3n, la familia incorporada junto a toda la comunidad, especialmente para las dadoras de vida, dignidad para los nuevos seres que poblar\u00e1n nuestra hermosa patria, amor, alegr\u00eda y esperanza. Atr\u00e1s se quedar\u00e1 la intenci\u00f3n capitalista de ver a la mujer gestante como mercanc\u00eda, juntas por el rescate de nuestros valores ancestrales, s\u00f3lo en revoluci\u00f3n.<\/span><\/p>\n<p style=\"text-align: justify;\" align=\"justify\">\u00a0<\/p>\n<p style=\"text-align: justify;\" align=\"justify\">\u00a0<\/p>\n<p style=\"text-align: justify;\" align=\"justify\"><span style=\"font-family: Arial,sans-serif;\">Dannys Morillo<\/span><\/p>\n","protected":false},"excerpt":{"rendered":"<p>** Proceso intensivo de formaci\u00f3n todo un equipo que en conjunto lo hace posible<\/p>\n","protected":false},"author":15,"featured_media":13972,"comment_status":"closed","ping_status":"closed","sticky":false,"template":"","format":"aside","meta":{"footnotes":""},"categories":[2],"tags":[],"class_list":["post-13970","post","type-post","status-publish","format-aside","has-post-thumbnail","hentry","category-blog","post_format-post-format-aside"],"_links":{"self":[{"href":"https:\/\/inces.gob.ve\/index.php\/wp-json\/wp\/v2\/posts\/13970","targetHints":{"allow":["GET"]}}],"collection":[{"href":"https:\/\/inces.gob.ve\/index.php\/wp-json\/wp\/v2\/posts"}],"about":[{"href":"https:\/\/inces.gob.ve\/index.php\/wp-json\/wp\/v2\/types\/post"}],"author":[{"embeddable":true,"href":"https:\/\/inces.gob.ve\/index.php\/wp-json\/wp\/v2\/users\/15"}],"replies":[{"embeddable":true,"href":"https:\/\/inces.gob.ve\/index.php\/wp-json\/wp\/v2\/comments?post=13970"}],"version-history":[{"count":1,"href":"https:\/\/inces.gob.ve\/index.php\/wp-json\/wp\/v2\/posts\/13970\/revisions"}],"predecessor-version":[{"id":34859,"href":"https:\/\/inces.gob.ve\/index.php\/wp-json\/wp\/v2\/posts\/13970\/revisions\/34859"}],"wp:featuredmedia":[{"embeddable":true,"href":"https:\/\/inces.gob.ve\/index.php\/wp-json\/"}],"wp:attachment":[{"href":"https:\/\/inces.gob.ve\/index.php\/wp-json\/wp\/v2\/media?parent=13970"}],"wp:term":[{"taxonomy":"category","embeddable":true,"href":"https:\/\/inces.gob.ve\/index.php\/wp-json\/wp\/v2\/categories?post=13970"},{"taxonomy":"post_tag","embeddable":true,"href":"https:\/\/inces.gob.ve\/index.php\/wp-json\/wp\/v2\/tags?post=13970"}],"curies":[{"name":"wp","href":"https:\/\/api.w.org\/{rel}","templated":true}]}}