{"id":14017,"date":"2018-04-13T07:56:15","date_gmt":"2018-04-13T13:56:15","guid":{"rendered":"http:\/\/www.inces.gob.ve\/?p=14017"},"modified":"2020-05-28T20:32:46","modified_gmt":"2020-05-29T00:32:46","slug":"estudiantes-del-cfsg-wadaka-se-unen-al-emprendimiento-productivo","status":"publish","type":"post","link":"https:\/\/inces.gob.ve\/index.php\/2018\/04\/13\/estudiantes-del-cfsg-wadaka-se-unen-al-emprendimiento-productivo\/","title":{"rendered":"Estudiantes del CFSG Wad\u00e4ka se unen al Emprendimiento Productivo"},"content":{"rendered":"<p style=\"text-align: justify;\" align=\"justify\"><span style=\"font-family: Arial,sans-serif;\"><i><b>** La marca Wad\u00e4ka abre la brecha con productos de innovaci\u00f3n en materia de alimentos saludables con alto valor nutricional<\/b><\/i><\/span><\/p>\n<p style=\"text-align: justify;\" align=\"justify\"><!--more--><\/p>\n<p style=\"text-align: justify;\" align=\"justify\"><span style=\"font-family: Arial,sans-serif;\"><b>Prensa Inces.-<\/b> J\u00f3venes estudiantes que culminaron su formaci\u00f3n en las \u00e1reas de Panificaci\u00f3n Dom\u00e9stica, Elaboraci\u00f3n de Tortas y Dulcer\u00eda Criolla en el Centro de Formaci\u00f3n Socialista Gastr\u00f3nomico (CFSG) Wad\u00e4ka iniciaron su proceso de inclusi\u00f3n y emprendimiento con la finalidad de potenciar el sector turismo y la econom\u00eda sustentable del pa\u00eds. <\/span><\/p>\n<p style=\"text-align: justify;\" align=\"justify\">\u00a0<\/p>\n<p style=\"text-align: justify;\" align=\"justify\"><span style=\"font-family: Arial,sans-serif;\">Con esta nueva modalidad de empredimiento, el Instituto Nacional de Capacitaci\u00f3n y Educaci\u00f3n Socialista (Inces) apoya a la juventud productiva para que se organice en Empresas de Propiedad Social (EPS) o Unidades de Producci\u00f3n Familiar (UPF), de all\u00ed que el conocimiento no se quede en las aulas sino que transcienda de manera protag\u00f3nica a las comunidades y contribuya a la inserci\u00f3n de los j\u00f3venes al sistema laboral.<\/span><\/p>\n<p style=\"text-align: justify;\" align=\"justify\">\u00a0<\/p>\n<p style=\"text-align: justify;\" align=\"justify\"><span style=\"font-family: Arial,sans-serif;\">Esta fase de organizaci\u00f3n y financiamiento se llevar\u00e1 a cabo conjuntamente con la Gerencia General de Formaci\u00f3n Profesional, Gerencia de Encadenamiento Productivo y los diferentes entes gubernamentales y financieros en el \u00e1mbito nacional. <img loading=\"lazy\" decoding=\"async\" class=\"size-full wp-image-14019 aligncenter\" src=\"http:\/\/www.inces.gob.ve\/wp-content\/uploads\/2018\/04\/4Wad\u00e4ka.jpg\" alt=\"\" width=\"800\" height=\"534\" \/><\/span><\/p>\n<p style=\"text-align: justify;\" align=\"justify\">\u00a0<\/p>\n<p style=\"text-align: justify;\" align=\"justify\"><span style=\"font-family: Arial,sans-serif;\">Al respecto, el gerente general de Formaci\u00f3n Profesional, Richard Delgado, explic\u00f3 a los estudiantes las diferentes modalidades de participaci\u00f3n \u201cpueden incluirse en tres tipos de emprendimiento, uno que es para j\u00f3venes de 16 a 35 a\u00f1os, otro para adultos con m\u00e1s de 36 a\u00f1os y la \u00faltima modalidad tiene que ver con el financiamiento y el apoyo a las mujeres emprendedoras\u201d. <\/span><\/p>\n<p style=\"text-align: justify;\" align=\"justify\">\u00a0<\/p>\n<p style=\"text-align: justify;\" align=\"justify\">\u201c<span style=\"font-family: Arial,sans-serif;\">Una vez que culminamos la formaci\u00f3n iniciamos con tres fases: administraci\u00f3n, formulaci\u00f3n del proyecto y estructura de costo; esto con la finalidad de que nuestra juventud formule sus proyectos. La idea es hacer que estos j\u00f3venes se conviertan en formadores en diferentes espacios\u201d. <\/span><\/p>\n<p style=\"text-align: justify;\" align=\"justify\">\u00a0<\/p>\n<p style=\"text-align: justify;\" align=\"justify\"><span style=\"font-family: Arial,sans-serif;\">Se afianza la marca Wad\u00e4ka <\/span><\/p>\n<p style=\"text-align: justify;\" align=\"justify\">\u00a0<\/p>\n<p style=\"text-align: justify;\" align=\"justify\"><span style=\"font-family: Arial,sans-serif;\">Asimismo, se espera lograr que este grupo de j\u00f3venes conformen sus EPS o UPF una vez que hayan culminado su formaci\u00f3n utilizando la marca de alimentos y bebidas del Inces: Wad\u00e4ka, como sello principal de los productos a comercializar. Estos alimentos deber\u00e1n llevar los principios de la marca institucional: valores nutricionales, ingredientes alternativos, ancestrales y culturales. <img loading=\"lazy\" decoding=\"async\" class=\"size-full wp-image-14020 aligncenter\" src=\"http:\/\/www.inces.gob.ve\/wp-content\/uploads\/2018\/04\/3Wad\u00e4ka.jpg\" alt=\"\" width=\"850\" height=\"848\" \/><\/span><\/p>\n<p style=\"text-align: justify;\" align=\"justify\">\u00a0<\/p>\n<p style=\"text-align: justify;\" align=\"justify\"><span style=\"font-family: Arial,sans-serif;\">La Marca Wad\u00e4ka surge en el a\u00f1o 2017 como parte de una pol\u00edtica de comercializaci\u00f3n de los productos elaborados por los estudiantes del Inces en base a la funci\u00f3n de curso. Hasta ahora se ha venido trabajando en la forma, presentaci\u00f3n y calidad de cada producto, as\u00ed como en la conformaci\u00f3n del tipo de producto que se quiere vender, respetando as\u00ed los elementos y valores nutricionales como el uso de las harinas alternativas e ingredientes de innovaci\u00f3n ancestral. <\/span><\/p>\n<p style=\"text-align: justify;\" align=\"justify\"><img loading=\"lazy\" decoding=\"async\" class=\"size-full wp-image-14018 aligncenter\" src=\"http:\/\/www.inces.gob.ve\/wp-content\/uploads\/2018\/04\/5Wad\u00e4ka.jpg\" alt=\"\" width=\"850\" height=\"567\" \/><\/p>\n<p style=\"text-align: justify;\" align=\"justify\"><span style=\"font-family: Arial,sans-serif;\">La propuesta es que los estudiantes egresados no se desvinculen de la instituci\u00f3n, sino que comiencen a formar parte de la franquicia de la marca una vez que realicen su proyecto productivo. <\/span><\/p>\n<p style=\"text-align: justify;\" align=\"justify\">\u00a0<\/p>\n<p align=\"justify\">\u00a0<\/p>\n<p align=\"justify\">\u00a0<\/p>\n","protected":false},"excerpt":{"rendered":"<p>** La marca Wad\u00e4ka abre la brecha con productos de innovaci\u00f3n en materia de alimentos saludables con alto valor nutricional<\/p>\n","protected":false},"author":15,"featured_media":14021,"comment_status":"closed","ping_status":"closed","sticky":false,"template":"","format":"aside","meta":{"footnotes":""},"categories":[2],"tags":[],"class_list":["post-14017","post","type-post","status-publish","format-aside","has-post-thumbnail","hentry","category-blog","post_format-post-format-aside"],"_links":{"self":[{"href":"https:\/\/inces.gob.ve\/index.php\/wp-json\/wp\/v2\/posts\/14017","targetHints":{"allow":["GET"]}}],"collection":[{"href":"https:\/\/inces.gob.ve\/index.php\/wp-json\/wp\/v2\/posts"}],"about":[{"href":"https:\/\/inces.gob.ve\/index.php\/wp-json\/wp\/v2\/types\/post"}],"author":[{"embeddable":true,"href":"https:\/\/inces.gob.ve\/index.php\/wp-json\/wp\/v2\/users\/15"}],"replies":[{"embeddable":true,"href":"https:\/\/inces.gob.ve\/index.php\/wp-json\/wp\/v2\/comments?post=14017"}],"version-history":[{"count":1,"href":"https:\/\/inces.gob.ve\/index.php\/wp-json\/wp\/v2\/posts\/14017\/revisions"}],"predecessor-version":[{"id":34851,"href":"https:\/\/inces.gob.ve\/index.php\/wp-json\/wp\/v2\/posts\/14017\/revisions\/34851"}],"wp:featuredmedia":[{"embeddable":true,"href":"https:\/\/inces.gob.ve\/index.php\/wp-json\/"}],"wp:attachment":[{"href":"https:\/\/inces.gob.ve\/index.php\/wp-json\/wp\/v2\/media?parent=14017"}],"wp:term":[{"taxonomy":"category","embeddable":true,"href":"https:\/\/inces.gob.ve\/index.php\/wp-json\/wp\/v2\/categories?post=14017"},{"taxonomy":"post_tag","embeddable":true,"href":"https:\/\/inces.gob.ve\/index.php\/wp-json\/wp\/v2\/tags?post=14017"}],"curies":[{"name":"wp","href":"https:\/\/api.w.org\/{rel}","templated":true}]}}