{"id":14042,"date":"2018-04-13T11:02:17","date_gmt":"2018-04-13T17:02:17","guid":{"rendered":"http:\/\/www.inces.gob.ve\/?p=14042"},"modified":"2020-05-28T20:32:46","modified_gmt":"2020-05-29T00:32:46","slug":"reparacion-bombillos-ahorradores-fortalece-reciclaje-conciencia-liberadora","status":"publish","type":"post","link":"https:\/\/inces.gob.ve\/index.php\/2018\/04\/13\/reparacion-bombillos-ahorradores-fortalece-reciclaje-conciencia-liberadora\/","title":{"rendered":"Reparaci\u00f3n de bombillos ahorradores fortalece el reciclaje con conciencia liberadora"},"content":{"rendered":"<p class=\"western\" style=\"text-align: justify;\"><i><b><span style=\"font-size: medium;\">** \u201cEsta formaci\u00f3n nos libera del yugo del consumo que nos han impuesto a trav\u00e9s de la pr\u00e1ctica del desecho\u201d <\/span><\/b><\/i><\/p>\n<p style=\"text-align: justify;\"><!--more--><\/p>\n<p style=\"text-align: justify;\">\u00a0<\/p>\n<p class=\"western\" style=\"text-align: justify;\"><b>Prensa Inces<\/b><span style=\"font-family: Arial,serif;\"><b> (Vargas).- <\/b><\/span>El Instituto Nacional de Capacitaci\u00f3n y Educaci\u00f3n Socialista en la regi\u00f3n guaire\u00f1a realiza formaciones productivas de la mano con las comunidades del estado Vargas.<\/p>\n<p class=\"western\" style=\"text-align: justify;\">\u00a0<\/p>\n<p class=\"western\" style=\"text-align: justify;\">El taller \u201cReparaci\u00f3n de Bombillos Ahorradores\u201d destaca la figura del reciclaje de un producto que simplemente era desechado al dejar de funcionar, logrando con esto adquirir uno nuevo, pese al alto costo que ocasiona su compra.<img loading=\"lazy\" decoding=\"async\" class=\"size-full wp-image-14046 aligncenter\" src=\"http:\/\/www.inces.gob.ve\/wp-content\/uploads\/2018\/04\/1conciencia-liberadora-.jpg\" alt=\"\" width=\"650\" height=\"489\" \/><\/p>\n<p class=\"western\" style=\"text-align: justify;\">\u00a0<\/p>\n<p class=\"western\" style=\"text-align: justify;\">En el Inces Vargas, los maestros t\u00e9cnicos productivos C\u00e9sar S\u00e1nchez, Pastor D\u00edaz, Jos\u00e9 Parra y Pedro Moreno llevan a las comunidades estos conocimientos con el fin de crear la conciencia del ahorro y fomentar la cultura del reciclaje.<\/p>\n<p class=\"western\" style=\"text-align: justify;\">\u00a0<\/p>\n<p class=\"western\" style=\"text-align: justify;\">Un curso de seguridad Industrial antecede a esta formaci\u00f3n para determinar las normas a seguir durante el ejercicio de reparaci\u00f3n, en cuarenta (40) horas todas y todas sin exclusi\u00f3n, pueden llegar a reparar m\u00e1s de 40 bombillos ahorradores.<\/p>\n<p class=\"western\" style=\"text-align: justify;\">\u00a0<\/p>\n<p class=\"western\" style=\"text-align: justify;\"><a name=\"__DdeLink__123_1715194068\"><\/a>F\u00e9lix Suarez, supervisor docente del eje Catia La Mar &#8211; Urimare detalla la importancia de realizar este curso ya que nos libera del yugo del consumo que nos han impuesto a trav\u00e9s de la pr\u00e1ctica del desecho; y tambi\u00e9n comenta que en las instituciones del estado, consejos comunales, escuelas, liceos y entes privados han mostrado su disposici\u00f3n a realizar esta formaci\u00f3n para implementarlo en su entorno ya que elimina gastos a trav\u00e9s del reciclaje del bombillo.<\/p>\n<p class=\"western\" style=\"text-align: justify;\"><img loading=\"lazy\" decoding=\"async\" class=\"size-full wp-image-14044 aligncenter\" src=\"http:\/\/www.inces.gob.ve\/wp-content\/uploads\/2018\/04\/4conciencia-liberadora-.jpg\" alt=\"\" width=\"800\" height=\"600\" \/><\/p>\n<p class=\"western\" style=\"text-align: justify;\">Se han realizado m\u00e1s de 20 formaciones que han multiplicado la experiencia en todo el estado, logrando difundir estos conocimientos liberadores a n\u00fameros considerables al igual que las certificaciones de saberes.<\/p>\n<p class=\"western\" style=\"text-align: justify;\">\u00a0<\/p>\n<p class=\"western\" style=\"text-align: justify;\">T\/ Zuvalqui Duarte<\/p>\n<p class=\"western\" style=\"text-align: justify;\">\u00a0<\/p>\n<p class=\"western\" style=\"text-align: justify;\">\u00a0<\/p>\n<p class=\"western\" style=\"text-align: justify;\">\u00a0<\/p>\n","protected":false},"excerpt":{"rendered":"<p>** \u201cEsta formaci\u00f3n nos libera del yugo del consumo que nos han impuesto a trav\u00e9s de la pr\u00e1ctica del desecho\u201d<\/p>\n","protected":false},"author":15,"featured_media":14043,"comment_status":"closed","ping_status":"closed","sticky":false,"template":"","format":"aside","meta":{"footnotes":""},"categories":[2],"tags":[],"class_list":["post-14042","post","type-post","status-publish","format-aside","has-post-thumbnail","hentry","category-blog","post_format-post-format-aside"],"_links":{"self":[{"href":"https:\/\/inces.gob.ve\/index.php\/wp-json\/wp\/v2\/posts\/14042","targetHints":{"allow":["GET"]}}],"collection":[{"href":"https:\/\/inces.gob.ve\/index.php\/wp-json\/wp\/v2\/posts"}],"about":[{"href":"https:\/\/inces.gob.ve\/index.php\/wp-json\/wp\/v2\/types\/post"}],"author":[{"embeddable":true,"href":"https:\/\/inces.gob.ve\/index.php\/wp-json\/wp\/v2\/users\/15"}],"replies":[{"embeddable":true,"href":"https:\/\/inces.gob.ve\/index.php\/wp-json\/wp\/v2\/comments?post=14042"}],"version-history":[{"count":1,"href":"https:\/\/inces.gob.ve\/index.php\/wp-json\/wp\/v2\/posts\/14042\/revisions"}],"predecessor-version":[{"id":34847,"href":"https:\/\/inces.gob.ve\/index.php\/wp-json\/wp\/v2\/posts\/14042\/revisions\/34847"}],"wp:featuredmedia":[{"embeddable":true,"href":"https:\/\/inces.gob.ve\/index.php\/wp-json\/"}],"wp:attachment":[{"href":"https:\/\/inces.gob.ve\/index.php\/wp-json\/wp\/v2\/media?parent=14042"}],"wp:term":[{"taxonomy":"category","embeddable":true,"href":"https:\/\/inces.gob.ve\/index.php\/wp-json\/wp\/v2\/categories?post=14042"},{"taxonomy":"post_tag","embeddable":true,"href":"https:\/\/inces.gob.ve\/index.php\/wp-json\/wp\/v2\/tags?post=14042"}],"curies":[{"name":"wp","href":"https:\/\/api.w.org\/{rel}","templated":true}]}}