{"id":14050,"date":"2018-04-13T11:17:30","date_gmt":"2018-04-13T17:17:30","guid":{"rendered":"http:\/\/www.inces.gob.ve\/?p=14050"},"modified":"2020-05-28T20:32:46","modified_gmt":"2020-05-29T00:32:46","slug":"inces-falcon-impulsan-frente-mujeres-productivas","status":"publish","type":"post","link":"https:\/\/inces.gob.ve\/index.php\/2018\/04\/13\/inces-falcon-impulsan-frente-mujeres-productivas\/","title":{"rendered":"En Inces Falc\u00f3n impulsan el Frente de Mujeres Productivas"},"content":{"rendered":"<p class=\"western\" style=\"text-align: justify;\" align=\"justify\"><span style=\"font-family: Arial,sans-serif;\"><i><b>** Esta instancia de participaci\u00f3n tiene una importante responsabilidad en el \u00e1mbito pol\u00edtico sustentado en la atenci\u00f3n social con el pueblo<\/b><\/i><\/span><\/p>\n<p class=\"western\" style=\"text-align: justify;\" align=\"justify\">\u00a0<!--more--><\/p>\n<p align=\"justify\">\u00a0<\/p>\n<p class=\"western\" style=\"text-align: justify;\" align=\"justify\"><span style=\"font-family: Arial,sans-serif;\"><b>Prensa Inces (Falc\u00f3n).<\/b>&#8211; Partiendo de que son la mujeres y los j\u00f3venes los que representan la fuerza productiva del pa\u00eds, durante el d\u00eda de ayer simult\u00e1neamente en los Centros de Formaci\u00f3n Socialista del Inces de las ciudades de Coro y Punto Fijo, las mujeres tomaron la iniciativa de agruparse y debatir ideas para la conformaci\u00f3n del Frente de Mujeres Productivas, con la finalidad de incorporarse a los proyectos de formaci\u00f3n, capacitaci\u00f3n y certificaci\u00f3n de saberes de las diferentes \u00e1reas y aportar de esta forma a la recuperaci\u00f3n de la econom\u00eda en el pa\u00eds. <\/span><\/p>\n<p class=\"western\" style=\"text-align: justify;\" align=\"justify\">\u00a0<\/p>\n<p class=\"western\" style=\"text-align: justify;\" align=\"justify\"><span style=\"font-family: Arial,sans-serif;\">Inici\u00f3 su presentaci\u00f3n \u00c1ngela D\u00edaz, de la Coordinaci\u00f3n de Cultura del Inces Falc\u00f3n, manifestando que se deben unificar esfuerzos para impulsar a trav\u00e9s de proyectos socioproductivos, los motores prioritarios en las \u00e1reas: agroalimentaria, turismo, econom\u00eda comunal, forestal y construcci\u00f3n. \u201cDebemos producir, hay que so\u00f1ar y dar un paso al frente para lograr emprender y aportar, el Inces es un ente formador\u201d.<img loading=\"lazy\" decoding=\"async\" class=\"size-full wp-image-14055 aligncenter\" src=\"http:\/\/www.inces.gob.ve\/wp-content\/uploads\/2018\/04\/1Frente-de-Mujeres.jpg\" alt=\"\" width=\"850\" height=\"567\" \/><\/span><\/p>\n<p class=\"western\" style=\"text-align: justify;\" align=\"justify\">\u00a0<\/p>\n<p class=\"western\" style=\"text-align: justify;\" align=\"justify\"><a name=\"x_divtagdefaultwrapper\"><\/a><a name=\"divtagdefaultwrapper\"><\/a> <span style=\"font-family: Arial,sans-serif;\">Inform\u00f3 D\u00edaz que en cada espacio de la instituci\u00f3n debe existir, por orientaciones de la presidencia del Inces, un Frente de Mujeres Productivas, el cual debe contar a su vez con una vocer\u00eda principal de Informaci\u00f3n y Comunicaci\u00f3n, Movilizaci\u00f3n y Agitaci\u00f3n, Formaci\u00f3n y Producci\u00f3n. <\/span><\/p>\n<p class=\"western\" style=\"text-align: justify;\" align=\"justify\">\u00a0<\/p>\n<p class=\"western\" style=\"text-align: justify;\" align=\"justify\"><span style=\"font-family: Arial,sans-serif;\">Explic\u00f3 Eneyda Mart\u00ednez Rodr\u00edguez, gerente regional del Inces Falc\u00f3n, como el Frente de Mujeres es una organizaci\u00f3n creada para ofrecer soluciones hacia lo productivo y la soberan\u00eda y que radicar\u00e1 en las mujeres, donde la responsabilidad y las funciones son un compromiso voluntario. Consider\u00f3 que el Frente de Mujeres tiene una importante responsabilidad en el \u00e1mbito pol\u00edtico sustentado en la atenci\u00f3n social con el pueblo, pero lo m\u00e1s importante a\u00fan es la responsabilidad que est\u00e1 soportada en los brazos de las mujeres y los j\u00f3venes de impulsar la transformaci\u00f3n del pa\u00eds.<img loading=\"lazy\" decoding=\"async\" class=\"size-full wp-image-14054 aligncenter\" src=\"http:\/\/www.inces.gob.ve\/wp-content\/uploads\/2018\/04\/3Frente-de-Mujeres.jpg\" alt=\"\" width=\"850\" height=\"452\" \/><\/span><\/p>\n<p class=\"western\" style=\"text-align: justify;\" align=\"justify\">\u00a0<\/p>\n<p class=\"western\" style=\"text-align: justify;\" align=\"justify\">\u201c<span style=\"font-family: Arial,sans-serif;\">El Inces trabaja de la mano con las comunidades organizadas, con los movimientos sociales y debemos trabajar unidos por la remoralizaci\u00f3n del pueblo. La mayor\u00eda somos mujeres y somos mujeres de retos y es el momento hist\u00f3rico donde la patria nos necesita y requiere de nuestros aportes, debemos generar optimismo, esperanzas, celebrar que estamos organiz\u00e1ndonos para dar y elevar propuestas\u201d, puntualiz\u00f3 Eneyda Rodr\u00edguez.<img loading=\"lazy\" decoding=\"async\" class=\"alignnone size-full wp-image-14053\" src=\"http:\/\/www.inces.gob.ve\/wp-content\/uploads\/2018\/04\/6Frente-de-Mujeres.jpg\" alt=\"\" width=\"850\" height=\"515\" \/><\/span><\/p>\n<p class=\"western\" style=\"text-align: justify;\" align=\"justify\">\u00a0<\/p>\n<p class=\"western\" style=\"text-align: justify;\" align=\"justify\"><span style=\"font-family: Arial,sans-serif;\">Por su parte, Juana D\u00edaz, del municipio Zamora, consider\u00f3 que para nadie es un secreto que las organizaciones integradas por mujeres productivas tienen mayor fortaleza, para lograr encadenamientos, redes de producci\u00f3n, dise\u00f1ar y evaluar proyectos. Incluir a las mujeres en los procesos de producci\u00f3n nacional es darles un impulso para que se empoderen y contribuyan con la consolidaci\u00f3n de una econom\u00eda socialista de base popular, sustentable y con igualdad y equidad de g\u00e9nero.<img loading=\"lazy\" decoding=\"async\" class=\"size-full wp-image-14052 aligncenter\" src=\"http:\/\/www.inces.gob.ve\/wp-content\/uploads\/2018\/04\/7Frente-de-Mujeres.jpg\" alt=\"\" width=\"850\" height=\"550\" \/><\/span><\/p>\n<p class=\"western\" style=\"text-align: justify;\" align=\"justify\">\u00a0<\/p>\n<p class=\"western\" style=\"text-align: justify;\" align=\"justify\"><span style=\"font-family: Arial,sans-serif;\">De igual forma, Yared Andrade de la Unidad de Asistencia Integral al Participante, precis\u00f3 que a manera de visionar la sustentabilidad del frente hay que afinar estrategias para solventar necesidades comunes desde cualquier punto de vista, como el econ\u00f3mico y el alimentario, \u201chay que motivar a las personas, para nadie es un secreto, que la guerra que se ha implementado en el pa\u00eds busca desmotivar a los movimientos sociales y a las comunidades en general\u201d.<\/span><\/p>\n<p class=\"western\" style=\"text-align: justify;\" align=\"justify\">\u00a0<\/p>\n<p class=\"western\" style=\"text-align: justify;\" align=\"justify\"><span style=\"font-family: Arial,sans-serif;\">T\/ Miriam Gonz\u00e1lez Villarroel<\/span><\/p>\n","protected":false},"excerpt":{"rendered":"<p>** Esta instancia de participaci\u00f3n tiene una importante responsabilidad en el \u00e1mbito pol\u00edtico sustentado en la atenci\u00f3n social con el pueblo \u00a0<\/p>\n","protected":false},"author":15,"featured_media":14051,"comment_status":"closed","ping_status":"closed","sticky":false,"template":"","format":"aside","meta":{"footnotes":""},"categories":[2],"tags":[],"class_list":["post-14050","post","type-post","status-publish","format-aside","has-post-thumbnail","hentry","category-blog","post_format-post-format-aside"],"_links":{"self":[{"href":"https:\/\/inces.gob.ve\/index.php\/wp-json\/wp\/v2\/posts\/14050","targetHints":{"allow":["GET"]}}],"collection":[{"href":"https:\/\/inces.gob.ve\/index.php\/wp-json\/wp\/v2\/posts"}],"about":[{"href":"https:\/\/inces.gob.ve\/index.php\/wp-json\/wp\/v2\/types\/post"}],"author":[{"embeddable":true,"href":"https:\/\/inces.gob.ve\/index.php\/wp-json\/wp\/v2\/users\/15"}],"replies":[{"embeddable":true,"href":"https:\/\/inces.gob.ve\/index.php\/wp-json\/wp\/v2\/comments?post=14050"}],"version-history":[{"count":1,"href":"https:\/\/inces.gob.ve\/index.php\/wp-json\/wp\/v2\/posts\/14050\/revisions"}],"predecessor-version":[{"id":34846,"href":"https:\/\/inces.gob.ve\/index.php\/wp-json\/wp\/v2\/posts\/14050\/revisions\/34846"}],"wp:featuredmedia":[{"embeddable":true,"href":"https:\/\/inces.gob.ve\/index.php\/wp-json\/"}],"wp:attachment":[{"href":"https:\/\/inces.gob.ve\/index.php\/wp-json\/wp\/v2\/media?parent=14050"}],"wp:term":[{"taxonomy":"category","embeddable":true,"href":"https:\/\/inces.gob.ve\/index.php\/wp-json\/wp\/v2\/categories?post=14050"},{"taxonomy":"post_tag","embeddable":true,"href":"https:\/\/inces.gob.ve\/index.php\/wp-json\/wp\/v2\/tags?post=14050"}],"curies":[{"name":"wp","href":"https:\/\/api.w.org\/{rel}","templated":true}]}}