{"id":14058,"date":"2018-04-13T11:33:47","date_gmt":"2018-04-13T17:33:47","guid":{"rendered":"http:\/\/www.inces.gob.ve\/?p=14058"},"modified":"2020-05-28T20:32:46","modified_gmt":"2020-05-29T00:32:46","slug":"14058","status":"publish","type":"post","link":"https:\/\/inces.gob.ve\/index.php\/2018\/04\/13\/14058\/","title":{"rendered":"Mart\u00ednez : \u201c Victoria del 13 de abril fue posible gracias a la uni\u00f3n C\u00edvico &#8211; Militar\u201d"},"content":{"rendered":"<p class=\"western\" style=\"text-align: justify;\"><span style=\"font-family: Arial,sans-serif;\"><i><b>** En aras de recordar los hechos acaecidos en el pa\u00eds los d\u00edas 11,12 y 13 de abril de 2002, se efectu\u00f3 la formaci\u00f3n dirigida a m\u00e1s de 40 servidores p\u00fablicos de la Fundaci\u00f3n para la Promoci\u00f3n de la Salud del Estado Bolivariano de Cojedes (<\/b><\/i><\/span><em><span style=\"font-family: Arial,sans-serif;\"><i><b>FUNDASALUD)<\/b><\/i><\/span><\/em><span style=\"font-family: Arial,sans-serif;\"><i><b> junto a los J\u00f3venes del Movimiento \u201cSomos Inces\u201d. <\/b><\/i><\/span><\/p>\n<p class=\"western\" style=\"text-align: justify;\"><!--more--><\/p>\n<p>&nbsp;<\/p>\n<p class=\"western\" style=\"text-align: justify;\"><span style=\"font-family: Arial,sans-serif;\"><b>Prensa Inces <\/b><b>(<\/b><b>Cojedes<\/b><b>)<\/b><i><b>.-<\/b><\/i>La formaci\u00f3n se llev\u00f3 a cabo como parte de los planes formativos de la Gobernaci\u00f3n del estado Bolivariano de Cojedes, liderado por Margaud Godoy, con la alianza estrat\u00e9gica entre la Escuela de Formaci\u00f3n Al\u00ed Primera y el Inces. <\/span><\/p>\n<p class=\"western\" style=\"text-align: justify;\"><img loading=\"lazy\" decoding=\"async\" class=\"size-full wp-image-14060 aligncenter\" src=\"http:\/\/www.inces.gob.ve\/wp-content\/uploads\/2018\/04\/513-de-abril-.jpg\" alt=\"\" width=\"850\" height=\"638\" \/><\/p>\n<p class=\"western\" style=\"text-align: justify;\"><span style=\"font-family: Arial,sans-serif;\">Con el tema \u201cGolpe Militar como herramienta de dominaci\u00f3n imperial\u201d, debatieron y conversaron sobre la coyuntura pol\u00edtica del mundo y de Venezuela, se pudo observar la cronolog\u00eda hist\u00f3rica de los golpes de Estado en Am\u00e9rica Latina, as\u00ed como tambi\u00e9n se analizaron videos y noticias del acontecer pol\u00edtico global. <img loading=\"lazy\" decoding=\"async\" class=\"size-full wp-image-14062 aligncenter\" src=\"http:\/\/www.inces.gob.ve\/wp-content\/uploads\/2018\/04\/213-de-abril-.jpg\" alt=\"\" width=\"850\" height=\"638\" \/><\/span><\/p>\n<p class=\"western\" style=\"text-align: justify;\">\u00a0<\/p>\n<p class=\"western\" style=\"text-align: justify;\">\u201c<span style=\"font-family: Arial,sans-serif;\">En el 2002 no se llevaron a Ch\u00e1vez, se llevaron la dignidad del pueblo\u201d, expres\u00f3 el facilitador y gerente regional del Inces, Jos\u00e9 Antonio Mart\u00ednez, quien en compa\u00f1\u00eda de los formadores de la EFAP, estuvieron a cargo de la jornada, hizo referencia a la mal llamada \u201cextra\u00f1a dictadura\u201d por sectores de la derecha venezolana, cuando en el pa\u00eds se han realizado 24 elecciones para ratificar el proyecto Bolivariano. <\/span><\/p>\n<p class=\"western\" style=\"text-align: justify;\"><img loading=\"lazy\" decoding=\"async\" class=\"size-full wp-image-14061 aligncenter\" src=\"http:\/\/www.inces.gob.ve\/wp-content\/uploads\/2018\/04\/413-de-abril-.jpg\" alt=\"\" width=\"850\" height=\"638\" \/><\/p>\n<p class=\"western\" style=\"text-align: justify;\"><span style=\"font-family: Arial,sans-serif;\">As\u00ed mismo, Doris Torres, trabajadora de Fundasalud, comparti\u00f3 la importancia de recordar la historia, \u201chay mucha gente que esta desinformada de los acontecimientos del pa\u00eds. Es importante reconocer que las naciones que han sido victimas de intervenciones lo que vemos hoy en d\u00eda es desigualdad social, destrucci\u00f3n de la infraestructura, muerte\u201d, invit\u00f3 a forjar cada d\u00eda m\u00e1s una cultura con conciencia y amor a la patria. <\/span><\/p>\n<p class=\"western\" style=\"text-align: justify;\"><span style=\"font-family: Arial,sans-serif;\">T\/ Nataly Reyes\/Sandra Loaiza<\/span><\/p>\n","protected":false},"excerpt":{"rendered":"<p>** En aras de recordar los hechos acaecidos en el pa\u00eds los d\u00edas 11,12 y 13 de abril de 2002, se efectu\u00f3 la formaci\u00f3n dirigida a m\u00e1s de 40 servidores p\u00fablicos de la Fundaci\u00f3n para la Promoci\u00f3n de la Salud del Estado Bolivariano de Cojedes (FUNDASALUD) junto a los J\u00f3venes del Movimiento \u201cSomos Inces\u201d.<\/p>\n","protected":false},"author":15,"featured_media":14063,"comment_status":"closed","ping_status":"closed","sticky":false,"template":"","format":"aside","meta":{"footnotes":""},"categories":[2],"tags":[],"class_list":["post-14058","post","type-post","status-publish","format-aside","has-post-thumbnail","hentry","category-blog","post_format-post-format-aside"],"_links":{"self":[{"href":"https:\/\/inces.gob.ve\/index.php\/wp-json\/wp\/v2\/posts\/14058","targetHints":{"allow":["GET"]}}],"collection":[{"href":"https:\/\/inces.gob.ve\/index.php\/wp-json\/wp\/v2\/posts"}],"about":[{"href":"https:\/\/inces.gob.ve\/index.php\/wp-json\/wp\/v2\/types\/post"}],"author":[{"embeddable":true,"href":"https:\/\/inces.gob.ve\/index.php\/wp-json\/wp\/v2\/users\/15"}],"replies":[{"embeddable":true,"href":"https:\/\/inces.gob.ve\/index.php\/wp-json\/wp\/v2\/comments?post=14058"}],"version-history":[{"count":1,"href":"https:\/\/inces.gob.ve\/index.php\/wp-json\/wp\/v2\/posts\/14058\/revisions"}],"predecessor-version":[{"id":34845,"href":"https:\/\/inces.gob.ve\/index.php\/wp-json\/wp\/v2\/posts\/14058\/revisions\/34845"}],"wp:featuredmedia":[{"embeddable":true,"href":"https:\/\/inces.gob.ve\/index.php\/wp-json\/"}],"wp:attachment":[{"href":"https:\/\/inces.gob.ve\/index.php\/wp-json\/wp\/v2\/media?parent=14058"}],"wp:term":[{"taxonomy":"category","embeddable":true,"href":"https:\/\/inces.gob.ve\/index.php\/wp-json\/wp\/v2\/categories?post=14058"},{"taxonomy":"post_tag","embeddable":true,"href":"https:\/\/inces.gob.ve\/index.php\/wp-json\/wp\/v2\/tags?post=14058"}],"curies":[{"name":"wp","href":"https:\/\/api.w.org\/{rel}","templated":true}]}}