{"id":14101,"date":"2018-04-16T13:57:08","date_gmt":"2018-04-16T19:57:08","guid":{"rendered":"http:\/\/www.inces.gob.ve\/?p=14101"},"modified":"2020-05-28T20:32:46","modified_gmt":"2020-05-29T00:32:46","slug":"movimiento-nacional-aprendices-inces-se-juramento-promover-candidatura-nicolas-maduro","status":"publish","type":"post","link":"https:\/\/inces.gob.ve\/index.php\/2018\/04\/16\/movimiento-nacional-aprendices-inces-se-juramento-promover-candidatura-nicolas-maduro\/","title":{"rendered":"Movimiento Nacional Aprendices Inces se jurament\u00f3 para promover candidatura de Nicol\u00e1s Maduro"},"content":{"rendered":"<p style=\"text-align: justify;\" align=\"justify\"><span style=\"font-family: Arial,sans-serif;\"><i><b>**Con la asistencia de Pedro Infante, ministro de la Juventud y del presidente del Inces Wuikelman Angel, el Movimiento Nacional de Aprendices se jurament\u00f3 con el objetivo de emprender la campa\u00f1a por la reelecci\u00f3n del presidente Nicol\u00e1s Maduro, en un acto realizado en las escaleras del parque Ezequiel Zamora (El Calvario), lugar emblem\u00e1tico del pueblo que respalda a la revoluci\u00f3n bolivariana durante estos \u00faltimos a\u00f1os <\/b><\/i><\/span><\/p>\n<p style=\"text-align: justify;\" align=\"justify\"><!--more-->\n <\/p>\n<p style=\"text-align: justify;\"><a name=\"more-7704\"><\/a><span style=\"font-family: Arial,sans-serif;\"><b>Prensa Inces(sede).<\/b><\/span><span style=\"font-family: Arial,sans-serif;\">&#8211;<\/span><span style=\"font-family: Arial,sans-serif;\">La actividad fue organizada por el movimiento de los aprendices Inces, en articulaci\u00f3n con el constituyentista por la juventud Oliver Guzm\u00e1n, y tiene como fin constituir un comando de campa\u00f1a integrado a los movimientos juveniles que trabajar\u00e1n por la candidatura de Nicol\u00e1s Maduro que ha presentado su programa de gobierno en el Plan de la Patria para los a\u00f1os 2018-2024.<\/span><\/p>\n<p style=\"text-align: justify;\">\n <\/p>\n<p style=\"text-align: justify;\">\u201c<span style=\"font-family: Arial,sans-serif;\">Hoy la juventud productiva y la juventud que se forma en el Inces se est\u00e1 sumando a la construcci\u00f3n de un pa\u00eds soberano y plenamente independiente para garantizar la victoria del candidato que en los \u00faltimos cinco a\u00f1os ha soportado los ataques que presidente venezolano alguno haya soportado en la historia republicana del pa\u00eds\u201d, dijo el ministro Infante frente a los j\u00f3venes que plenaron buena parte de las escaleras del Calvario. <\/span><\/p>\n<p style=\"text-align: justify;\"><span style=\"font-family: Arial,sans-serif;\"><img loading=\"lazy\" decoding=\"async\" class=\"size-full wp-image-14102 aligncenter\" src=\"http:\/\/www.inces.gob.ve\/wp-content\/uploads\/2018\/04\/4promover-candidatura.jpg\" alt=\"\" width=\"850\" height=\"567\" \/><\/span><\/p>\n<p style=\"text-align: justify;\">\n <span style=\"font-family: Arial,sans-serif;\">El ministro se\u00f1al\u00f3 adem\u00e1s que en estos momentos las fuerzas externas que atacan al pa\u00eds, y en particular al presidente Nicol\u00e1s Maduro, lo hacen porque se quieren apropiar de las cuantiosas riquezas energ\u00e9ticas que posee Venezuela en su subsuelo, y porque es el \u00fanico candidato que tiene un proyecto nacional para los j\u00f3venes con propuestas de empleo, acceso a la tecnolog\u00eda, vivienda juvenil, emprendimientos financiados y proyectos para seguir avanzando en los sistemas educativos. <\/span><\/p>\n<p style=\"text-align: justify;\">\n <\/p>\n<p style=\"text-align: justify;\">\n <\/p>\n<p style=\"text-align: justify;\"><span style=\"font-family: Arial,sans-serif;\">Por su parte el presidente de la instituci\u00f3n, Wuikelman Angel, manifest\u00f3 que el presidente Nicol\u00e1s Maduro en los \u00faltimos a\u00f1os ha desarrollado programas de gobierno pensando en los j\u00f3venes venezolanos, pues as\u00ed naci\u00f3 el Plan Chamba Juvenil, que est\u00e1 respaldado y articulado con los j\u00f3venes que se forman en el los 147 centros formativos del Inces presentes en todo el pa\u00eds. <\/span><\/p>\n<p style=\"text-align: justify;\"><span style=\"font-family: Arial,sans-serif;\"><img loading=\"lazy\" decoding=\"async\" class=\"size-full wp-image-14104 aligncenter\" src=\"http:\/\/www.inces.gob.ve\/wp-content\/uploads\/2018\/04\/2promover-candidatura.jpg\" alt=\"\" width=\"850\" height=\"567\" \/><\/span><\/p>\n<p style=\"text-align: justify;\">\n <\/p>\n<p style=\"text-align: justify;\">\u201c<span style=\"font-family: Arial,sans-serif;\">Este a\u00f1o tenemos la meta de superar la cifra de 750 mil j\u00f3venes inscritos y formados en el Inces para lograr los objetivos planteados de construir una Venezuela productiva, libre y soberana; el Inces est\u00e1 comprometido con la superaci\u00f3n del rentismo petrolero y trabaja para el logro de un nuevo modelo econ\u00f3mico productivo\u201d, se\u00f1al\u00f3 Angel ante los medios presentes en el acto. <img loading=\"lazy\" decoding=\"async\" class=\"size-full wp-image-14105 aligncenter\" src=\"http:\/\/www.inces.gob.ve\/wp-content\/uploads\/2018\/04\/1promover-candidatura.jpg\" alt=\"\" width=\"850\" height=\"567\" \/><\/span><\/p>\n<p style=\"text-align: justify;\">\n <\/p>\n<p style=\"text-align: justify;\"><span style=\"font-family: Arial,sans-serif;\">Freddy Mart\u00ednez<\/span><\/p>\n<p style=\"text-align: justify;\"><span style=\"font-family: Arial,sans-serif;\">F\/Rosario Jose<\/span><\/p>\n<p style=\"text-align: justify;\">\n <\/p>\n","protected":false},"excerpt":{"rendered":"<p>**Con la asistencia de Pedro Infante, ministro de la Juventud y del presidente del Inces Wuikelman Angel, el Movimiento Nacional de Aprendices se jurament\u00f3 con el objetivo de emprender la campa\u00f1a por la reelecci\u00f3n del presidente Nicol\u00e1s Maduro, en un acto realizado en las escaleras del parque Ezequiel Zamora (El Calvario), lugar emblem\u00e1tico del pueblo [&hellip;]<\/p>\n","protected":false},"author":15,"featured_media":14103,"comment_status":"closed","ping_status":"closed","sticky":false,"template":"","format":"aside","meta":{"footnotes":""},"categories":[2],"tags":[],"class_list":["post-14101","post","type-post","status-publish","format-aside","has-post-thumbnail","hentry","category-blog","post_format-post-format-aside"],"_links":{"self":[{"href":"https:\/\/inces.gob.ve\/index.php\/wp-json\/wp\/v2\/posts\/14101","targetHints":{"allow":["GET"]}}],"collection":[{"href":"https:\/\/inces.gob.ve\/index.php\/wp-json\/wp\/v2\/posts"}],"about":[{"href":"https:\/\/inces.gob.ve\/index.php\/wp-json\/wp\/v2\/types\/post"}],"author":[{"embeddable":true,"href":"https:\/\/inces.gob.ve\/index.php\/wp-json\/wp\/v2\/users\/15"}],"replies":[{"embeddable":true,"href":"https:\/\/inces.gob.ve\/index.php\/wp-json\/wp\/v2\/comments?post=14101"}],"version-history":[{"count":1,"href":"https:\/\/inces.gob.ve\/index.php\/wp-json\/wp\/v2\/posts\/14101\/revisions"}],"predecessor-version":[{"id":34838,"href":"https:\/\/inces.gob.ve\/index.php\/wp-json\/wp\/v2\/posts\/14101\/revisions\/34838"}],"wp:featuredmedia":[{"embeddable":true,"href":"https:\/\/inces.gob.ve\/index.php\/wp-json\/"}],"wp:attachment":[{"href":"https:\/\/inces.gob.ve\/index.php\/wp-json\/wp\/v2\/media?parent=14101"}],"wp:term":[{"taxonomy":"category","embeddable":true,"href":"https:\/\/inces.gob.ve\/index.php\/wp-json\/wp\/v2\/categories?post=14101"},{"taxonomy":"post_tag","embeddable":true,"href":"https:\/\/inces.gob.ve\/index.php\/wp-json\/wp\/v2\/tags?post=14101"}],"curies":[{"name":"wp","href":"https:\/\/api.w.org\/{rel}","templated":true}]}}