{"id":14135,"date":"2018-04-17T11:32:32","date_gmt":"2018-04-17T17:32:32","guid":{"rendered":"http:\/\/www.inces.gob.ve\/?p=14135"},"modified":"2020-05-28T20:32:45","modified_gmt":"2020-05-29T00:32:45","slug":"sucre-se-juramento-comando-campana-la-juventud-inces-productiva","status":"publish","type":"post","link":"https:\/\/inces.gob.ve\/index.php\/2018\/04\/17\/sucre-se-juramento-comando-campana-la-juventud-inces-productiva\/","title":{"rendered":"En Sucre se jurament\u00f3 el comando de campa\u00f1a de la juventud Inces Productiva"},"content":{"rendered":"<p style=\"text-align: justify;\" align=\"justify\"><span style=\"font-family: Arial,sans-serif;\"><i><b>** La jornada se realiz\u00f3 en apoyo a las pol\u00edticas de inclusi\u00f3n social que ofrece el Gobierno Bolivariano<\/b><\/i><\/span><\/p>\n<p style=\"text-align: justify;\" align=\"justify\"><!--more--><\/p>\n<p align=\"justify\">\u00a0<\/p>\n<p style=\"text-align: justify;\" align=\"justify\"><span style=\"font-family: Arial,sans-serif;\"><b>Prensa Inces (Sucre).<\/b>&#8211; M\u00e1s de 200 aprendices en Cuman\u00e1, estado Sucre, se juramentaron en las instalaciones del centro de formaci\u00f3n socialista (CFS) Bolivariano, como parte del Comando de Campa\u00f1a del sector de la Juventud Productiva, a fin de brindar un respaldo a las pol\u00edticas de inclusi\u00f3n social, laboral y de participaci\u00f3n que les ofrece el Gobierno Bolivariano, a trav\u00e9s de los proyectos y misiones socialistas que solo son posible en revoluci\u00f3n.<\/span><\/p>\n<p style=\"text-align: justify;\" align=\"justify\"><img loading=\"lazy\" decoding=\"async\" class=\"size-full wp-image-14139 aligncenter\" src=\"http:\/\/www.inces.gob.ve\/wp-content\/uploads\/2018\/04\/1juventud-Inces.jpg\" alt=\"\" width=\"850\" height=\"484\" \/><\/p>\n<p style=\"text-align: justify;\" align=\"justify\"><span style=\"font-family: Arial,sans-serif;\">El acto estuvo encabezado por el Movimiento \u201cSomos Aprendices\u201d, acompa\u00f1ados de las autoridades del Inces Regional Sucre y chamberos y chamberas del Plan Chamba Juvenil. Juan M\u00e1rquez, aprendiz Inces, expres\u00f3 como \u201caqu\u00ed seguimos respaldando todas las iniciativas del Gobierno Bolivariano. Quienes formamos parte de la juventud productiva mantenemos nuestro apoyo al proceso revolucionario, ya que es trav\u00e9s de \u00e9l, que todos los aqu\u00ed presentes hemos recibido m\u00e1s oportunidades, no solamente a nivel formativo, sino tambi\u00e9n a nivel laboral. Gracias a la revoluci\u00f3n hoy la juventud es tomada en cuenta para todos los proyectos productivos y sociales. Vamos a continuar con el proceso revolucionario, vamos los j\u00f3venes a seguir luchando por nuestro futuro\u201d.<\/span><\/p>\n<p style=\"text-align: justify;\" align=\"justify\"><img loading=\"lazy\" decoding=\"async\" class=\"size-full wp-image-14138 aligncenter\" src=\"http:\/\/www.inces.gob.ve\/wp-content\/uploads\/2018\/04\/2juventud-Inces.jpg\" alt=\"\" width=\"850\" height=\"519\" \/><\/p>\n<p style=\"text-align: justify;\" align=\"justify\"><span style=\"font-family: Arial,sans-serif;\">Por su parte, la aprendiz Dioselyn Gonz\u00e1lez, invit\u00f3 a la juventud a acompa\u00f1ar al presidente Nicol\u00e1s Maduro. \u201cHoy la juventud venezolana felicita y acompa\u00f1a al presidente Nicol\u00e1s Maduro en todos los proyectos futuros para Venezuela y el pueblo. Maduro es el hombre que se identifica con nosotros, el hombre que ha sabido comprometerse por y para la juventud, y que ha dicho \u201cme la juego con ustedes\u201d. Y aqu\u00ed est\u00e1 la juventud, presente y consecuente con nuestro protector\u201d.<\/span><\/p>\n<p style=\"text-align: justify;\" align=\"justify\"><img loading=\"lazy\" decoding=\"async\" class=\"size-full wp-image-14137 aligncenter\" src=\"http:\/\/www.inces.gob.ve\/wp-content\/uploads\/2018\/04\/4juventud-Inces.jpg\" alt=\"\" width=\"850\" height=\"638\" \/><\/p>\n<p style=\"text-align: justify;\" align=\"justify\"><span style=\"font-family: Arial,sans-serif;\">El Movimiento \u201cSomos Aprendices\u201d, hizo un llamado a la juventud a la participaci\u00f3n y acompa\u00f1amiento a todos los proyectos que desarrolla el gobierno bolivariano para el bienestar del pueblo; destacando en todo momento el compromiso revolucionario y la misi\u00f3n que tienen todos y todas, como futuro de la patria, este pr\u00f3ximo 20 de mayo.<\/span><\/p>\n<p style=\"text-align: justify;\" align=\"justify\">\u00a0<\/p>\n<p style=\"text-align: justify;\" align=\"justify\"><span style=\"font-family: Arial,sans-serif;\">T\/ Dayana Albarr\u00e1n<\/span><\/p>\n","protected":false},"excerpt":{"rendered":"<p>** La jornada se realiz\u00f3 en apoyo a las pol\u00edticas de inclusi\u00f3n social que ofrece el Gobierno Bolivariano<\/p>\n","protected":false},"author":15,"featured_media":14136,"comment_status":"closed","ping_status":"closed","sticky":false,"template":"","format":"aside","meta":{"footnotes":""},"categories":[2],"tags":[],"class_list":["post-14135","post","type-post","status-publish","format-aside","has-post-thumbnail","hentry","category-blog","post_format-post-format-aside"],"_links":{"self":[{"href":"https:\/\/inces.gob.ve\/index.php\/wp-json\/wp\/v2\/posts\/14135","targetHints":{"allow":["GET"]}}],"collection":[{"href":"https:\/\/inces.gob.ve\/index.php\/wp-json\/wp\/v2\/posts"}],"about":[{"href":"https:\/\/inces.gob.ve\/index.php\/wp-json\/wp\/v2\/types\/post"}],"author":[{"embeddable":true,"href":"https:\/\/inces.gob.ve\/index.php\/wp-json\/wp\/v2\/users\/15"}],"replies":[{"embeddable":true,"href":"https:\/\/inces.gob.ve\/index.php\/wp-json\/wp\/v2\/comments?post=14135"}],"version-history":[{"count":1,"href":"https:\/\/inces.gob.ve\/index.php\/wp-json\/wp\/v2\/posts\/14135\/revisions"}],"predecessor-version":[{"id":34832,"href":"https:\/\/inces.gob.ve\/index.php\/wp-json\/wp\/v2\/posts\/14135\/revisions\/34832"}],"wp:featuredmedia":[{"embeddable":true,"href":"https:\/\/inces.gob.ve\/index.php\/wp-json\/"}],"wp:attachment":[{"href":"https:\/\/inces.gob.ve\/index.php\/wp-json\/wp\/v2\/media?parent=14135"}],"wp:term":[{"taxonomy":"category","embeddable":true,"href":"https:\/\/inces.gob.ve\/index.php\/wp-json\/wp\/v2\/categories?post=14135"},{"taxonomy":"post_tag","embeddable":true,"href":"https:\/\/inces.gob.ve\/index.php\/wp-json\/wp\/v2\/tags?post=14135"}],"curies":[{"name":"wp","href":"https:\/\/api.w.org\/{rel}","templated":true}]}}