{"id":14142,"date":"2018-04-17T11:41:32","date_gmt":"2018-04-17T17:41:32","guid":{"rendered":"http:\/\/www.inces.gob.ve\/?p=14142"},"modified":"2020-05-28T20:32:45","modified_gmt":"2020-05-29T00:32:45","slug":"juramentado-comando-campana-del-movimiento-somos-aprendices","status":"publish","type":"post","link":"https:\/\/inces.gob.ve\/index.php\/2018\/04\/17\/juramentado-comando-campana-del-movimiento-somos-aprendices\/","title":{"rendered":"Juramentado comando de campa\u00f1a del Movimiento \u00abSomos Aprendices\u00bb"},"content":{"rendered":"<p><span style=\"font-family: Arial,sans-serif;\"><i><b>** Con la participaci\u00f3n de 670 aprendices del Inces Distrito Capital<\/b><\/i><\/span><\/p>\n<p>\n <!--more--><\/p>\n<p>&nbsp;<\/p>\n<p><span style=\"font-family: Arial,sans-serif;\"><b>Prensa Inces (<\/b><b>Dtto capital<\/b><b>).<\/b>\u2013El movimiento nacional \u201cSomos Aprendices\u201d se suma al comando de campa\u00f1a en apoyo irrestricto a la candidatura del primer mandatario nacional, Nicol\u00e1s Maduro, a las venideras elecciones presidenciales, en un acto efusivo que tuvo lugar en las escaleras de El Calvario, en Caracas.<\/span><\/p>\n<p>&nbsp;<\/p>\n<p><span style=\"font-family: Arial,sans-serif;\">Al acto hizo presencia el ministro del poder popular para la Juventud, Pedro Infante, junto a la viceministra de la Juventud Yurami Quintero. El presidente del Inces, Wuilkelman Angel, inst\u00f3 a los y aprendices a seguir por el camino de la formaci\u00f3n productiva, organiz\u00e1ndose, trabajando con ah\u00ednco para contribuir al desarrollo del pa\u00eds. Por su parte, Oliver Guzm\u00e1n, coordinador nacional de la Juventud Productiva Inces, expres\u00f3 estar satisfecho con el avance organizativo del movimiento, que \u201cnaci\u00f3 con buenas expectativas, y hoy es referencia importante de los movimientos juveniles del pa\u00eds\u201d.<img loading=\"lazy\" decoding=\"async\" class=\"size-full wp-image-14144 aligncenter\" src=\"http:\/\/www.inces.gob.ve\/wp-content\/uploads\/2018\/04\/2Somos-Aprendices.jpg\" alt=\"\" width=\"850\" height=\"638\" \/><\/span><\/p>\n<p>&nbsp;<\/p>\n<p><span style=\"font-family: Arial,sans-serif;\">Dentro de algunas de las propuestas que surgieron en la actividad se destaca el incremento de la edad para el ingreso al Programa Nacional de Aprendizaje, as\u00ed como el perfeccionamiento de los procesos de incorporaci\u00f3n de los aprendices en \u00e1mbitos productivos y de servicios, posterior a su formaci\u00f3n en el Inces.<\/span><\/p>\n<p>&nbsp;<\/p>\n<p><span style=\"font-family: Arial,sans-serif;\">Los aprendices elevan sus voces y consignas en agradecimiento al presidente Nicol\u00e1s Maduro por todo el apoyo que se les ha brindado desde el Ejecutivo nacional,\u00a0 as\u00ed lo puntualiz\u00f3 el joven Rafael Sivira, aprendiz del Inces Caracas y vocero nacional de movilizaci\u00f3n dentro del Movimiento.<\/span><\/p>\n<p><span style=\"font-family: Arial,sans-serif;\"><img loading=\"lazy\" decoding=\"async\" class=\"size-full wp-image-14145 aligncenter\" src=\"http:\/\/www.inces.gob.ve\/wp-content\/uploads\/2018\/04\/1Somos-Aprendices.jpg\" alt=\"\" width=\"850\" height=\"638\" \/><\/span><\/p>\n<p>&nbsp;<\/p>\n<p><span style=\"font-family: Arial,sans-serif;\">Jos\u00e9 Eugenio P\u00e9rez<\/span><\/p>\n<p>&nbsp;<\/p>\n","protected":false},"excerpt":{"rendered":"<p>** Con la participaci\u00f3n de 670 aprendices del Inces Distrito Capital<\/p>\n","protected":false},"author":15,"featured_media":14143,"comment_status":"closed","ping_status":"closed","sticky":false,"template":"","format":"aside","meta":{"footnotes":""},"categories":[2],"tags":[],"class_list":["post-14142","post","type-post","status-publish","format-aside","has-post-thumbnail","hentry","category-blog","post_format-post-format-aside"],"_links":{"self":[{"href":"https:\/\/inces.gob.ve\/index.php\/wp-json\/wp\/v2\/posts\/14142","targetHints":{"allow":["GET"]}}],"collection":[{"href":"https:\/\/inces.gob.ve\/index.php\/wp-json\/wp\/v2\/posts"}],"about":[{"href":"https:\/\/inces.gob.ve\/index.php\/wp-json\/wp\/v2\/types\/post"}],"author":[{"embeddable":true,"href":"https:\/\/inces.gob.ve\/index.php\/wp-json\/wp\/v2\/users\/15"}],"replies":[{"embeddable":true,"href":"https:\/\/inces.gob.ve\/index.php\/wp-json\/wp\/v2\/comments?post=14142"}],"version-history":[{"count":1,"href":"https:\/\/inces.gob.ve\/index.php\/wp-json\/wp\/v2\/posts\/14142\/revisions"}],"predecessor-version":[{"id":34831,"href":"https:\/\/inces.gob.ve\/index.php\/wp-json\/wp\/v2\/posts\/14142\/revisions\/34831"}],"wp:featuredmedia":[{"embeddable":true,"href":"https:\/\/inces.gob.ve\/index.php\/wp-json\/"}],"wp:attachment":[{"href":"https:\/\/inces.gob.ve\/index.php\/wp-json\/wp\/v2\/media?parent=14142"}],"wp:term":[{"taxonomy":"category","embeddable":true,"href":"https:\/\/inces.gob.ve\/index.php\/wp-json\/wp\/v2\/categories?post=14142"},{"taxonomy":"post_tag","embeddable":true,"href":"https:\/\/inces.gob.ve\/index.php\/wp-json\/wp\/v2\/tags?post=14142"}],"curies":[{"name":"wp","href":"https:\/\/api.w.org\/{rel}","templated":true}]}}