{"id":14150,"date":"2018-04-17T11:55:16","date_gmt":"2018-04-17T17:55:16","guid":{"rendered":"http:\/\/www.inces.gob.ve\/?p=14150"},"modified":"2020-05-28T20:32:45","modified_gmt":"2020-05-29T00:32:45","slug":"convenio-inces-carabobo-alcaldia-guacara-permite-clases-74-aprendices-jesus-obrero","status":"publish","type":"post","link":"https:\/\/inces.gob.ve\/index.php\/2018\/04\/17\/convenio-inces-carabobo-alcaldia-guacara-permite-clases-74-aprendices-jesus-obrero\/","title":{"rendered":"Convenio Inces Carabobo y Alcald\u00eda de Guacara permite clases para  74 aprendices en el \u201cJes\u00fas Obrero\u201d"},"content":{"rendered":"<p style=\"text-align: justify;\"><span style=\"font-family: Arial,sans-serif;\"><i><b>** En el CFS \u201cJes\u00fas Obrero\u201d donde devengar\u00e1n el 75% del salario m\u00ednimo y el bono de cestaticket mediante empresas privadas de la entidad<\/b><\/i><\/span><\/p>\n<p style=\"text-align: justify;\">\n <!--more--><\/p>\n<p>&nbsp;<\/p>\n<p style=\"text-align: justify;\"><span style=\"font-family: Arial,sans-serif;\"><b>(Prensa Inces Carabobo) <\/b>.-El Instituto Nacional de Capacitaci\u00f3n y Educaci\u00f3n Socialista (Inces) del estado Carabobo, en conjunto con la Alcald\u00eda del municipio Guacara, inici\u00f3 a la formaci\u00f3n de 74 nuevos aprendices en el \u00e1rea de Mantenimiento Industrial, Electromec\u00e1nica y Asistente Administrativo, en los espacios del Centro de Formaci\u00f3n Profesional \u201cJes\u00fas Obrero\u201d (CFP).<\/span><\/p>\n<p style=\"text-align: justify;\">\u00a0<\/p>\n<p style=\"text-align: justify;\"><span style=\"font-family: Arial,sans-serif;\">El gerente regional del Inces Carabobo, Guyen Soto dio la bienvenida a los j\u00f3venes y los incentiv\u00f3 a seguir prepar\u00e1ndose \u201cnosotros desde el Inces les damos las herramientas para aprender, porque creemos en la formaci\u00f3n de nuestra juventud, como nos los ha demostrado nuestro presidente obrero Nicol\u00e1s Maduro, con la creaci\u00f3n de planes como Chamba Juvenil. Apostamos por esa juventud venezolana, que lucha por avanzar cada d\u00eda, que es productiva y muestra de ello son estos 74 nuevos aprendices, los cuales desde hoy van a recibir una formaci\u00f3n, que en su primera fase, tendr\u00e1 un per\u00edodo de 18 meses en teor\u00eda.<\/span><\/p>\n<p style=\"text-align: justify;\">\u00a0<\/p>\n<p style=\"text-align: justify;\"><span style=\"font-family: Arial,sans-serif;\">El alcalde de la entidad Johan Casta\u00f1eda enfatiz\u00f3 en la importancia de la incorporaci\u00f3n de los j\u00f3venes en el \u00e1mbito laboral \u201choy desde este centro de formaci\u00f3n, donde se han formado tantos j\u00f3venes, estamos incorporando a m\u00e1s de 70 guacare\u00f1os, ellos, gracias a las pol\u00edticas del gobierno nacional, regional y municipal con el sector privado, recibir\u00e1n no s\u00f3lo la capacitaci\u00f3n, sino que adem\u00e1s, recibir\u00e1n su salario y el bono de alimentaci\u00f3n\u201d.<\/span><\/p>\n<p style=\"text-align: justify;\"><span style=\"font-family: Arial,sans-serif;\"><img loading=\"lazy\" decoding=\"async\" class=\"size-full wp-image-14152 aligncenter\" src=\"http:\/\/www.inces.gob.ve\/wp-content\/uploads\/2018\/04\/1aprendices-.jpg\" alt=\"\" width=\"850\" height=\"478\" \/><\/span><\/p>\n<p style=\"text-align: justify;\">\u00a0<\/p>\n<p style=\"text-align: justify;\"><span style=\"font-family: Arial,sans-serif;\">La aprendiz Inces, Adriana Romero indic\u00f3 estar satisfecha de formar parte del grupo de nuevos aprendices Inces \u201cestoy muy contenta de que gracias a estos convenios, nos hayan tomado en cuenta y que seamos nosotros los garantes de que hay una Venezuela hermosa por qu\u00e9 luchar y en la cual apostamos. Mis compa\u00f1eros y yo estamos muy agradecidos con todas las instituciones que hicieron esto posible\u201d.<\/span><\/p>\n<p style=\"text-align: justify;\">\u00a0<\/p>\n<p style=\"text-align: justify;\"><span style=\"font-family: Arial,sans-serif;\">En el acto inaugural estuvo presente el gerente Guyen Soto, el Jefe del Programa Nacional de Aprendices (PNA) del Inces Carabobo, Jes\u00fas Castillo, el director del Centro de Formaci\u00f3n Profesional \u201cJes\u00fas Obrero\u201d, H\u00e9ctor Veras, el alcalde del municipio Guacara, Johan Casta\u00f1eda, el presidente de la Empresa Municipal del Asfalto Guacara (Emag), Oswaldo Gordon, el director de Juventud y Asuntos Estudiantiles de la Alcald\u00eda de Guacara, Udai Amer y el alcalde del municipio Los Guayos, Miguel Burgos.<\/span><\/p>\n<p style=\"text-align: justify;\">\u00a0<\/p>\n<p style=\"text-align: justify;\"><span style=\"font-family: Arial,sans-serif;\">Comunicaciones Inces Carabobo<\/span><\/p>\n<p style=\"text-align: justify;\">\u00a0<\/p>\n<p style=\"text-align: justify;\">\u00a0<\/p>\n<p style=\"text-align: justify;\">\u00a0<\/p>\n<p style=\"text-align: justify;\">\u00a0<\/p>\n<p style=\"text-align: justify;\">\u00a0<\/p>\n","protected":false},"excerpt":{"rendered":"<p>** En el CFS \u201cJes\u00fas Obrero\u201d donde devengar\u00e1n el 75% del salario m\u00ednimo y el bono de cestaticket mediante empresas privadas de la entidad<\/p>\n","protected":false},"author":15,"featured_media":14151,"comment_status":"closed","ping_status":"closed","sticky":false,"template":"","format":"aside","meta":{"footnotes":""},"categories":[2],"tags":[],"class_list":["post-14150","post","type-post","status-publish","format-aside","has-post-thumbnail","hentry","category-blog","post_format-post-format-aside"],"_links":{"self":[{"href":"https:\/\/inces.gob.ve\/index.php\/wp-json\/wp\/v2\/posts\/14150","targetHints":{"allow":["GET"]}}],"collection":[{"href":"https:\/\/inces.gob.ve\/index.php\/wp-json\/wp\/v2\/posts"}],"about":[{"href":"https:\/\/inces.gob.ve\/index.php\/wp-json\/wp\/v2\/types\/post"}],"author":[{"embeddable":true,"href":"https:\/\/inces.gob.ve\/index.php\/wp-json\/wp\/v2\/users\/15"}],"replies":[{"embeddable":true,"href":"https:\/\/inces.gob.ve\/index.php\/wp-json\/wp\/v2\/comments?post=14150"}],"version-history":[{"count":1,"href":"https:\/\/inces.gob.ve\/index.php\/wp-json\/wp\/v2\/posts\/14150\/revisions"}],"predecessor-version":[{"id":34830,"href":"https:\/\/inces.gob.ve\/index.php\/wp-json\/wp\/v2\/posts\/14150\/revisions\/34830"}],"wp:featuredmedia":[{"embeddable":true,"href":"https:\/\/inces.gob.ve\/index.php\/wp-json\/"}],"wp:attachment":[{"href":"https:\/\/inces.gob.ve\/index.php\/wp-json\/wp\/v2\/media?parent=14150"}],"wp:term":[{"taxonomy":"category","embeddable":true,"href":"https:\/\/inces.gob.ve\/index.php\/wp-json\/wp\/v2\/categories?post=14150"},{"taxonomy":"post_tag","embeddable":true,"href":"https:\/\/inces.gob.ve\/index.php\/wp-json\/wp\/v2\/tags?post=14150"}],"curies":[{"name":"wp","href":"https:\/\/api.w.org\/{rel}","templated":true}]}}