{"id":14185,"date":"2018-04-18T09:53:51","date_gmt":"2018-04-18T15:53:51","guid":{"rendered":"http:\/\/www.inces.gob.ve\/?p=14185"},"modified":"2020-05-28T20:32:45","modified_gmt":"2020-05-29T00:32:45","slug":"aprendices-del-inces-bolivar-realizaron-encuentro-saberes","status":"publish","type":"post","link":"https:\/\/inces.gob.ve\/index.php\/2018\/04\/18\/aprendices-del-inces-bolivar-realizaron-encuentro-saberes\/","title":{"rendered":"Aprendices del Inces Bol\u00edvar realizaron Encuentro de Saberes"},"content":{"rendered":"<p style=\"text-align: justify;\"><span style=\"font-family: Arial,sans-serif;\"><i><b>** El equipo ganador fue premiado con servicios de barber\u00eda y peluquer\u00eda<\/b><\/i><\/span><\/p>\n<p style=\"text-align: justify;\">\n <!--more--><\/p>\n<p>&nbsp;<\/p>\n<p style=\"text-align: justify;\"><span style=\"font-family: Arial,sans-serif;\"><b>Prensa Inces (Bol\u00edvar).-<\/b> Inces Bol\u00edvar realiz\u00f3 el primer Encuentro de Saberes en el centro de formaci\u00f3n socialista \u201cManuel Carlos Piar\u201d, con la finalidad de fomentar el intercambio de ideas y experiencias pedag\u00f3gicas, enfocadas en la formaci\u00f3n que impulsa el Inces con los aprendices del plan chamba juvenil. <\/span><\/p>\n<p style=\"text-align: justify;\">\u00a0<\/p>\n<p style=\"text-align: justify;\"><span style=\"font-family: Arial,sans-serif;\">La actividad estuvo encabezada por la Divisi\u00f3n de Formaci\u00f3n Profesional y cont\u00f3 con la presencia de un jurado calificador compuesto por la especialista en redacci\u00f3n y ortograf\u00eda Yuvanti Escalona; en el \u00e1rea de motivaci\u00f3n en valores en acci\u00f3n, la profesora Mar\u00eda Virginia Gonz\u00e1lez; la coordinadora de Higiene y Seguridad Industrial del centro, Ingrid Gonz\u00e1lez; el profesor Juan Febres, de la materia desarrollo del proceso social del trabajo, la profesora Alida Quiroz y Jos\u00e9 Quintero, como maestro m\u00fasico moderador.<\/span><\/p>\n<p style=\"text-align: justify;\">\u00a0<\/p>\n<p style=\"text-align: justify;\"><span style=\"font-family: Arial,sans-serif;\">Los aprendices protagonizaron un encuentro de saberes din\u00e1mico, el cual se bas\u00f3 en la estructuraci\u00f3n de tres grupos de diferentes empresas, con 3 rondas de preguntas en 6 temas que ya fueron desarrollados en su aprendizaje entre ellos: cultura general, proceso social del trabajo, higiene y seguridad industrial, valores en acci\u00f3n, deporte, redacci\u00f3n y ortograf\u00eda. Cabe destacar que el equipo ganador fue premiado con servicios de barber\u00eda y peluquer\u00eda.<img loading=\"lazy\" decoding=\"async\" class=\"size-full wp-image-14187 aligncenter\" src=\"http:\/\/www.inces.gob.ve\/wp-content\/uploads\/2018\/04\/1Encuentro-de-Saberes.jpeg\" alt=\"\" width=\"850\" height=\"510\" \/><\/span><\/p>\n<p style=\"text-align: justify;\"><span style=\"font-family: Arial,sans-serif;\">Quiroz enfatiz\u00f3 que este tipo de actividades impulsa a los j\u00f3venes a investigar y documentarse para as\u00ed fortalecer el proceso de capacitaci\u00f3n.<\/span><\/p>\n<p style=\"text-align: justify;\">\u00a0<\/p>\n<p style=\"text-align: justify;\"><span style=\"font-family: Arial,sans-serif;\">Por su parte, Salazar hizo el llamado a los aprendices al compromiso, para de esta manera garantizar su desarrollo profesional que ser\u00e1 indispensable en su pr\u00e1ctica laboral.<\/span><\/p>\n<p style=\"text-align: justify;\">\u00a0<\/p>\n<p style=\"text-align: justify;\"><span style=\"font-family: Arial,sans-serif;\">Al finalizar la actividad, se hizo entrega de planillas para invitar a los j\u00f3venes a participar en las <\/span><\/p>\n<p style=\"text-align: justify;\"><span style=\"font-family: Arial,sans-serif;\">opciones formativas en el \u00e1rea cultural que impartir\u00e1 el profesor m\u00fasico Jos\u00e9 Quintero, en las pr\u00f3ximas semanas. <\/span><\/p>\n<p style=\"text-align: justify;\">\u00a0<\/p>\n<p style=\"text-align: justify;\"><span style=\"font-family: Arial,sans-serif;\">T\/ Jos\u00e9 Gregorio Su\u00e1rez <\/span><\/p>\n<p>&nbsp;<\/p>\n<p>&nbsp;<\/p>\n","protected":false},"excerpt":{"rendered":"<p>** El equipo ganador fue premiado con servicios de barber\u00eda y peluquer\u00eda<\/p>\n","protected":false},"author":15,"featured_media":14186,"comment_status":"closed","ping_status":"closed","sticky":false,"template":"","format":"aside","meta":{"footnotes":""},"categories":[2],"tags":[],"class_list":["post-14185","post","type-post","status-publish","format-aside","has-post-thumbnail","hentry","category-blog","post_format-post-format-aside"],"_links":{"self":[{"href":"https:\/\/inces.gob.ve\/index.php\/wp-json\/wp\/v2\/posts\/14185","targetHints":{"allow":["GET"]}}],"collection":[{"href":"https:\/\/inces.gob.ve\/index.php\/wp-json\/wp\/v2\/posts"}],"about":[{"href":"https:\/\/inces.gob.ve\/index.php\/wp-json\/wp\/v2\/types\/post"}],"author":[{"embeddable":true,"href":"https:\/\/inces.gob.ve\/index.php\/wp-json\/wp\/v2\/users\/15"}],"replies":[{"embeddable":true,"href":"https:\/\/inces.gob.ve\/index.php\/wp-json\/wp\/v2\/comments?post=14185"}],"version-history":[{"count":1,"href":"https:\/\/inces.gob.ve\/index.php\/wp-json\/wp\/v2\/posts\/14185\/revisions"}],"predecessor-version":[{"id":34825,"href":"https:\/\/inces.gob.ve\/index.php\/wp-json\/wp\/v2\/posts\/14185\/revisions\/34825"}],"wp:featuredmedia":[{"embeddable":true,"href":"https:\/\/inces.gob.ve\/index.php\/wp-json\/"}],"wp:attachment":[{"href":"https:\/\/inces.gob.ve\/index.php\/wp-json\/wp\/v2\/media?parent=14185"}],"wp:term":[{"taxonomy":"category","embeddable":true,"href":"https:\/\/inces.gob.ve\/index.php\/wp-json\/wp\/v2\/categories?post=14185"},{"taxonomy":"post_tag","embeddable":true,"href":"https:\/\/inces.gob.ve\/index.php\/wp-json\/wp\/v2\/tags?post=14185"}],"curies":[{"name":"wp","href":"https:\/\/api.w.org\/{rel}","templated":true}]}}