{"id":14190,"date":"2018-04-18T10:02:05","date_gmt":"2018-04-18T16:02:05","guid":{"rendered":"http:\/\/www.inces.gob.ve\/?p=14190"},"modified":"2020-05-28T20:32:45","modified_gmt":"2020-05-29T00:32:45","slug":"juramentado-zulia-comando-campana-la-juventud-del-inces","status":"publish","type":"post","link":"https:\/\/inces.gob.ve\/index.php\/2018\/04\/18\/juramentado-zulia-comando-campana-la-juventud-del-inces\/","title":{"rendered":"Juramentado en el Zulia el comando de campa\u00f1a de la juventud del Inces"},"content":{"rendered":"<p class=\"western\" lang=\"es-ES\" style=\"text-align: justify;\"><span style=\"font-family: Arial,sans-serif;\"><i><b>** Durante el acto, estuvo presente el viceministro del MPPPST, Luis Rodr\u00edguez<\/b><\/i><\/span><\/p>\n<p lang=\"es-ES\">\u00a0<\/p>\n<p lang=\"es-ES\" style=\"text-align: justify;\"><!--more--><\/p>\n<p lang=\"es-ES\">\u00a0<\/p>\n<p class=\"western\" lang=\"es-ES\" style=\"text-align: justify;\"><span style=\"font-family: Arial,sans-serif;\"><strong>Prensa Inces (Zulia).<\/strong>&#8211; En el auditorio del Inces, ubicado en Maracaibo, se realiz\u00f3 la juramentaci\u00f3n del comando de campa\u00f1a: La Juventud Somos Aprendices. Estuvieron presentes, el viceministro del Ministerio del Poder Popular para el Proceso Social del Trabajo (MPPPST) Luis Rodr\u00edguez; el gerente regional del Inces, Pedro Adarme y Johan S\u00e1nchez, miembro del equipo de la juventud del PSUV. <img loading=\"lazy\" decoding=\"async\" class=\"size-full wp-image-14192 aligncenter\" src=\"http:\/\/www.inces.gob.ve\/wp-content\/uploads\/2018\/04\/4comando-de-campa\u00f1a.jpg\" alt=\"\" width=\"850\" height=\"478\" \/><\/span><\/p>\n<p class=\"western\" lang=\"es-ES\" style=\"text-align: justify;\"><span style=\"font-family: Arial,sans-serif;\">Esta organizaci\u00f3n pol\u00edtica estar\u00e1 integrada por los j\u00f3venes del movimiento: Somos Aprendices y por aquellos que aunque no est\u00e1n inscritos en el movimiento son aprendices que se est\u00e1n formando en los distintos institutos de acci\u00f3n docente delegada y de los centros de formaci\u00f3n socialista (CFS) del Inces, indic\u00f3 el coordinador regional del Movimiento Somos Aprendices y miembro del comando de campa\u00f1a, Jos\u00e9 Villasmil. <\/span><\/p>\n<p lang=\"es-ES\">\u00a0<\/p>\n<p class=\"western\" lang=\"es-ES\" style=\"text-align: justify;\"><span style=\"font-family: Arial,sans-serif;\">Gabriel S\u00e1nchez, responsable de la juventud trabajadora del estado Zulia por el Partido Socialista Unido de Venezuela (PSUV), a\u00f1adi\u00f3 que estos j\u00f3venes \u201choy asumen la tarea de trabajar por la reelecci\u00f3n del presidente Nicol\u00e1s Maduro el pr\u00f3ximo 20 de mayo. Estos j\u00f3venes est\u00e1n comprometidos con el desarrollo del pa\u00eds y decidieron quedarse para ser parte de los constructores de la patria grande con la cual so\u00f1\u00f3 nuestro comandante Ch\u00e1vez.\u201d<img loading=\"lazy\" decoding=\"async\" class=\"size-full wp-image-14194 aligncenter\" src=\"http:\/\/www.inces.gob.ve\/wp-content\/uploads\/2018\/04\/1comando-de-campa\u00f1a.jpg\" alt=\"\" width=\"850\" height=\"478\" \/><\/span><\/p>\n<p class=\"western\" lang=\"es-ES\" style=\"text-align: justify;\"><span style=\"font-family: Arial,sans-serif;\">S\u00e1nchez -indic\u00f3- que antes de la juramentaci\u00f3n del comando se efect\u00fao un conversatorio en el cual abordamos \u201cla actual crisis econ\u00f3mica y los compa\u00f1eros nos hicieron varios planteamientos que se atender\u00e1n oportunamente a trav\u00e9s de una oficina que se abrir\u00e1 en el Inces Gris para brindar respuestas a estos j\u00f3venes y tambi\u00e9n podr\u00e1n presentar sus proyectos de emprendimiento.\u201d<\/span><\/p>\n<p class=\"western\" lang=\"es-ES\" style=\"text-align: justify;\">\n <\/p>\n<p class=\"western\" lang=\"es-ES\" style=\"text-align: justify;\"><span style=\"font-family: Arial,sans-serif;\">Hablan los protagonistas <\/span><\/p>\n<p class=\"western\" lang=\"es-ES\" style=\"text-align: justify;\"><span style=\"font-family: Arial,sans-serif;\">Hernando V\u00e1zquez (17) indic\u00f3 sentirse orgulloso por ser parte del comando de campa\u00f1a. \u201cPienso que podemos superar esta crisis, porque somos nosotros quienes hacemos el pa\u00eds, y si nos dedicamos a trabajar y estudiar con honestidad de seguro alcanzaremos la meta.\u201d<img loading=\"lazy\" decoding=\"async\" class=\"size-full wp-image-14191 aligncenter\" src=\"http:\/\/www.inces.gob.ve\/wp-content\/uploads\/2018\/04\/6comando-de-campa\u00f1a.jpg\" alt=\"\" width=\"850\" height=\"478\" \/><\/span><\/p>\n<p class=\"western\" lang=\"es-ES\" style=\"text-align: justify;\"><span style=\"font-family: Arial,sans-serif;\">Yolexandre Inciarte, aprendiz del Plan Chamba Juvenil y miembro del comando de campa\u00f1a, expres\u00f3 que desde esta nueva responsabilidad que asumi\u00f3 trabajar\u00e1 con ah\u00ednco para que m\u00e1s j\u00f3venes participen en el pr\u00f3ximo proceso electoral porque cree que solo a trav\u00e9s del voto es posible construir un pa\u00eds. <\/span><\/p>\n<p class=\"western\" lang=\"es-ES\" style=\"text-align: justify;\"><span style=\"font-family: Arial,sans-serif;\">T\/ Yudith Castro<\/span><\/p>\n","protected":false},"excerpt":{"rendered":"<p>** Durante el acto, estuvo presente el viceministro del MPPPST, Luis Rodr\u00edguez \u00a0<\/p>\n","protected":false},"author":15,"featured_media":14193,"comment_status":"closed","ping_status":"closed","sticky":false,"template":"","format":"aside","meta":{"footnotes":""},"categories":[2],"tags":[],"class_list":["post-14190","post","type-post","status-publish","format-aside","has-post-thumbnail","hentry","category-blog","post_format-post-format-aside"],"_links":{"self":[{"href":"https:\/\/inces.gob.ve\/index.php\/wp-json\/wp\/v2\/posts\/14190","targetHints":{"allow":["GET"]}}],"collection":[{"href":"https:\/\/inces.gob.ve\/index.php\/wp-json\/wp\/v2\/posts"}],"about":[{"href":"https:\/\/inces.gob.ve\/index.php\/wp-json\/wp\/v2\/types\/post"}],"author":[{"embeddable":true,"href":"https:\/\/inces.gob.ve\/index.php\/wp-json\/wp\/v2\/users\/15"}],"replies":[{"embeddable":true,"href":"https:\/\/inces.gob.ve\/index.php\/wp-json\/wp\/v2\/comments?post=14190"}],"version-history":[{"count":1,"href":"https:\/\/inces.gob.ve\/index.php\/wp-json\/wp\/v2\/posts\/14190\/revisions"}],"predecessor-version":[{"id":34824,"href":"https:\/\/inces.gob.ve\/index.php\/wp-json\/wp\/v2\/posts\/14190\/revisions\/34824"}],"wp:featuredmedia":[{"embeddable":true,"href":"https:\/\/inces.gob.ve\/index.php\/wp-json\/"}],"wp:attachment":[{"href":"https:\/\/inces.gob.ve\/index.php\/wp-json\/wp\/v2\/media?parent=14190"}],"wp:term":[{"taxonomy":"category","embeddable":true,"href":"https:\/\/inces.gob.ve\/index.php\/wp-json\/wp\/v2\/categories?post=14190"},{"taxonomy":"post_tag","embeddable":true,"href":"https:\/\/inces.gob.ve\/index.php\/wp-json\/wp\/v2\/tags?post=14190"}],"curies":[{"name":"wp","href":"https:\/\/api.w.org\/{rel}","templated":true}]}}