{"id":14227,"date":"2018-04-18T14:34:57","date_gmt":"2018-04-18T20:34:57","guid":{"rendered":"http:\/\/www.inces.gob.ve\/?p=14227"},"modified":"2020-05-28T20:32:44","modified_gmt":"2020-05-29T00:32:44","slug":"jovenes-del-plan-chamba-juvenil-agricola-monagas-amplian-conocimientos","status":"publish","type":"post","link":"https:\/\/inces.gob.ve\/index.php\/2018\/04\/18\/jovenes-del-plan-chamba-juvenil-agricola-monagas-amplian-conocimientos\/","title":{"rendered":"J\u00f3venes del Plan Chamba Juvenil Agr\u00edcola de Monagas ampl\u00edan sus conocimientos"},"content":{"rendered":"<p style=\"text-align: justify;\"><span style=\"font-family: Arial,sans-serif;\"><i><b>** El proceso de aprendizaje te\u00f3rico &#8211; pr\u00e1ctico lo desarrollan desde los espacios productivos del Inces<\/b><\/i><\/span><\/p>\n<p>&nbsp;<\/p>\n<p style=\"text-align: justify;\"><!--more--><\/p>\n<p align=\"justify\">\u00a0<\/p>\n<p style=\"text-align: justify;\" align=\"justify\"><span style=\"font-family: Arial,sans-serif;\">En el Instituto Nacional de Capacitaci\u00f3n y Educaci\u00f3n Socialista (Inces) en el estado <\/span><span style=\"font-family: Arial,sans-serif;\"><b>Monagas<\/b><\/span><span style=\"font-family: Arial,sans-serif;\"> 80 aprendices contratados por la Corporaci\u00f3n Venezolana del Petr\u00f3leo (<\/span><em><span style=\"font-family: Arial,sans-serif;\">CVP<\/span><\/em><span style=\"font-family: Arial,sans-serif;\">), filial de Petr\u00f3leos de Venezuela, S.A. (<\/span><em><span style=\"font-family: Arial,sans-serif;\">PDVSA<\/span><\/em><span style=\"font-family: Arial,sans-serif;\">), viven la experiencia de participar en la formaci\u00f3n te\u00f3rica del oficio a desarrollar en la entidad de trabajo y adem\u00e1s se forman a trav\u00e9s de los cursos ordinarios del Motor Agr\u00edcola.<\/span><\/p>\n<p style=\"text-align: justify;\" align=\"justify\">\u00a0<\/p>\n<p style=\"text-align: justify;\" align=\"justify\"><span style=\"font-family: Arial,sans-serif;\">Con la gu\u00eda del maestro t\u00e9cnico productivo (MTP), Pedro Meneses, se les imparten herramientas y saberes en la formaci\u00f3n de Producci\u00f3n de Hortalizas en \u00c1reas Urbanas, lo cual tiene una duraci\u00f3n de 60 horas, donde se desarrollan y ponen en pr\u00e1ctica temas como: \u201censemillaminto\u201d, elaboraci\u00f3n de abonos org\u00e1nicos, cosecha de agua, manejo de controladores biol\u00f3gicos y diariamente realizan labores agron\u00f3micas de los diferentes cultivos que se est\u00e1n sembrando en las instalaciones Inces.<\/span><\/p>\n<p style=\"text-align: justify;\" align=\"justify\"><img loading=\"lazy\" decoding=\"async\" class=\"alignnone size-full wp-image-14228\" src=\"http:\/\/www.inces.gob.ve\/wp-content\/uploads\/2018\/04\/2Plan-Chamba-Juvenil.jpg\" alt=\"\" width=\"850\" height=\"638\" \/><\/p>\n<p style=\"text-align: justify;\" align=\"justify\"><span style=\"font-family: Arial,sans-serif;\">Meneses resalt\u00f3 \u201clos j\u00f3venes han demostrado inter\u00e9s en aprender nuevos conocimientos relacionados con la parte agr\u00edcola \u2013 vegetal, lo cual es una vivencia extraordinaria porque esto nos llena de entusiasmo como formadores y damos todo para que ellos se sientan bien, para que asuman la responsabilidad hist\u00f3rica que se les est\u00e1 dando de ser vanguardia en todos los frentes y as\u00ed avanzar hac\u00eda la Venezuela productiva\u201d.<\/span><\/p>\n<p style=\"text-align: justify;\" align=\"justify\">\u00a0<\/p>\n<p style=\"text-align: justify;\" align=\"justify\"><span style=\"font-family: Arial,sans-serif;\">Por su parte, Javier Est\u00e9vez, aprendiz del oficio Instrumentaci\u00f3n, indic\u00f3 \u201chemos visto un m\u00f3dulo integral con la participaci\u00f3n de varios facilitadores que nos han nutrido el conocimiento en el \u00e1mbito social y pol\u00edtico, entre otros, por ejemplo ahorita estamos viendo la clases del \u00e1rea agr\u00edcola que no tiene nada que ver con el oficio, pero es muy importante porque as\u00ed nos enriquece la conciencia en aras de contribuir a la siembra y cultivo de cualquier rubro en donde nos encontremos\u201d.<\/span><\/p>\n<p style=\"text-align: justify;\" align=\"justify\">\u00a0<\/p>\n<p style=\"text-align: justify;\" align=\"justify\"><span style=\"font-family: Arial,sans-serif;\">Por otro lado mencion\u00f3 que la oportunidad que le ha dado el presidente Nicol\u00e1s Maduro a los j\u00f3venes de tener su primer empleo es algo grande, ya que muchos ve\u00edan que era algo imposible entrar a la industria, ahora con el Plan Chama, los j\u00f3venes se van a preparar para ser el relevo de las personas que ya laboran en las distintas empresas p\u00fablicas y privadas del pa\u00eds. <\/span><\/p>\n<p style=\"text-align: justify;\" align=\"justify\">\u00a0<\/p>\n<p style=\"text-align: justify;\" align=\"justify\"><span style=\"font-family: Arial,sans-serif;\">Mari\u00e1ngel Henr\u00edquez<\/span><\/p>\n","protected":false},"excerpt":{"rendered":"<p>** El proceso de aprendizaje te\u00f3rico &#8211; pr\u00e1ctico lo desarrollan desde los espacios productivos del Inces &nbsp;<\/p>\n","protected":false},"author":15,"featured_media":14229,"comment_status":"closed","ping_status":"closed","sticky":false,"template":"","format":"aside","meta":{"footnotes":""},"categories":[2],"tags":[],"class_list":["post-14227","post","type-post","status-publish","format-aside","has-post-thumbnail","hentry","category-blog","post_format-post-format-aside"],"_links":{"self":[{"href":"https:\/\/inces.gob.ve\/index.php\/wp-json\/wp\/v2\/posts\/14227","targetHints":{"allow":["GET"]}}],"collection":[{"href":"https:\/\/inces.gob.ve\/index.php\/wp-json\/wp\/v2\/posts"}],"about":[{"href":"https:\/\/inces.gob.ve\/index.php\/wp-json\/wp\/v2\/types\/post"}],"author":[{"embeddable":true,"href":"https:\/\/inces.gob.ve\/index.php\/wp-json\/wp\/v2\/users\/15"}],"replies":[{"embeddable":true,"href":"https:\/\/inces.gob.ve\/index.php\/wp-json\/wp\/v2\/comments?post=14227"}],"version-history":[{"count":1,"href":"https:\/\/inces.gob.ve\/index.php\/wp-json\/wp\/v2\/posts\/14227\/revisions"}],"predecessor-version":[{"id":34817,"href":"https:\/\/inces.gob.ve\/index.php\/wp-json\/wp\/v2\/posts\/14227\/revisions\/34817"}],"wp:featuredmedia":[{"embeddable":true,"href":"https:\/\/inces.gob.ve\/index.php\/wp-json\/"}],"wp:attachment":[{"href":"https:\/\/inces.gob.ve\/index.php\/wp-json\/wp\/v2\/media?parent=14227"}],"wp:term":[{"taxonomy":"category","embeddable":true,"href":"https:\/\/inces.gob.ve\/index.php\/wp-json\/wp\/v2\/categories?post=14227"},{"taxonomy":"post_tag","embeddable":true,"href":"https:\/\/inces.gob.ve\/index.php\/wp-json\/wp\/v2\/tags?post=14227"}],"curies":[{"name":"wp","href":"https:\/\/api.w.org\/{rel}","templated":true}]}}