{"id":14232,"date":"2018-04-18T14:52:47","date_gmt":"2018-04-18T20:52:47","guid":{"rendered":"http:\/\/www.inces.gob.ve\/?p=14232"},"modified":"2020-05-28T20:32:44","modified_gmt":"2020-05-29T00:32:44","slug":"inces-activado-desplegado-plan-manos-la-siembra","status":"publish","type":"post","link":"https:\/\/inces.gob.ve\/index.php\/2018\/04\/18\/inces-activado-desplegado-plan-manos-la-siembra\/","title":{"rendered":"Inces activado y desplegado con  Plan Manos a la Siembra"},"content":{"rendered":"<p style=\"text-align: justify;\" align=\"justify\"><span style=\"font-family: Arial,sans-serif;\"><i><b>** Regando y potenciando la semilla del conocimiento en espacios educativos<\/b><\/i> <\/span><\/p>\n<p style=\"text-align: justify;\" align=\"justify\">\n <!--more--><\/p>\n<p align=\"justify\">\u00a0<\/p>\n<p style=\"text-align: justify;\" align=\"justify\"><span style=\"font-family: Arial,sans-serif;\">Prensa Inces (Lara).- Crear conciencia de producci\u00f3n y articulaci\u00f3n conjunta y acompa\u00f1amiento es la bandera en Inces Lara, el Programa Agr\u00edcola se plantea en treinta escuelas y centros educativos, con una meta de 168 huertos escolares distribuidos por la Comisi\u00f3n Regional, donde se enfocan cursos de Productor de Hortalizas en \u00c1reas Urbanas.<\/span><\/p>\n<p style=\"text-align: justify;\" align=\"justify\">\n <\/p>\n<p style=\"text-align: justify;\" align=\"justify\"><span style=\"font-family: Arial,sans-serif;\">Huertos escolares para fortalecer y constribuir en un momento dado a su alimentaci\u00f3n. Una cultura a multiplicar, trabajando con abonos org\u00e1nicos y productos biol\u00f3gicos donde, con experiencias exitosas se incorpora la educaci\u00f3n inicial, bachillerato y el diversificado.<\/span><\/p>\n<figure id=\"attachment_14233\" aria-describedby=\"caption-attachment-14233\" style=\"width: 850px\" class=\"wp-caption alignnone\"><img loading=\"lazy\" decoding=\"async\" class=\"size-full wp-image-14233\" src=\"http:\/\/www.inces.gob.ve\/wp-content\/uploads\/2018\/04\/2espacios-educativos.jpg\" alt=\"\" width=\"850\" height=\"638\" \/><figcaption id=\"caption-attachment-14233\" class=\"wp-caption-text\">Jpeg<\/figcaption><\/figure>\n<p style=\"text-align: justify;\" align=\"justify\">\n <\/p>\n<p style=\"text-align: justify;\" align=\"justify\"><span style=\"font-family: Arial,sans-serif;\">Escuelas priorizadas en el estado Lara y apoyo institucional <\/span><\/p>\n<p style=\"text-align: justify;\" align=\"justify\">\n <\/p>\n<p style=\"text-align: justify;\" align=\"justify\"><span style=\"font-family: Arial,sans-serif;\">El coordinador del Programa Agr\u00edcola, Andr\u00e9s Prado destac\u00f3 que hay cinco escuelas priorizadas, Pedro Le\u00f3n Torres y Alirio Ugarte Pelayo en el Municipio Iribarren, la Escuela Monte Carmelo en Sanare Municipio Mor\u00e1n y la U.E. Mar\u00eda Torcate de M\u00f3naco, as\u00ed como en el sector El Tamarindo del Municipio Palavacino, adem\u00e1s en vinculaci\u00f3n permanente con la Misi\u00f3n Robinson y Ribas. Una estela de conocimiento para construir, fundar y potenciar en perfecta articulaci\u00f3n.<\/span><\/p>\n<p style=\"text-align: justify;\" align=\"justify\">\n <\/p>\n<p style=\"text-align: justify;\" align=\"justify\"><span style=\"font-family: Arial,sans-serif;\">Se\u00f1al\u00f3 que con las iniciativas propias del Min. Educaci\u00f3n y del compa\u00f1ero Carlos Lanz, \u201censemillamiento para todos\u201d trabajan en la recuperaci\u00f3n de rubros (tomate ciclo corto, cilantro, perejil) conservaci\u00f3n y procesamiento del tomate, donde incluso, trabajan tambi\u00e9n junto a las madres procesadoras del CENAE donde han venido desarrollando una labor bien importante.<\/span><\/p>\n<p style=\"text-align: justify;\" align=\"justify\">\n <\/p>\n<p style=\"text-align: justify;\" align=\"justify\"><span style=\"font-family: Arial,sans-serif;\">En el caso de la Comisi\u00f3n Regional y entre los entes del estado que se suman a este plan est\u00e1 la Fundaci\u00f3n Bosque Macuto, EPS Pedro Camejo, el Ministerio de Agricultura y Tierras, una comisi\u00f3n multidisciplinaria que viene potencializando, junto a Inces, para seguir trabajando por liberar a Venezuela, patria bonita que nos dej\u00f3 Bol\u00edvar en un contraataque, amigos, conviviendo en armon\u00eda y siendo un pa\u00eds de conciencia y cultura productiva.<\/span><\/p>\n<p style=\"text-align: justify;\" align=\"justify\">\n <\/p>\n<p style=\"text-align: justify;\" align=\"justify\"><span style=\"font-family: Arial,sans-serif;\">Inculcar el proceso de producci\u00f3n potenciado con valores socialistas<\/span><\/p>\n<p style=\"text-align: justify;\" align=\"justify\">\n <\/p>\n<p style=\"text-align: justify;\" align=\"justify\"><span style=\"font-family: Arial,sans-serif;\">En el marco de la guerra econ\u00f3mica este programa se plantea \u201csumar al proceso, recordar el llamado del Comandante Hugo Chochez, es hora de que seamos soberanos, contribuyendo en un alto porcentaje a minimizar los costos con alimentaci\u00f3n sana, segura y soberana. Queremos hacer un llamado a directores, jefes de circuitos escolares, padres y representantes para que se sumen a este plan\u201d.<\/span><\/p>\n<p style=\"text-align: justify;\" align=\"justify\">\n <\/p>\n<p style=\"text-align: justify;\" align=\"justify\"><span style=\"font-family: Arial,sans-serif;\">Dannis Morillo<\/span><\/p>\n<p align=\"justify\">\n <\/p>\n<p align=\"justify\">\n <\/p>\n","protected":false},"excerpt":{"rendered":"<p>** Regando y potenciando la semilla del conocimiento en espacios educativos<\/p>\n","protected":false},"author":15,"featured_media":14234,"comment_status":"closed","ping_status":"closed","sticky":false,"template":"","format":"aside","meta":{"footnotes":""},"categories":[2],"tags":[],"class_list":["post-14232","post","type-post","status-publish","format-aside","has-post-thumbnail","hentry","category-blog","post_format-post-format-aside"],"_links":{"self":[{"href":"https:\/\/inces.gob.ve\/index.php\/wp-json\/wp\/v2\/posts\/14232","targetHints":{"allow":["GET"]}}],"collection":[{"href":"https:\/\/inces.gob.ve\/index.php\/wp-json\/wp\/v2\/posts"}],"about":[{"href":"https:\/\/inces.gob.ve\/index.php\/wp-json\/wp\/v2\/types\/post"}],"author":[{"embeddable":true,"href":"https:\/\/inces.gob.ve\/index.php\/wp-json\/wp\/v2\/users\/15"}],"replies":[{"embeddable":true,"href":"https:\/\/inces.gob.ve\/index.php\/wp-json\/wp\/v2\/comments?post=14232"}],"version-history":[{"count":1,"href":"https:\/\/inces.gob.ve\/index.php\/wp-json\/wp\/v2\/posts\/14232\/revisions"}],"predecessor-version":[{"id":34816,"href":"https:\/\/inces.gob.ve\/index.php\/wp-json\/wp\/v2\/posts\/14232\/revisions\/34816"}],"wp:featuredmedia":[{"embeddable":true,"href":"https:\/\/inces.gob.ve\/index.php\/wp-json\/"}],"wp:attachment":[{"href":"https:\/\/inces.gob.ve\/index.php\/wp-json\/wp\/v2\/media?parent=14232"}],"wp:term":[{"taxonomy":"category","embeddable":true,"href":"https:\/\/inces.gob.ve\/index.php\/wp-json\/wp\/v2\/categories?post=14232"},{"taxonomy":"post_tag","embeddable":true,"href":"https:\/\/inces.gob.ve\/index.php\/wp-json\/wp\/v2\/tags?post=14232"}],"curies":[{"name":"wp","href":"https:\/\/api.w.org\/{rel}","templated":true}]}}