{"id":14236,"date":"2018-04-18T15:00:25","date_gmt":"2018-04-18T21:00:25","guid":{"rendered":"http:\/\/www.inces.gob.ve\/?p=14236"},"modified":"2020-05-28T20:32:44","modified_gmt":"2020-05-29T00:32:44","slug":"estudiantes-la-mision-sucre-inician-pasantias-inces-vargas","status":"publish","type":"post","link":"https:\/\/inces.gob.ve\/index.php\/2018\/04\/18\/estudiantes-la-mision-sucre-inician-pasantias-inces-vargas\/","title":{"rendered":"Estudiantes de la Misi\u00f3n Sucre inician pasant\u00edas en Inces Vargas"},"content":{"rendered":"<p class=\"western\" style=\"text-align: justify;\"><span style=\"font-family: Arial,sans-serif;\"><span style=\"font-size: medium;\"><i><b>** Los pasantes pertenecen a la aldea Juan Jos\u00e9 Mendoza<\/b><\/i><\/span><\/span><\/p>\n<p class=\"western\" style=\"text-align: justify;\">\n <!--more--><\/p>\n<p class=\"western\" style=\"text-align: justify;\"><span style=\"font-family: Arial,sans-serif;\"><span style=\"font-size: medium;\"><b>Prensa Inces (Vargas)<\/b>.- El Inces, en el estado Vargas, recibi\u00f3 a cuatro estudiantes del quinto semestre de Comunicaci\u00f3n Social de la aldea universitaria Juan Jos\u00e9 Mendoza, ubicada en Caribe, para iniciar sus pasant\u00edas.<\/span><\/span><\/p>\n<p class=\"western\" style=\"text-align: justify;\">\n <\/p>\n<p class=\"western\" style=\"text-align: justify;\">\n <\/p>\n<p class=\"western\" style=\"text-align: justify;\"><span style=\"font-family: Arial,sans-serif;\"><span style=\"font-size: medium;\">Estos estudiantes son formados como futuros profesionales, capacitados te\u00f3rica y t\u00e9cnicamente, para el desempe\u00f1o comunicacional en comunidades, organizaciones sociales, instituciones y organizaciones p\u00fablicas y privadas, con una visi\u00f3n cr\u00edtica y reflexiva sobre las condiciones hist\u00f3ricas-culturales del momento en que viven y con plena conciencia de la trascendencia de su labor en el seno de la sociedad.\u00a0<\/span><\/span><\/p>\n<p class=\"western\" style=\"text-align: justify;\"><img loading=\"lazy\" decoding=\"async\" class=\"size-full wp-image-14239 aligncenter\" src=\"http:\/\/www.inces.gob.ve\/wp-content\/uploads\/2018\/04\/1pasantes.jpg\" alt=\"\" width=\"850\" height=\"638\" \/>\n <\/p>\n<p class=\"western\" style=\"text-align: justify;\"><span style=\"font-family: Arial,sans-serif;\"><span style=\"font-size: medium;\">Por ello, el Inces les da una cordial bienvenida luego de incorporarse al equipo de trabajo, para adelantar y fortalecer procesos comunicacionales en el Inces Vargas tales como enaltecer el trabajo de la servidora y servidor p\u00fablico Inces, informar ofertas formativas y programas educativos, impulsar la participaci\u00f3n de la juventud a trav\u00e9s del Plan Chamba Juvenil y difundir logros, metas y triunfos de la gesti\u00f3n del presidente de la instituci\u00f3n Wuikelman Angel.<\/span><\/span><\/p>\n<p class=\"western\" style=\"text-align: justify;\">\n <\/p>\n<p class=\"western\" style=\"text-align: justify;\"><span style=\"font-family: Arial,sans-serif;\"><span style=\"font-size: medium;\">El maestro t\u00e9cnico productivo Jos\u00e9 Luis Morales actuar\u00e1 como tutor institucional de los pasantes durante el desarrollo de la pr\u00e1ctica profesional y ser\u00e1 el encargado de evaluar la calidad, responsabilidad y eficacia en la realizaci\u00f3n de las actividades asignadas dentro de la instituci\u00f3n.<\/span><\/span><\/p>\n<p class=\"western\" style=\"text-align: justify;\">\n <img loading=\"lazy\" decoding=\"async\" class=\"size-full wp-image-14238 aligncenter\" src=\"http:\/\/www.inces.gob.ve\/wp-content\/uploads\/2018\/04\/2pasantes.jpg\" alt=\"\" width=\"850\" height=\"638\" \/><\/p>\n<p class=\"western\" style=\"text-align: justify;\"><span style=\"font-family: Arial,sans-serif;\"><span style=\"font-size: medium;\">Por su parte, Francis Carre\u00f1o, responsable de la Divisi\u00f3n de Talento Humano, fue la encargada de darles la bienvenida a estos nuevos compa\u00f1eros y compa\u00f1eras y se comprometi\u00f3 a realizar la respectiva presentaci\u00f3n a todos los trabajadores y trabajadoras para facilitar sus funciones durante el proceso formativo laboral.<\/span><\/span><\/p>\n<p class=\"western\" style=\"text-align: justify;\">\n <\/p>\n<p class=\"western\" style=\"text-align: justify;\"><span style=\"font-family: Arial,sans-serif;\"><span style=\"font-size: medium;\">Prensa Inces Vargas<\/span><\/span><\/p>\n<p class=\"western\" style=\"text-align: justify;\">\n <\/p>\n<p class=\"western\" style=\"text-align: justify;\"><span style=\"font-family: Arial,sans-serif;\"><span style=\"font-size: medium;\"><\/p>\n<p> <\/span><\/span>\n <\/p>\n","protected":false},"excerpt":{"rendered":"<p>** Los pasantes pertenecen a la aldea Juan Jos\u00e9 Mendoza<\/p>\n","protected":false},"author":15,"featured_media":14237,"comment_status":"closed","ping_status":"closed","sticky":false,"template":"","format":"aside","meta":{"footnotes":""},"categories":[2],"tags":[],"class_list":["post-14236","post","type-post","status-publish","format-aside","has-post-thumbnail","hentry","category-blog","post_format-post-format-aside"],"_links":{"self":[{"href":"https:\/\/inces.gob.ve\/index.php\/wp-json\/wp\/v2\/posts\/14236","targetHints":{"allow":["GET"]}}],"collection":[{"href":"https:\/\/inces.gob.ve\/index.php\/wp-json\/wp\/v2\/posts"}],"about":[{"href":"https:\/\/inces.gob.ve\/index.php\/wp-json\/wp\/v2\/types\/post"}],"author":[{"embeddable":true,"href":"https:\/\/inces.gob.ve\/index.php\/wp-json\/wp\/v2\/users\/15"}],"replies":[{"embeddable":true,"href":"https:\/\/inces.gob.ve\/index.php\/wp-json\/wp\/v2\/comments?post=14236"}],"version-history":[{"count":1,"href":"https:\/\/inces.gob.ve\/index.php\/wp-json\/wp\/v2\/posts\/14236\/revisions"}],"predecessor-version":[{"id":34815,"href":"https:\/\/inces.gob.ve\/index.php\/wp-json\/wp\/v2\/posts\/14236\/revisions\/34815"}],"wp:featuredmedia":[{"embeddable":true,"href":"https:\/\/inces.gob.ve\/index.php\/wp-json\/"}],"wp:attachment":[{"href":"https:\/\/inces.gob.ve\/index.php\/wp-json\/wp\/v2\/media?parent=14236"}],"wp:term":[{"taxonomy":"category","embeddable":true,"href":"https:\/\/inces.gob.ve\/index.php\/wp-json\/wp\/v2\/categories?post=14236"},{"taxonomy":"post_tag","embeddable":true,"href":"https:\/\/inces.gob.ve\/index.php\/wp-json\/wp\/v2\/tags?post=14236"}],"curies":[{"name":"wp","href":"https:\/\/api.w.org\/{rel}","templated":true}]}}