{"id":14241,"date":"2018-04-18T15:08:45","date_gmt":"2018-04-18T21:08:45","guid":{"rendered":"http:\/\/www.inces.gob.ve\/?p=14241"},"modified":"2020-05-28T20:32:26","modified_gmt":"2020-05-29T00:32:26","slug":"juramentacion-comando-campana-aprendices-inces-barinas","status":"publish","type":"post","link":"https:\/\/inces.gob.ve\/index.php\/2018\/04\/18\/juramentacion-comando-campana-aprendices-inces-barinas\/","title":{"rendered":"Juramentaci\u00f3n de Comando de Campa\u00f1a Aprendices Inces Barinas"},"content":{"rendered":"<p style=\"text-align: justify;\" align=\"justify\"><span style=\"font-family: Arial,sans-serif;\"><i><b>** La juventud productiva de Inces llanero, defiende la revoluci\u00f3n bolivariana<\/b><\/i><\/span><\/p>\n<p style=\"text-align: justify;\" align=\"justify\">\n <!--more--><\/p>\n<p align=\"justify\">\u00a0<\/p>\n<p style=\"text-align: justify;\" align=\"justify\"><span style=\"font-family: Arial,sans-serif;\"><b>Prensa Inces <\/b><b>(<\/b><b>Barinas.<\/b><b>)<\/b>&#8211; En un emotivo acto realizado en raz\u00f3n de la juramentaci\u00f3n Nacional de Comando de Campa\u00f1a Inces, j\u00f3venes aprendices se hicieron presente y asumieron el compromiso de trabajar hombro a hombro para alcanzar la victoria revolucionaria del pr\u00f3ximo 20 de mayo.<\/span><\/p>\n<p style=\"text-align: justify;\" align=\"justify\">\n <\/p>\n<p style=\"text-align: justify;\" align=\"justify\"><span style=\"font-family: Arial,sans-serif;\">Desde cada una de sus trincheras, estudiando, trabajando en sus comunidades, la Juventud de Inces Barinas manifest\u00f3 que est\u00e1n dispuestos a defender la patria, la soberan\u00eda del pa\u00eds y la revoluci\u00f3n bolivariana, como la generaci\u00f3n de oro, los protagonistas de la construcci\u00f3n del nuevo modelo econ\u00f3mico que consolidar\u00e1 la patria socialista.<\/span><\/p>\n<p style=\"text-align: justify;\" align=\"justify\">\n <\/p>\n<p style=\"text-align: justify;\" align=\"justify\"><span style=\"font-family: Arial,sans-serif;\">En la actividad estuvieron presente \u00c1lvaro Oviedo, gerente regional de Inces, Josu\u00e9 Flores, jefe estadal de la juventud del Partido Socialista Unido de Venezuela, Yasm\u00edn Canelo, responsable regional por Juventud Productiva Inces y Lujey Jaimes del Frente Francisco de Miranda.<\/span><\/p>\n<p style=\"text-align: justify;\" align=\"justify\"><img loading=\"lazy\" decoding=\"async\" class=\"size-full wp-image-14242 aligncenter\" src=\"http:\/\/www.inces.gob.ve\/wp-content\/uploads\/2018\/04\/2Aprendices-Inces.jpg\" alt=\"\" width=\"850\" height=\"871\" \/>\n <\/p>\n<p style=\"text-align: justify;\" align=\"justify\"><span style=\"font-family: Arial,sans-serif;\">Boris Linares, aprendiz Inces, manifest\u00f3 con aplomo que \u201clos j\u00f3venes est\u00e1n claros, que no se dejan enga\u00f1ar por el imperialismo ni por la oposici\u00f3n venezolana. Que gracias a la revoluci\u00f3n bolivariana, han cambiado sus vidas con las oportunidades de incorporarse a los estudios y a los espacios productivos y que son beneficios que van a continuar defendiendo\u201d.<\/span><\/p>\n<p style=\"text-align: justify;\" align=\"justify\">\n <\/p>\n<p style=\"text-align: justify;\" align=\"justify\"><span style=\"font-family: Arial,sans-serif;\">Por su parte Oviedo expres\u00f3 que la juventud del Inces sigue estando comprometida a luchar por el pa\u00eds y juraron, no solo trabajar por la victoria revolucionaria del 20 -M, sino tambi\u00e9n defender el legado revolucionario del Comandante Ch\u00e1vez para materializar sus sue\u00f1os y los sue\u00f1os de Bol\u00edvar.<\/span><\/p>\n<p style=\"text-align: justify;\" align=\"justify\">\n <\/p>\n<p style=\"text-align: justify;\" align=\"justify\"><span style=\"font-family: Arial,sans-serif;\">Hirasyanel Bayona<\/span><\/p>\n<p style=\"text-align: justify;\" align=\"justify\"><span style=\"font-family: Arial,sans-serif;\">Comunicaciones Inces Barinas<\/span><\/p>\n<p align=\"justify\">\n <\/p>\n<p align=\"justify\">\n <\/p>\n<p align=\"justify\">\n <\/p>\n","protected":false},"excerpt":{"rendered":"<p>** La juventud productiva de Inces llanero, defiende la revoluci\u00f3n bolivariana<\/p>\n","protected":false},"author":15,"featured_media":14243,"comment_status":"closed","ping_status":"closed","sticky":false,"template":"","format":"aside","meta":{"footnotes":""},"categories":[2],"tags":[],"class_list":["post-14241","post","type-post","status-publish","format-aside","has-post-thumbnail","hentry","category-blog","post_format-post-format-aside"],"_links":{"self":[{"href":"https:\/\/inces.gob.ve\/index.php\/wp-json\/wp\/v2\/posts\/14241","targetHints":{"allow":["GET"]}}],"collection":[{"href":"https:\/\/inces.gob.ve\/index.php\/wp-json\/wp\/v2\/posts"}],"about":[{"href":"https:\/\/inces.gob.ve\/index.php\/wp-json\/wp\/v2\/types\/post"}],"author":[{"embeddable":true,"href":"https:\/\/inces.gob.ve\/index.php\/wp-json\/wp\/v2\/users\/15"}],"replies":[{"embeddable":true,"href":"https:\/\/inces.gob.ve\/index.php\/wp-json\/wp\/v2\/comments?post=14241"}],"version-history":[{"count":1,"href":"https:\/\/inces.gob.ve\/index.php\/wp-json\/wp\/v2\/posts\/14241\/revisions"}],"predecessor-version":[{"id":34814,"href":"https:\/\/inces.gob.ve\/index.php\/wp-json\/wp\/v2\/posts\/14241\/revisions\/34814"}],"wp:featuredmedia":[{"embeddable":true,"href":"https:\/\/inces.gob.ve\/index.php\/wp-json\/"}],"wp:attachment":[{"href":"https:\/\/inces.gob.ve\/index.php\/wp-json\/wp\/v2\/media?parent=14241"}],"wp:term":[{"taxonomy":"category","embeddable":true,"href":"https:\/\/inces.gob.ve\/index.php\/wp-json\/wp\/v2\/categories?post=14241"},{"taxonomy":"post_tag","embeddable":true,"href":"https:\/\/inces.gob.ve\/index.php\/wp-json\/wp\/v2\/tags?post=14241"}],"curies":[{"name":"wp","href":"https:\/\/api.w.org\/{rel}","templated":true}]}}