{"id":14259,"date":"2018-04-20T09:25:34","date_gmt":"2018-04-20T15:25:34","guid":{"rendered":"http:\/\/www.inces.gob.ve\/?p=14259"},"modified":"2020-05-28T20:32:25","modified_gmt":"2020-05-29T00:32:25","slug":"barinas-impulsa-practicas-agricolas-liceo-rafael-medina-jimenez","status":"publish","type":"post","link":"https:\/\/inces.gob.ve\/index.php\/2018\/04\/20\/barinas-impulsa-practicas-agricolas-liceo-rafael-medina-jimenez\/","title":{"rendered":"Barinas impulsa pr\u00e1cticas agr\u00edcolas en el liceo Rafael Medina Jim\u00e9nez"},"content":{"rendered":"<p style=\"text-align: justify;\" align=\"justify\"><span style=\"font-family: Arial,sans-serif;\"><i><b>** Formar produciendo, producir formando, \u2026..rumbo a la soberan\u00eda alimentaria desde cada espacio de interacci\u00f3n <\/b><\/i><\/span><\/p>\n<p align=\"justify\">\u00a0<\/p>\n<p style=\"text-align: justify;\" align=\"justify\"><!--more--><\/p>\n<p align=\"justify\">\u00a0<\/p>\n<p style=\"text-align: justify;\" align=\"justify\"><span style=\"font-family: Arial,sans-serif;\"><b>Prensa Inces <\/b><b>(<\/b><b>Barinas<\/b><b>)<\/b><b>.-<\/b> Desde el liceo Rafael Medina Jim\u00e9nez, ubicado en el municipio capital del estado, Inces Barinas impulsa la conciencia productiva en la clase trabajadora el personal estudiantil, docente, obrero y administrativo que hace vida activa en el comedor Manuelita S\u00e1enz que funciona dentro de la instituci\u00f3n educativa.<\/span><\/p>\n<p style=\"text-align: justify;\" align=\"justify\">\u00a0<\/p>\n<p style=\"text-align: justify;\" align=\"justify\"><span style=\"font-family: Arial,sans-serif;\">La formaci\u00f3n dirigida a desarrollar los conucos escolares, es orientada por el maestro t\u00e9cnico productivo Walter Pozo, quien con dedicaci\u00f3n y entrega acude a la instituci\u00f3n educativa donde, con encuentros te\u00f3ricos-pr\u00e1cticos pone en marcha la cultura productiva en los participantes.<\/span><\/p>\n<p style=\"text-align: justify;\" align=\"justify\">\u00a0<\/p>\n<p style=\"text-align: justify;\" align=\"justify\"><span style=\"font-family: Arial,sans-serif;\">Aclar\u00f3 Pozo, que se est\u00e1n impulsando dos conucos, uno desarrollado por los estudiantes y docentes y otro desarrollado por los trabajadores del comedor. Ambos persiguen el mismo fin, el cual es formarse en las pr\u00e1cticas agr\u00edcolas que les suministren las herramientas necesarias para cosechar alimentos que puedan ser utilizados en los platos que d\u00eda a d\u00eda son elaborados. <\/span><\/p>\n<p style=\"text-align: justify;\" align=\"justify\"><img loading=\"lazy\" decoding=\"async\" class=\"size-full wp-image-14261 aligncenter\" src=\"http:\/\/www.inces.gob.ve\/wp-content\/uploads\/2018\/04\/1Formar-produciendo.png\" alt=\"\" width=\"800\" height=\"614\" \/><\/p>\n<p style=\"text-align: justify;\" align=\"justify\"><span style=\"font-family: Arial,sans-serif;\">Pozo adem\u00e1s inform\u00f3 que para la fecha han realizado limpieza y preparaci\u00f3n de terreno, elaboraci\u00f3n de abono bokashi, pr\u00e1ctica de la t\u00e9cnica de riego por goteo, elaboraci\u00f3n de bioles y actualmente se encuentran en preparaci\u00f3n de semilleros de rubros de ciclo corto como el aj\u00ed dulce, ceboll\u00edn y cilantro, para luego ir avanzando con la siembra de rubros como yuca, pl\u00e1tano, topocho, auyama e incluir algunos rubros frutales que puedan ser de ayuda para complementar la alimentaci\u00f3n diaria.<\/span><\/p>\n<p style=\"text-align: justify;\" align=\"justify\">\u00a0<\/p>\n<p style=\"text-align: justify;\" align=\"justify\"><span style=\"font-family: Arial,sans-serif;\">De esta forma Inces continua elevando la consigna que lo describe, \u201cFormar produciendo, producir formando\u201d.<\/span><\/p>\n<p style=\"text-align: justify;\" align=\"justify\">\u00a0<\/p>\n<p style=\"text-align: justify;\" align=\"justify\"><span style=\"font-family: Arial,sans-serif;\">Hirasyanel Bayona<\/span><\/p>\n<p style=\"text-align: justify;\" align=\"justify\">\u00a0<\/p>\n<p style=\"text-align: justify;\" align=\"justify\">\u00a0<\/p>\n<p style=\"text-align: justify;\" align=\"justify\">\u00a0<\/p>\n<p style=\"text-align: justify;\" align=\"justify\">\u00a0<\/p>\n<p style=\"text-align: justify;\" align=\"justify\">\u00a0<\/p>\n","protected":false},"excerpt":{"rendered":"<p>** Formar produciendo, producir formando, \u2026..rumbo a la soberan\u00eda alimentaria desde cada espacio de interacci\u00f3n \u00a0<\/p>\n","protected":false},"author":15,"featured_media":14260,"comment_status":"closed","ping_status":"closed","sticky":false,"template":"","format":"aside","meta":{"footnotes":""},"categories":[2],"tags":[],"class_list":["post-14259","post","type-post","status-publish","format-aside","has-post-thumbnail","hentry","category-blog","post_format-post-format-aside"],"_links":{"self":[{"href":"https:\/\/inces.gob.ve\/index.php\/wp-json\/wp\/v2\/posts\/14259","targetHints":{"allow":["GET"]}}],"collection":[{"href":"https:\/\/inces.gob.ve\/index.php\/wp-json\/wp\/v2\/posts"}],"about":[{"href":"https:\/\/inces.gob.ve\/index.php\/wp-json\/wp\/v2\/types\/post"}],"author":[{"embeddable":true,"href":"https:\/\/inces.gob.ve\/index.php\/wp-json\/wp\/v2\/users\/15"}],"replies":[{"embeddable":true,"href":"https:\/\/inces.gob.ve\/index.php\/wp-json\/wp\/v2\/comments?post=14259"}],"version-history":[{"count":1,"href":"https:\/\/inces.gob.ve\/index.php\/wp-json\/wp\/v2\/posts\/14259\/revisions"}],"predecessor-version":[{"id":34810,"href":"https:\/\/inces.gob.ve\/index.php\/wp-json\/wp\/v2\/posts\/14259\/revisions\/34810"}],"wp:featuredmedia":[{"embeddable":true,"href":"https:\/\/inces.gob.ve\/index.php\/wp-json\/"}],"wp:attachment":[{"href":"https:\/\/inces.gob.ve\/index.php\/wp-json\/wp\/v2\/media?parent=14259"}],"wp:term":[{"taxonomy":"category","embeddable":true,"href":"https:\/\/inces.gob.ve\/index.php\/wp-json\/wp\/v2\/categories?post=14259"},{"taxonomy":"post_tag","embeddable":true,"href":"https:\/\/inces.gob.ve\/index.php\/wp-json\/wp\/v2\/tags?post=14259"}],"curies":[{"name":"wp","href":"https:\/\/api.w.org\/{rel}","templated":true}]}}