{"id":14264,"date":"2018-04-20T12:30:40","date_gmt":"2018-04-20T18:30:40","guid":{"rendered":"http:\/\/www.inces.gob.ve\/?p=14264"},"modified":"2020-05-28T20:32:25","modified_gmt":"2020-05-29T00:32:25","slug":"plan-chamba-juvenil-portuguesa-incorpora-jovenes-al-aparato-productivo-regional","status":"publish","type":"post","link":"https:\/\/inces.gob.ve\/index.php\/2018\/04\/20\/plan-chamba-juvenil-portuguesa-incorpora-jovenes-al-aparato-productivo-regional\/","title":{"rendered":"Plan Chamba Juvenil en portuguesa incorpora a  j\u00f3venes al aparato productivo regional"},"content":{"rendered":"<p class=\"western\" style=\"text-align: justify;\" align=\"justify\"><span style=\"font-family: Arial,sans-serif;\"><i><b>** Certificadas 38 personas en Organizaci\u00f3n de Evento y Protocolo. El aprendizaje abord\u00f3 aspectos impl\u00edcitos que pasa inadvertidamente, como lo es la cultura regional, que a juicio de Wenceslao Trujillo, coordinador de Encadenamiento Productivo es la piedra angular de la formaci\u00f3n <\/b><\/i><\/span><\/p>\n<p class=\"western\" style=\"text-align: justify;\" align=\"justify\">\n <!--more--><\/p>\n<p align=\"justify\">\u00a0<\/p>\n<p class=\"western\" style=\"text-align: justify;\" align=\"justify\"><span style=\"font-family: Arial,sans-serif;\"><b>Prensa. Inces <\/b><b>(<\/b><b>Portuguesa<\/b><b>)<\/b><b>.-<\/b> Con m\u00e1s de 170 horas de curso te\u00f3rico-pr\u00e1ctico, se certificaron 38 j\u00f3venes en especialistas en Organizaci\u00f3n de Evento y Protocolo, lo que garantiza su incorporaci\u00f3n al aparato productivo regional.<\/span><\/p>\n<p class=\"western\" style=\"text-align: justify;\" align=\"justify\">\n <\/p>\n<p class=\"western\" style=\"text-align: justify;\" align=\"justify\"><span style=\"font-family: Arial,sans-serif;\"> La formaci\u00f3n fue dictada por la maestra t\u00e9cnica productiva, (MTP) Yiliermer P\u00e9rez, adscrita al Programa Turismo del Inces en el estado Portuguesa, seg\u00fan dijo la gerente regional de la instituci\u00f3n Aracelis Bello, a su salida de la jornada de certificaci\u00f3n. <\/span><\/p>\n<figure id=\"attachment_14267\" aria-describedby=\"caption-attachment-14267\" style=\"width: 850px\" class=\"wp-caption aligncenter\"><img loading=\"lazy\" decoding=\"async\" class=\"size-full wp-image-14267\" src=\"http:\/\/www.inces.gob.ve\/wp-content\/uploads\/2018\/04\/1Plan-Chamba-Juvenil-1.jpg\" alt=\"\" width=\"850\" height=\"638\" \/><figcaption id=\"caption-attachment-14267\" class=\"wp-caption-text\">SAMSUNG CAMERA PICTURES<\/figcaption><\/figure>\n<p class=\"western\" style=\"text-align: justify;\" align=\"justify\">\n <\/p>\n<p class=\"western\" style=\"text-align: justify;\" align=\"justify\"><span style=\"font-family: Arial,sans-serif;\"> Asegur\u00f3 que del total de certificados, 20 pertenecen a las filas del Plan Chamba Juvenil y el resto son participantes, que venidos de todo el cono norte del estado, aprendieron el dif\u00edcil arte de las relaciones p\u00fablicas.<\/span><\/p>\n<p class=\"western\" style=\"text-align: justify;\" align=\"justify\">\n <\/p>\n<p class=\"western\" style=\"text-align: justify;\" align=\"justify\"><span style=\"font-family: Arial,sans-serif;\"> \u201cEn esta ocasi\u00f3n el aprendizaje abord\u00f3 un aspecto que impl\u00edcito pasa inadvertidamente, como lo es la cultura regional, entendiendo que el sentir llanero va desde la gastronom\u00eda y geograf\u00eda hasta la idiosincrasia y los aspecto de lenguaje\u201d, agreg\u00f3.<\/span><\/p>\n<p class=\"western\" style=\"text-align: justify;\" align=\"justify\">\n <\/p>\n<p class=\"western\" style=\"text-align: justify;\" align=\"justify\"><span style=\"font-family: Arial,sans-serif;\"> Por su parte la maestra t\u00e9cnica productiva, Yiliermer P\u00e9rez asegur\u00f3 que los j\u00f3venes est\u00e1n en capacidad de desarrollar sus funciones, tanto en cadenas hoteleras, como en firmas dedicadas al protocolo y organizaci\u00f3n de eventos.<\/span><\/p>\n<p class=\"western\" style=\"text-align: justify;\" align=\"justify\"><span style=\"font-family: Arial,sans-serif;\"> \u201cPero como lo que necesitamos es un ser con iniciativa propia, emprendedor, productivo, los muchachos cuentan con las herramientas acad\u00e9micas para crecer profesionalmente y no depender de grandes cadenas de hoteles, con solo unirse y registrar una cooperativa o empresa asociativa de organizaci\u00f3n de eventos y relaciones p\u00fablicas, tienen un excelente comienzo\u201d.<\/span><\/p>\n<p class=\"western\" style=\"text-align: justify;\" align=\"justify\">\u00a0<\/p>\n<figure id=\"attachment_14265\" aria-describedby=\"caption-attachment-14265\" style=\"width: 850px\" class=\"wp-caption aligncenter\"><img loading=\"lazy\" decoding=\"async\" class=\"size-full wp-image-14265\" src=\"http:\/\/www.inces.gob.ve\/wp-content\/uploads\/2018\/04\/4Plan-Chamba-Juvenil.jpg\" alt=\"\" width=\"850\" height=\"638\" \/><figcaption id=\"caption-attachment-14265\" class=\"wp-caption-text\">SAMSUNG CAMERA PICTURES<\/figcaption><\/figure>\n<p class=\"western\" style=\"text-align: justify;\" align=\"justify\"><span style=\"font-family: Arial,sans-serif;\"> Me fascin\u00f3<\/span><\/p>\n<p class=\"western\" style=\"text-align: justify;\" align=\"justify\"><span style=\"font-family: Arial,sans-serif;\">Paola Hidalgo, una de las graduandas, no ocult\u00f3 su encanto por haber hecho el curso: \u201cme fascin\u00f3 este curso, yo sab\u00eda que en el Inces dictaban cursos muy buenos, pero este de Organizaci\u00f3n de Eventos y Protocolo es espectacular y la profe, Yiliermer es muy buena\u201d.<\/span><\/p>\n<p class=\"western\" style=\"text-align: justify;\" align=\"justify\">\n <\/p>\n<p class=\"western\" style=\"text-align: justify;\" align=\"justify\"><span style=\"font-family: Arial,sans-serif;\"> Sandra Torres, tambi\u00e9n graduanda y del Plan Chamba Juvenil, agradeci\u00f3 al presidente Nicol\u00e1s Maduro y al presidente del Inces, Wuikelman \u00c1ngel Paredes, por tomar en cuenta a los j\u00f3venes que desean avanzar en la vida a trav\u00e9s de cursos cortos y largos.<\/span><\/p>\n<p class=\"western\" style=\"text-align: justify;\" align=\"justify\"><span style=\"font-family: Arial,sans-serif;\">Cruz Mario Silva<\/span><\/p>\n","protected":false},"excerpt":{"rendered":"<p>** Certificadas 38 personas en Organizaci\u00f3n de Evento y Protocolo. El aprendizaje abord\u00f3 aspectos impl\u00edcitos que pasa inadvertidamente, como lo es la cultura regional, que a juicio de Wenceslao Trujillo, coordinador de Encadenamiento Productivo es la piedra angular de la formaci\u00f3n<\/p>\n","protected":false},"author":15,"featured_media":14266,"comment_status":"closed","ping_status":"closed","sticky":false,"template":"","format":"aside","meta":{"footnotes":""},"categories":[2],"tags":[],"class_list":["post-14264","post","type-post","status-publish","format-aside","has-post-thumbnail","hentry","category-blog","post_format-post-format-aside"],"_links":{"self":[{"href":"https:\/\/inces.gob.ve\/index.php\/wp-json\/wp\/v2\/posts\/14264","targetHints":{"allow":["GET"]}}],"collection":[{"href":"https:\/\/inces.gob.ve\/index.php\/wp-json\/wp\/v2\/posts"}],"about":[{"href":"https:\/\/inces.gob.ve\/index.php\/wp-json\/wp\/v2\/types\/post"}],"author":[{"embeddable":true,"href":"https:\/\/inces.gob.ve\/index.php\/wp-json\/wp\/v2\/users\/15"}],"replies":[{"embeddable":true,"href":"https:\/\/inces.gob.ve\/index.php\/wp-json\/wp\/v2\/comments?post=14264"}],"version-history":[{"count":1,"href":"https:\/\/inces.gob.ve\/index.php\/wp-json\/wp\/v2\/posts\/14264\/revisions"}],"predecessor-version":[{"id":34809,"href":"https:\/\/inces.gob.ve\/index.php\/wp-json\/wp\/v2\/posts\/14264\/revisions\/34809"}],"wp:featuredmedia":[{"embeddable":true,"href":"https:\/\/inces.gob.ve\/index.php\/wp-json\/"}],"wp:attachment":[{"href":"https:\/\/inces.gob.ve\/index.php\/wp-json\/wp\/v2\/media?parent=14264"}],"wp:term":[{"taxonomy":"category","embeddable":true,"href":"https:\/\/inces.gob.ve\/index.php\/wp-json\/wp\/v2\/categories?post=14264"},{"taxonomy":"post_tag","embeddable":true,"href":"https:\/\/inces.gob.ve\/index.php\/wp-json\/wp\/v2\/tags?post=14264"}],"curies":[{"name":"wp","href":"https:\/\/api.w.org\/{rel}","templated":true}]}}