{"id":14279,"date":"2018-04-23T11:50:23","date_gmt":"2018-04-23T17:50:23","guid":{"rendered":"http:\/\/www.inces.gob.ve\/?p=14279"},"modified":"2020-05-28T20:32:25","modified_gmt":"2020-05-29T00:32:25","slug":"autoridades-del-inces-obtienen-mejoras-salariales-los-trabajadores","status":"publish","type":"post","link":"https:\/\/inces.gob.ve\/index.php\/2018\/04\/23\/autoridades-del-inces-obtienen-mejoras-salariales-los-trabajadores\/","title":{"rendered":"Autoridades del Inces obtienen mejoras salariales para los trabajadores"},"content":{"rendered":"<p style=\"text-align: justify;\"><a name=\"more-7798\"><\/a><em><span style=\"color: #000000;\"><b>** Las autoridades del Inces y del Ministerio de Educaci\u00f3n trabajan por obtener justicia social para los trabajadores, en pro de su estabilidad laboral y mejora salarial<\/b><\/span><\/em><\/p>\n<p>&nbsp;<\/p>\n<p style=\"text-align: justify;\"><!--more--><\/p>\n<p>&nbsp;<\/p>\n<p style=\"text-align: justify;\"><strong>Prensa Inces.-<\/strong> <span style=\"font-family: Arial,sans-serif;\">El presidente del Inces, Wuikelman Angel hizo importantes anuncios a los trabajadores de esta instituci\u00f3n, quienes fueron convocados a una ofrenda floral conmemorativa del 25 aniversario de la siembra del maestro Luis Beltr\u00e1n Prieto Figueroa; anuncios estos relacionados a importantes incrementos salariales, primas laborales, cesta tickets, entre otros.<\/span><\/p>\n<p>&nbsp;<\/p>\n<p style=\"text-align: justify;\"><span style=\"font-family: Arial,sans-serif;\">El presidente de la instituci\u00f3n dijo que por primera vez en la historia del Inces, el tabulador de sueldos y salarios se revisa y se ajusta a fin de llevar a los trabajadores administrativos del nivel I al VII y al personal obrero del rango m\u00ednimo al rango m\u00e1ximo.<\/span><\/p>\n<p style=\"text-align: justify;\"><img loading=\"lazy\" decoding=\"async\" class=\"size-full wp-image-14282 aligncenter\" src=\"http:\/\/www.inces.gob.ve\/wp-content\/uploads\/2018\/04\/1mejoras-salariales.jpg\" alt=\"\" width=\"800\" height=\"445\" \/><\/p>\n<p style=\"text-align: justify;\"><span style=\"font-family: Arial,sans-serif;\">Los trabajadores recibir\u00e1n este incremento a partir del pr\u00f3ximo pago que est\u00e1 estipulado se haga efectivo este martes 24 de abril, con retroactivo a partir del primero de marzo del a\u00f1o en curso.<\/span><\/p>\n<p>&nbsp;<\/p>\n<p style=\"text-align: justify;\"><span style=\"font-family: Arial,sans-serif;\">Angel se\u00f1al\u00f3 que tambi\u00e9n se est\u00e1 tramitando la homologaci\u00f3n de algunos beneficios de la Convenci\u00f3n Colectiva del Ministerio de Educaci\u00f3n, como lo son la prima por Hogar, Bs. 500.000; prima de transporte, Bs. 500.000 y complemento salarial por Bs. 600.000, lo cual se suma al salario base, incrementado en un 100% ,todo con incidencia laboral.<\/span><\/p>\n<p>&nbsp;<\/p>\n<p style=\"text-align: justify;\"><span style=\"font-family: Arial,sans-serif;\">En cuanto a la Convenci\u00f3n Colectiva del Inces, se est\u00e1 esperando la aprobaci\u00f3n de la mejora de 2 de sus clausulas: por una parte el incremento de la subvenci\u00f3n de alimentaci\u00f3n, la cual pasa de Bs. 1.300 a\u00a0 Bs. 915.000 y la prima por hijos, la cual se espera sea aprobada por el monto correspondiente medio salario m\u00ednimo, es decir, Bs. 180.000 aproximadamente.<\/span><\/p>\n<p>&nbsp;<\/p>\n<p style=\"text-align: justify;\"><span style=\"font-family: Arial,sans-serif;\">Asimismo, y adicionalmente, se ha ajustado el pago por horas de los promotores t\u00e9cnicos productivos en un 142%, ya que antes la hora acad\u00e9mica estaba en 2.600 bol\u00edvares, ahora esta ser\u00e1 cancelada en 6.300 bol\u00edvares.<\/span><\/p>\n<p style=\"text-align: justify;\"><span style=\"font-family: Arial,sans-serif;\">Seguidamente el presidente de la instituci\u00f3n aclar\u00f3 que este primero de mayo se har\u00e1n nuevos ajustes, una vez que el presidente Nicol\u00e1s Maduro haga los anuncios correspondientes a tales medidas compensatorias.<\/span><\/p>\n<p style=\"text-align: justify;\"><img loading=\"lazy\" decoding=\"async\" class=\"size-full wp-image-14280 aligncenter\" src=\"http:\/\/www.inces.gob.ve\/wp-content\/uploads\/2018\/04\/3mejoras-salariales.jpg\" alt=\"\" width=\"850\" height=\"567\" \/><\/p>\n<p style=\"text-align: justify;\"><span style=\"font-family: Arial,sans-serif;\">Angel inform\u00f3 tambi\u00e9n que en este momento se est\u00e1 evaluando extender los beneficios del cesta ticket completo y prima de transporte a los promotores t\u00e9cnicos productivos.<\/span><\/p>\n","protected":false},"excerpt":{"rendered":"<p>** Las autoridades del Inces y del Ministerio de Educaci\u00f3n trabajan por obtener justicia social para los trabajadores, en pro de su estabilidad laboral y mejora salarial &nbsp;<\/p>\n","protected":false},"author":15,"featured_media":14281,"comment_status":"closed","ping_status":"closed","sticky":false,"template":"","format":"aside","meta":{"footnotes":""},"categories":[2],"tags":[],"class_list":["post-14279","post","type-post","status-publish","format-aside","has-post-thumbnail","hentry","category-blog","post_format-post-format-aside"],"_links":{"self":[{"href":"https:\/\/inces.gob.ve\/index.php\/wp-json\/wp\/v2\/posts\/14279","targetHints":{"allow":["GET"]}}],"collection":[{"href":"https:\/\/inces.gob.ve\/index.php\/wp-json\/wp\/v2\/posts"}],"about":[{"href":"https:\/\/inces.gob.ve\/index.php\/wp-json\/wp\/v2\/types\/post"}],"author":[{"embeddable":true,"href":"https:\/\/inces.gob.ve\/index.php\/wp-json\/wp\/v2\/users\/15"}],"replies":[{"embeddable":true,"href":"https:\/\/inces.gob.ve\/index.php\/wp-json\/wp\/v2\/comments?post=14279"}],"version-history":[{"count":1,"href":"https:\/\/inces.gob.ve\/index.php\/wp-json\/wp\/v2\/posts\/14279\/revisions"}],"predecessor-version":[{"id":34806,"href":"https:\/\/inces.gob.ve\/index.php\/wp-json\/wp\/v2\/posts\/14279\/revisions\/34806"}],"wp:featuredmedia":[{"embeddable":true,"href":"https:\/\/inces.gob.ve\/index.php\/wp-json\/"}],"wp:attachment":[{"href":"https:\/\/inces.gob.ve\/index.php\/wp-json\/wp\/v2\/media?parent=14279"}],"wp:term":[{"taxonomy":"category","embeddable":true,"href":"https:\/\/inces.gob.ve\/index.php\/wp-json\/wp\/v2\/categories?post=14279"},{"taxonomy":"post_tag","embeddable":true,"href":"https:\/\/inces.gob.ve\/index.php\/wp-json\/wp\/v2\/tags?post=14279"}],"curies":[{"name":"wp","href":"https:\/\/api.w.org\/{rel}","templated":true}]}}