{"id":14313,"date":"2018-04-24T09:25:27","date_gmt":"2018-04-24T15:25:27","guid":{"rendered":"http:\/\/www.inces.gob.ve\/?p=14313"},"modified":"2020-05-28T20:32:25","modified_gmt":"2020-05-29T00:32:25","slug":"juventud-productiva-del-inces-conoce-gestion-publica-transformacion-del-estado","status":"publish","type":"post","link":"https:\/\/inces.gob.ve\/index.php\/2018\/04\/24\/juventud-productiva-del-inces-conoce-gestion-publica-transformacion-del-estado\/","title":{"rendered":"Juventud Productiva del Inces conoce sobre gesti\u00f3n p\u00fablica y transformaci\u00f3n del Estado"},"content":{"rendered":"<p class=\"western\" style=\"text-align: justify;\"><span style=\"font-family: Arial,sans-serif;\"><i><b>** El foro se desarroll\u00f3 con un enfoque basado en el m\u00e9todo de la formaci\u00f3n y autoformaci\u00f3n y bajo la modalidad de aprender-haciendo<\/b><\/i><\/span><\/p>\n<p>&nbsp;<\/p>\n<p class=\"western\" style=\"text-align: justify;\"><!--more--><\/p>\n<p class=\"western\" style=\"text-align: justify;\">\u00a0<\/p>\n<p class=\"western\" style=\"text-align: justify;\"><span style=\"font-family: Arial,sans-serif;\"><b>Prensa inces (Falcon).<\/b>-Con el prop\u00f3sito de crear espacios para el debate pol\u00edtico, en el Instituto Nacional de Capacitaci\u00f3n y Educaci\u00f3n Socialista (Inces) en Falc\u00f3n, en las instalaciones del Centro de Formaci\u00f3n Socialista \u201cJos\u00e9 Leonardo Chirino\u201d se desarroll\u00f3 el foro: Gesti\u00f3n P\u00fablica y Transformaci\u00f3n del Estado, gracias a la vinculaci\u00f3n con la Universidad Bolivariana de Venezuela (UBV). El mismo estuvo dirigido a los participantes, aprendices del Programa Nacional de Aprendizaje (PNA), Plan Chamba Juvenil, pasantes de la Universidad Nacional Experimental \u201cSim\u00f3n Rodr\u00edguez\u201d y de la Escuela T\u00e9cnica \u201cMadre Mazzarello\u201d.<\/span><\/p>\n<p class=\"western\" style=\"text-align: justify;\">\u00a0<\/p>\n<p class=\"western\" style=\"text-align: justify;\"><span style=\"font-family: Arial,sans-serif;\">El evento que estuvo a cargo de los participantes de la maestr\u00eda en Ciencias para el Desarrollo Estrat\u00e9gico: Jean Carlos Tablero, M\u00edriam Gonz\u00e1lez Villarroel, Rafael Borges, Narciso Contreras y la doctorada Tania Russian de la UBV, tuvo un enfoque basado en el m\u00e9todo de la formaci\u00f3n y autoformaci\u00f3n, bajo la modalidad de aprender-haciendo, y forma parte de las actividades de la unidad curricular: Gesti\u00f3n P\u00fablica en Venezuela. <\/span><\/p>\n<p class=\"western\" style=\"text-align: justify;\"><img loading=\"lazy\" decoding=\"async\" class=\"size-full wp-image-14314 aligncenter\" src=\"http:\/\/www.inces.gob.ve\/wp-content\/uploads\/2018\/04\/3Juventud-Productiva.jpg\" alt=\"\" width=\"800\" height=\"402\" \/><\/p>\n<p class=\"western\" style=\"text-align: justify;\"><span style=\"font-family: Arial,sans-serif;\">Explicaron los ponentes que el objetivo de la actividad es dar a conocer procesos dedicados a la gesti\u00f3n p\u00fablica que repercuten en la transformaci\u00f3n del Estado y los avances en los modelos educativos que vienen suscit\u00e1ndose desde una \u00f3ptica moderna en la generaci\u00f3n del valor p\u00fablico como pol\u00edtica p\u00fablica de Estado.<\/span><\/p>\n<p class=\"western\" style=\"text-align: justify;\">\u00a0<\/p>\n<p class=\"western\" style=\"text-align: justify;\"><span style=\"font-family: Arial,sans-serif;\">Precisaron los cursantes, la importancia de temas como la concepci\u00f3n participativa y protag\u00f3nica en las pol\u00edticas p\u00fablicas educativas y su refundaci\u00f3n en el proyecto pol\u00edtico nacional. La conformaci\u00f3n de un Estado de nuevo signo en la promoci\u00f3n de modelos de gesti\u00f3n alternativos; la pol\u00edtica p\u00fablica como arte de hacer posible lo imposible; la praxis de la gesti\u00f3n p\u00fablica como mecanismo de auto-sustentabilidad y productividad, la pol\u00edtica educativa nacional y el marco de acci\u00f3n de la educaci\u00f3n para todos y la educaci\u00f3n y la agenda de desarrollo nacional, se gener\u00f3 en el intercambio de saberes desde los distintos puntos de vista, motiv\u00e1ndose la participaci\u00f3n y discusi\u00f3n entre los participantes.<\/span><\/p>\n<p class=\"western\" style=\"text-align: justify;\">\u00a0<\/p>\n<p class=\"western\" style=\"text-align: justify;\"><span style=\"font-family: Arial,sans-serif;\">Puntualizaron que este tipo de actividades conllevan al desarrollo de criterios sobre la gesti\u00f3n p\u00fablica y transformaci\u00f3n del Estado, partiendo del contexto del proyecto de transformaci\u00f3n de la sociedad, lo cual es parte de las estrategias que se realizan desde el Inces en Falc\u00f3n para que la juventud productiva, tenga nociones m\u00e1s ampl\u00edas y criterios sobre temas de inter\u00e9s y que forman parte de la formaci\u00f3n integral. <\/span><\/p>\n<p class=\"western\" style=\"text-align: justify;\"><img loading=\"lazy\" decoding=\"async\" class=\"size-full wp-image-14316 aligncenter\" src=\"http:\/\/www.inces.gob.ve\/wp-content\/uploads\/2018\/04\/1Juventud-Productiva.jpg\" alt=\"\" width=\"800\" height=\"366\" \/><\/p>\n<p class=\"western\" style=\"text-align: justify;\"><span style=\"font-family: Arial,sans-serif;\">Finalmente agradecieron a la gerente regional del Inces en Falc\u00f3n, Eneyda Mart\u00ednez Rodr\u00edguez, por el apoyo que ha venido brindando al desarrollo de los procesos formativos de la Universidad Bolivariana de Venezuela en la ciudad de Coro, cediendo sus espacios, para la formaci\u00f3n profesional de hombres y mujeres que d\u00eda a d\u00eda a trav\u00e9s del conocimiento se preparan profesionalmente.<\/span><\/p>\n<p class=\"western\" style=\"text-align: justify;\">\u00a0<\/p>\n<p class=\"western\" style=\"text-align: justify;\"><span style=\"font-family: Arial,sans-serif;\">M\u00edriam Gonz\u00e1lez Villarroel<\/span><\/p>\n","protected":false},"excerpt":{"rendered":"<p>** El foro se desarroll\u00f3 con un enfoque basado en el m\u00e9todo de la formaci\u00f3n y autoformaci\u00f3n y bajo la modalidad de aprender-haciendo &nbsp;<\/p>\n","protected":false},"author":15,"featured_media":14315,"comment_status":"closed","ping_status":"closed","sticky":false,"template":"","format":"aside","meta":{"footnotes":""},"categories":[2],"tags":[],"class_list":["post-14313","post","type-post","status-publish","format-aside","has-post-thumbnail","hentry","category-blog","post_format-post-format-aside"],"_links":{"self":[{"href":"https:\/\/inces.gob.ve\/index.php\/wp-json\/wp\/v2\/posts\/14313","targetHints":{"allow":["GET"]}}],"collection":[{"href":"https:\/\/inces.gob.ve\/index.php\/wp-json\/wp\/v2\/posts"}],"about":[{"href":"https:\/\/inces.gob.ve\/index.php\/wp-json\/wp\/v2\/types\/post"}],"author":[{"embeddable":true,"href":"https:\/\/inces.gob.ve\/index.php\/wp-json\/wp\/v2\/users\/15"}],"replies":[{"embeddable":true,"href":"https:\/\/inces.gob.ve\/index.php\/wp-json\/wp\/v2\/comments?post=14313"}],"version-history":[{"count":1,"href":"https:\/\/inces.gob.ve\/index.php\/wp-json\/wp\/v2\/posts\/14313\/revisions"}],"predecessor-version":[{"id":34801,"href":"https:\/\/inces.gob.ve\/index.php\/wp-json\/wp\/v2\/posts\/14313\/revisions\/34801"}],"wp:featuredmedia":[{"embeddable":true,"href":"https:\/\/inces.gob.ve\/index.php\/wp-json\/"}],"wp:attachment":[{"href":"https:\/\/inces.gob.ve\/index.php\/wp-json\/wp\/v2\/media?parent=14313"}],"wp:term":[{"taxonomy":"category","embeddable":true,"href":"https:\/\/inces.gob.ve\/index.php\/wp-json\/wp\/v2\/categories?post=14313"},{"taxonomy":"post_tag","embeddable":true,"href":"https:\/\/inces.gob.ve\/index.php\/wp-json\/wp\/v2\/tags?post=14313"}],"curies":[{"name":"wp","href":"https:\/\/api.w.org\/{rel}","templated":true}]}}