{"id":14352,"date":"2018-04-25T07:54:21","date_gmt":"2018-04-25T13:54:21","guid":{"rendered":"http:\/\/www.inces.gob.ve\/?p=14352"},"modified":"2020-05-28T20:32:25","modified_gmt":"2020-05-29T00:32:25","slug":"licenciada-teresa-cartagena-asume-jefatura-la-division-formacion-profesional-inces-vargas","status":"publish","type":"post","link":"https:\/\/inces.gob.ve\/index.php\/2018\/04\/25\/licenciada-teresa-cartagena-asume-jefatura-la-division-formacion-profesional-inces-vargas\/","title":{"rendered":"Licenciada Teresa Cartagena asume jefatura de la Divisi\u00f3n de Formaci\u00f3n Profesional de Inces Vargas"},"content":{"rendered":"<p class=\"western\" style=\"text-align: justify;\"><em><span style=\"font-family: Arial,sans-serif;\"><strong>** Docente, apegada al respeto y fiel creyente en el hombre nuevo<\/strong> <\/span><\/em><\/p>\n<p>&nbsp;<\/p>\n<p style=\"text-align: justify;\"><!--more--><\/p>\n<p>&nbsp;<\/p>\n<p class=\"western\" style=\"text-align: justify;\"><span style=\"font-family: Arial,sans-serif;\">Prensa Inces (Vargas).- Teresa Concepci\u00f3n Cartagena D\u00edaz, docente en lengua y literatura con maestr\u00eda en Educaci\u00f3n, asume como Jefa de la Divisi\u00f3n de Formaci\u00f3n Profesional para seguir impulsando el trabajo formativo de la mano del gerente regional, Hern\u00e1n Garboza Almeida.<\/span><\/p>\n<p>&nbsp;<\/p>\n<p class=\"western\" style=\"text-align: justify;\"><span style=\"font-family: Arial,sans-serif;\">Al ser impuesta de la notificaci\u00f3n de ingreso la profesora Cartagena detall\u00f3: \u201cMi expectativa al formar parte de esta instituci\u00f3n es lograr un mayor impacto en el trabajo con las comunidades para impulsar una econom\u00eda productiva y soberana, as\u00ed como tambi\u00e9n coordinar la formaci\u00f3n y autoformaci\u00f3n de los trabajadores y trabajadoras del Inces Vargas\u201d.<\/span><\/p>\n<p>&nbsp;<\/p>\n<p class=\"western\" style=\"text-align: justify;\"><span style=\"font-family: Arial,sans-serif;\">Hern\u00e1n Garboza, gerente regional destac\u00f3 la labor que ven\u00eda desarrollando la profesora desde la coordinaci\u00f3n de Educaci\u00f3n B\u00e1sica y reconoci\u00f3 el esfuerzo que pone en cada una de sus actividades.<\/span><\/p>\n<p>&nbsp;<\/p>\n<p class=\"western\" style=\"text-align: justify;\"><span style=\"font-family: Arial,sans-serif;\">Es por ello que le damos una cordial bienvenida al incorporarse a este gran equipo humano y fortalecer la gesti\u00f3n del presidente del Inces socialista encabezado el presidente Wuikelman \u00c1ngel.<\/span><\/p>\n<p>&nbsp;<\/p>\n<p class=\"western\" style=\"text-align: justify;\"><span style=\"font-family: Arial,sans-serif;\">Zuvalqui Duarte<\/span><\/p>\n<p class=\"western\" style=\"text-align: justify;\"><span style=\"font-family: Arial,sans-serif;\"><\/p>\n<p> <\/span>\n <\/p>\n<p class=\"western\" style=\"text-align: justify;\">\n <\/p>\n<p class=\"western\" style=\"text-align: justify;\">\n <\/p>\n","protected":false},"excerpt":{"rendered":"<p>** Docente, apegada al respeto y fiel creyente en el hombre nuevo &nbsp;<\/p>\n","protected":false},"author":15,"featured_media":14353,"comment_status":"closed","ping_status":"closed","sticky":false,"template":"","format":"aside","meta":{"footnotes":""},"categories":[2],"tags":[],"class_list":["post-14352","post","type-post","status-publish","format-aside","has-post-thumbnail","hentry","category-blog","post_format-post-format-aside"],"_links":{"self":[{"href":"https:\/\/inces.gob.ve\/index.php\/wp-json\/wp\/v2\/posts\/14352","targetHints":{"allow":["GET"]}}],"collection":[{"href":"https:\/\/inces.gob.ve\/index.php\/wp-json\/wp\/v2\/posts"}],"about":[{"href":"https:\/\/inces.gob.ve\/index.php\/wp-json\/wp\/v2\/types\/post"}],"author":[{"embeddable":true,"href":"https:\/\/inces.gob.ve\/index.php\/wp-json\/wp\/v2\/users\/15"}],"replies":[{"embeddable":true,"href":"https:\/\/inces.gob.ve\/index.php\/wp-json\/wp\/v2\/comments?post=14352"}],"version-history":[{"count":1,"href":"https:\/\/inces.gob.ve\/index.php\/wp-json\/wp\/v2\/posts\/14352\/revisions"}],"predecessor-version":[{"id":34794,"href":"https:\/\/inces.gob.ve\/index.php\/wp-json\/wp\/v2\/posts\/14352\/revisions\/34794"}],"wp:featuredmedia":[{"embeddable":true,"href":"https:\/\/inces.gob.ve\/index.php\/wp-json\/"}],"wp:attachment":[{"href":"https:\/\/inces.gob.ve\/index.php\/wp-json\/wp\/v2\/media?parent=14352"}],"wp:term":[{"taxonomy":"category","embeddable":true,"href":"https:\/\/inces.gob.ve\/index.php\/wp-json\/wp\/v2\/categories?post=14352"},{"taxonomy":"post_tag","embeddable":true,"href":"https:\/\/inces.gob.ve\/index.php\/wp-json\/wp\/v2\/tags?post=14352"}],"curies":[{"name":"wp","href":"https:\/\/api.w.org\/{rel}","templated":true}]}}