{"id":14427,"date":"2018-04-26T12:49:23","date_gmt":"2018-04-26T18:49:23","guid":{"rendered":"http:\/\/www.inces.gob.ve\/?p=14427"},"modified":"2020-05-28T20:32:24","modified_gmt":"2020-05-29T00:32:24","slug":"bolivar-acredito-17-profesores-la-segunda-expoferia-agroecologica-escolar","status":"publish","type":"post","link":"https:\/\/inces.gob.ve\/index.php\/2018\/04\/26\/bolivar-acredito-17-profesores-la-segunda-expoferia-agroecologica-escolar\/","title":{"rendered":"Bol\u00edvar acredit\u00f3 a 17 profesores en la segunda \u201cExpoferia  Agroecol\u00f3gica Escolar\u201d"},"content":{"rendered":"<p class=\"western\" style=\"text-align: justify;\"><span style=\"font-family: Arial,sans-serif;\"><i><b>** Se les reconocieron experiencias en Huerto Familiar<\/b><\/i><\/span><\/p>\n<p>&nbsp;<\/p>\n<p class=\"western\" style=\"text-align: justify;\"><!--more--><\/p>\n<p style=\"text-align: justify;\">\u00a0<\/p>\n<p class=\"western\" style=\"text-align: justify;\"><span style=\"font-family: Arial,sans-serif;\"><b>Prensa Inces <\/b><b>(<\/b><b>Bol\u00edvar<\/b><b>)<\/b><b>.<\/b>&#8211; Cumpliendo con los lineamientos del Programa del Ministerio de Educaci\u00f3n \u201cTodas las Manos a la Siembra\u201d el Inces Bol\u00edvar se despliega en los centros educativos con el prop\u00f3sito de incorporar y fortalecer el desarrollo formativo-productivo; del Programa Agr\u00edcola para acelerar los conucos escolares en la regi\u00f3n.<\/span><\/p>\n<p style=\"text-align: justify;\">\u00a0<\/p>\n<p class=\"western\" style=\"text-align: justify;\"><span style=\"font-family: Arial,sans-serif;\">La apertura del evento fue presidida por la directora del ente educativo, Orienis Freiles. Se cont\u00f3 con la presencia de la supervisora, Argelia Mendoza del circuito n\u00b0 12 de la parroquia Vista Sol, la coordinadora del Programa Agr\u00edcola del Inces Bol\u00edvar, Doris Guzm\u00e1n y la maestra t\u00e9cnica Yulma \u00a0<\/span><em><span style=\"font-family: Arial,sans-serif;\">Izarra<\/span><\/em><span style=\"font-family: Arial,sans-serif;\">.<\/span><\/p>\n<p>&nbsp;<\/p>\n<p style=\"text-align: justify;\">\u00a0<\/p>\n<p class=\"western\" style=\"text-align: justify;\"><span style=\"font-family: Arial,sans-serif;\">M\u00e1s de 20 escuelas se reunieron en la Unidad Educativa \u201cAndr\u00e9s Bello\u201d ubicada en Vista al Sol, para dar a conocer su producci\u00f3n e intercambiar productos medicinales, plantas arom\u00e1ticas, dulces a base de s\u00e1bila, te de jamaica y moringa.<\/span><\/p>\n<p>&nbsp;<\/p>\n<p><img loading=\"lazy\" decoding=\"async\" class=\"size-full wp-image-14428\" src=\"http:\/\/www.inces.gob.ve\/wp-content\/uploads\/2018\/04\/2Expoferia-Agroecol\u00f3gica.jpg\" alt=\"\" width=\"750\" height=\"510\" \/><\/p>\n<p>&nbsp;<\/p>\n<p class=\"western\" style=\"text-align: justify;\"><span style=\"font-family: Arial,sans-serif;\">Del mismo modo 17 profesores de la instituci\u00f3n fueron acreditados por el Inces, en el oficio de Huerto Familiar.<\/span><\/p>\n<p>&nbsp;<\/p>\n<p style=\"text-align: justify;\">\u00a0<\/p>\n<p class=\"western\" style=\"text-align: justify;\"><span style=\"font-family: Arial,sans-serif;\">Profesores de la Unidad Educativa \u201cAndr\u00e9s Bello\u201d resaltaron la importancia de producir y formar a la juventud en el sector agr\u00edcola, para la \u201ccontingenciaci\u00f3n\u201d de la siembra.<\/span><\/p>\n<p style=\"text-align: justify;\">\u00a0<\/p>\n<p class=\"western\" style=\"text-align: justify;\"><span style=\"font-family: Arial,sans-serif;\">Marco Gil profesor de la Escuela \u201cRafael Urdaneta\u201d expres\u00f3: \u201cSe observ\u00f3 la asistencia de la mayor\u00eda de los planteles de la parroquia, nosotros ofrecimos el shampoo artesanal, depositarios y t\u00e9 de <\/span><em><span style=\"font-family: Arial,sans-serif;\">citronela y<\/span><\/em><span style=\"font-family: Arial,sans-serif;\"> todo hecho de la mano con el alumno\u201d. <\/span><\/p>\n<p>&nbsp;<\/p>\n<p style=\"text-align: justify;\">\u00a0<\/p>\n<p class=\"western\" style=\"text-align: justify;\"><span style=\"font-family: Arial,sans-serif;\">Se dio a conocer que este tipo de actividades, se estar\u00e1 realizando en todas las escuelas de la entidad.<\/span><\/p>\n<p class=\"western\" style=\"text-align: justify;\">\u00a0<\/p>\n<p class=\"western\" style=\"text-align: justify;\">\u00a0<\/p>\n<p class=\"western\" style=\"text-align: justify;\"><span style=\"font-family: Arial,sans-serif;\">Jos\u00e9 Gregorio Su\u00e1rez<\/span><\/p>\n<p class=\"western\" style=\"text-align: justify;\">\u00a0<\/p>\n<p class=\"western\" style=\"text-align: justify;\">\u00a0<\/p>\n<p class=\"western\" style=\"text-align: justify;\">\u00a0<\/p>\n<p class=\"western\" style=\"text-align: justify;\">\u00a0<\/p>\n","protected":false},"excerpt":{"rendered":"<p>** Se les reconocieron experiencias en Huerto Familiar &nbsp;<\/p>\n","protected":false},"author":15,"featured_media":14429,"comment_status":"closed","ping_status":"closed","sticky":false,"template":"","format":"aside","meta":{"footnotes":""},"categories":[2],"tags":[],"class_list":["post-14427","post","type-post","status-publish","format-aside","has-post-thumbnail","hentry","category-blog","post_format-post-format-aside"],"_links":{"self":[{"href":"https:\/\/inces.gob.ve\/index.php\/wp-json\/wp\/v2\/posts\/14427","targetHints":{"allow":["GET"]}}],"collection":[{"href":"https:\/\/inces.gob.ve\/index.php\/wp-json\/wp\/v2\/posts"}],"about":[{"href":"https:\/\/inces.gob.ve\/index.php\/wp-json\/wp\/v2\/types\/post"}],"author":[{"embeddable":true,"href":"https:\/\/inces.gob.ve\/index.php\/wp-json\/wp\/v2\/users\/15"}],"replies":[{"embeddable":true,"href":"https:\/\/inces.gob.ve\/index.php\/wp-json\/wp\/v2\/comments?post=14427"}],"version-history":[{"count":1,"href":"https:\/\/inces.gob.ve\/index.php\/wp-json\/wp\/v2\/posts\/14427\/revisions"}],"predecessor-version":[{"id":34783,"href":"https:\/\/inces.gob.ve\/index.php\/wp-json\/wp\/v2\/posts\/14427\/revisions\/34783"}],"wp:featuredmedia":[{"embeddable":true,"href":"https:\/\/inces.gob.ve\/index.php\/wp-json\/"}],"wp:attachment":[{"href":"https:\/\/inces.gob.ve\/index.php\/wp-json\/wp\/v2\/media?parent=14427"}],"wp:term":[{"taxonomy":"category","embeddable":true,"href":"https:\/\/inces.gob.ve\/index.php\/wp-json\/wp\/v2\/categories?post=14427"},{"taxonomy":"post_tag","embeddable":true,"href":"https:\/\/inces.gob.ve\/index.php\/wp-json\/wp\/v2\/tags?post=14427"}],"curies":[{"name":"wp","href":"https:\/\/api.w.org\/{rel}","templated":true}]}}