{"id":14432,"date":"2018-04-26T13:04:29","date_gmt":"2018-04-26T19:04:29","guid":{"rendered":"http:\/\/www.inces.gob.ve\/?p=14432"},"modified":"2020-05-28T20:32:24","modified_gmt":"2020-05-29T00:32:24","slug":"arranco-programa-salud-inces-falcon","status":"publish","type":"post","link":"https:\/\/inces.gob.ve\/index.php\/2018\/04\/26\/arranco-programa-salud-inces-falcon\/","title":{"rendered":"Arranc\u00f3 Programa Salud en Inces Falc\u00f3n"},"content":{"rendered":"<p class=\"western\" lang=\"es-MX\" style=\"text-align: justify;\"><span style=\"font-family: Arial,sans-serif;\"><i><b>** Con el curso: Asistente de Emergencia Prehospitalaria se reactiva este importante programa a trav\u00e9s del cual los participantes adquieren herramientas necesarias que favorecen la protecci\u00f3n y conservaci\u00f3n de la vida en casos de emergencias<\/b><\/i><\/span><\/p>\n<p class=\"western\" lang=\"es-MX\" style=\"text-align: justify;\"><!--more--><\/p>\n<p class=\"western\" lang=\"es-MX\" style=\"text-align: justify;\">\u00a0<\/p>\n<p class=\"western\" lang=\"es-MX\" style=\"text-align: justify;\"><span style=\"font-family: Arial,sans-serif;\"><b>Prensa Inces <\/b><b>(<\/b><b>Falc\u00f3n<\/b><b>)<\/b><b>.- <\/b>El Instituto Nacional de Capacitaci\u00f3n y Educaci\u00f3n Socialista (Inces) durante el d\u00eda de ayer present\u00f3 la oferta formativa que desarrollar\u00e1 el Programa Salud en la regi\u00f3n falconiana para el a\u00f1o 2018, como parte del impulso que se le est\u00e1 dando a estos procesos formativos. <\/span><\/p>\n<p class=\"western\" lang=\"es-MX\" style=\"text-align: justify;\">\u00a0<\/p>\n<p class=\"western\" lang=\"es-MX\" style=\"text-align: justify;\"><span style=\"font-family: Arial,sans-serif;\">Al encuentro asistieron m\u00e1s de 40 personas interesadas en formar parte de este programa que impulsa tambi\u00e9n el Motor Farmac\u00e9utico, con formaciones te\u00f3rico-pr\u00e1cticas que ser\u00e1n complementadas con otros aprendizajes, para el desarrollo integral del participante.<\/span><\/p>\n<p class=\"western\" lang=\"es-MX\" style=\"text-align: justify;\">\u00a0<\/p>\n<p class=\"western\" lang=\"es-MX\" style=\"text-align: justify;\"><span style=\"font-family: Arial,sans-serif;\">Inform\u00f3 la gerente regional del Inces Falc\u00f3n, Eneyda Mart\u00ednez Rodr\u00edguez, que el programa inici\u00f3 este 24 de abril con el curso: Asistente de Emergencia Prehospitalaria, el cual tendr\u00e1 una duraci\u00f3n 1.080 horas y 24 participantes que asumen el reto de formarse en este proceso.<\/span><\/p>\n<p class=\"western\" lang=\"es-MX\" style=\"text-align: justify;\"><span style=\"font-family: Arial,sans-serif;\"><img loading=\"lazy\" decoding=\"async\" class=\"size-full wp-image-14434 aligncenter\" src=\"http:\/\/www.inces.gob.ve\/wp-content\/uploads\/2018\/04\/1Programa-Salud.jpg\" alt=\"\" width=\"800\" height=\"422\" \/><\/span><\/p>\n<p class=\"western\" lang=\"es-MX\" style=\"text-align: justify;\">\u00a0<\/p>\n<p class=\"western\" lang=\"es-MX\" style=\"text-align: justify;\"><span style=\"font-family: Arial,sans-serif;\">Por su parte Mery Ferrer Leal, encargada del Programa Salud, expres\u00f3 que la atenci\u00f3n prehospitalaria adquiere cada vez mayor importancia dado el impacto significativo que ejerce en la salud de las personas, de all\u00ed la necesidad del Inces de formar un profesional capaz de aplicar con seguridad y propiedad, las acciones espec\u00edficas de emergencia, que favorezcan la protecci\u00f3n y conservaci\u00f3n de la vida de los seres humanos. <\/span><\/p>\n<p class=\"western\" lang=\"es-MX\" style=\"text-align: justify;\">\u00a0<\/p>\n<p class=\"western\" lang=\"es-MX\" style=\"text-align: justify;\"><span style=\"font-family: Arial,sans-serif;\">Por su parte precis\u00f3 Eva Espinoza, maestra t\u00e9cnica productivo que tendr\u00e1 la responsabilidad de transmitir las herramientas necesarias a los participantes, \u201claborar en el \u00e1rea de la salud es bastante complejo, porque se trabaja con el ser humano y tiene que ver con el ser y el hacer\u201d. Destac\u00f3, la importancia de las opciones formativas que ofrece el Inces inherentes a la salud, se hacen necesarias ya que el entorno comunitario actual, as\u00ed lo requiere.<\/span><\/p>\n<p class=\"western\" lang=\"es-MX\" style=\"text-align: justify;\">\u00a0<\/p>\n<p class=\"western\" lang=\"es-MX\" style=\"text-align: justify;\"><span style=\"font-family: Arial,sans-serif;\">Comunic\u00f3 que los participantes aprender\u00e1n generalidades sobre: anatom\u00eda y fisiolog\u00eda, evaluaci\u00f3n de pacientes, emergencia prehospitalaria, tecnolog\u00edas, pr\u00e1cticas, actividades comunitarias, legislaci\u00f3n, \u00e9tica, lenguaje y comunicaci\u00f3n, entre otros que ser\u00e1n reforzados con talleres complementarios para la integralidad del egresado bajo una metodolog\u00eda de ense\u00f1anza-aprendizaje. <\/span><\/p>\n<p class=\"western\" lang=\"es-MX\" style=\"text-align: justify;\">\u00a0<\/p>\n<p class=\"western\" lang=\"es-MX\" style=\"text-align: justify;\">\u201c<span style=\"font-family: Arial,sans-serif;\">Es una puerta que se abre para muchas personas que queremos formar parte del sistema de salud en la regi\u00f3n y quienes no hab\u00edamos tenido la oportunidad de insertarnos y ahora es posible gracias al Inces\u201d, consider\u00f3 Vanessa Maldonado.<\/span><\/p>\n<p class=\"western\" lang=\"es-MX\" style=\"text-align: justify;\">\u00a0<\/p>\n<p class=\"western\" lang=\"es-MX\" style=\"text-align: justify;\"><span style=\"font-family: Arial,sans-serif;\">Prensa Inces Falc\u00f3n\/M\u00edriam Gonz\u00e1lez Villarroel<\/span><\/p>\n","protected":false},"excerpt":{"rendered":"<p>** Con el curso: Asistente de Emergencia Prehospitalaria se reactiva este importante programa a trav\u00e9s del cual los participantes adquieren herramientas necesarias que favorecen la protecci\u00f3n y conservaci\u00f3n de la vida en casos de emergencias<\/p>\n","protected":false},"author":15,"featured_media":14433,"comment_status":"closed","ping_status":"closed","sticky":false,"template":"","format":"aside","meta":{"footnotes":""},"categories":[2],"tags":[],"class_list":["post-14432","post","type-post","status-publish","format-aside","has-post-thumbnail","hentry","category-blog","post_format-post-format-aside"],"_links":{"self":[{"href":"https:\/\/inces.gob.ve\/index.php\/wp-json\/wp\/v2\/posts\/14432","targetHints":{"allow":["GET"]}}],"collection":[{"href":"https:\/\/inces.gob.ve\/index.php\/wp-json\/wp\/v2\/posts"}],"about":[{"href":"https:\/\/inces.gob.ve\/index.php\/wp-json\/wp\/v2\/types\/post"}],"author":[{"embeddable":true,"href":"https:\/\/inces.gob.ve\/index.php\/wp-json\/wp\/v2\/users\/15"}],"replies":[{"embeddable":true,"href":"https:\/\/inces.gob.ve\/index.php\/wp-json\/wp\/v2\/comments?post=14432"}],"version-history":[{"count":1,"href":"https:\/\/inces.gob.ve\/index.php\/wp-json\/wp\/v2\/posts\/14432\/revisions"}],"predecessor-version":[{"id":34782,"href":"https:\/\/inces.gob.ve\/index.php\/wp-json\/wp\/v2\/posts\/14432\/revisions\/34782"}],"wp:featuredmedia":[{"embeddable":true,"href":"https:\/\/inces.gob.ve\/index.php\/wp-json\/"}],"wp:attachment":[{"href":"https:\/\/inces.gob.ve\/index.php\/wp-json\/wp\/v2\/media?parent=14432"}],"wp:term":[{"taxonomy":"category","embeddable":true,"href":"https:\/\/inces.gob.ve\/index.php\/wp-json\/wp\/v2\/categories?post=14432"},{"taxonomy":"post_tag","embeddable":true,"href":"https:\/\/inces.gob.ve\/index.php\/wp-json\/wp\/v2\/tags?post=14432"}],"curies":[{"name":"wp","href":"https:\/\/api.w.org\/{rel}","templated":true}]}}