{"id":14494,"date":"2018-04-30T09:35:09","date_gmt":"2018-04-30T15:35:09","guid":{"rendered":"http:\/\/www.inces.gob.ve\/?p=14494"},"modified":"2020-05-28T20:32:23","modified_gmt":"2020-05-29T00:32:23","slug":"centro-formacion-agropecuaria-la-azulita-sera-reactivado-repotenciado","status":"publish","type":"post","link":"https:\/\/inces.gob.ve\/index.php\/2018\/04\/30\/centro-formacion-agropecuaria-la-azulita-sera-reactivado-repotenciado\/","title":{"rendered":"Centro de Formaci\u00f3n Agropecuaria La Azulita ser\u00e1 reactivado y repotenciado"},"content":{"rendered":"<p style=\"text-align: justify;\"><span style=\"font-family: Arial,sans-serif;\"><i><b>** Tras un recorrido de dos d\u00edas, una comisi\u00f3n del Inces Sede analiza los recursos que ser\u00e1n asignados para la reactivaci\u00f3n del centro formativo<\/b><\/i><\/span><\/p>\n<p style=\"text-align: justify;\"><!--more--><\/p>\n<p>&nbsp;<\/p>\n<p style=\"text-align: justify;\"><span style=\"font-family: Arial,sans-serif;\"><b>Prensa Inces Sede.<\/b>&#8211; El presidente del Inces, Wuikelman Angel Paredes, realiz\u00f3 una revisi\u00f3n integral al centro de formaci\u00f3n socialista (CFS) \u201cLa Azulita\u201d, en el estado M\u00e9rida, con la finalidad de precisar la inyeccci\u00f3n de los recursos necesarios para su reactivaci\u00f3n en los \u00e1mbitos formativo, productivo y de provisi\u00f3n de bienes y servicios para la comunidad.<\/span><\/p>\n<p>&nbsp;<\/p>\n<p style=\"text-align: justify;\"><span style=\"font-family: Arial,sans-serif;\">La jornada cont\u00f3 con una importante reuni\u00f3n entre el Inces y la alcald\u00eda del municipio Andr\u00e9s Bello, quienes en conjunto asumieron la tarea de atender algunas pol\u00edticas nacionales esenciales como el Plan Chamba Juvenil y la formaci\u00f3n de las comunidades.<\/span><\/p>\n<p style=\"text-align: justify;\"><img loading=\"lazy\" decoding=\"async\" class=\"size-full wp-image-14496 aligncenter\" src=\"http:\/\/www.inces.gob.ve\/wp-content\/uploads\/2018\/04\/2Agropecuaria-La-Azulita-.jpeg\" alt=\"\" width=\"850\" height=\"638\" \/><br \/>\n \u201c<span style=\"font-family: Arial,sans-serif;\">El Inces La Azulita cuenta con la infraestructura y el equipamiento necesarios para resolver, a trav\u00e9s de la formaci\u00f3n, el proceso de reactivaci\u00f3n de la producci\u00f3n de algunos rubros agroalimentarios en el municipio\u201d, explic\u00f3 Angel.<\/span><\/p>\n<p>&nbsp;<\/p>\n<p style=\"text-align: justify;\"><span style=\"font-family: Arial,sans-serif;\">Asimismo reconoci\u00f3 el presidente del Inces, que por algunos aspectos de orden t\u00e9cnico se vieron afectadas las instalaciones de CFS meride\u00f1o \u201cse ha tenido una merma en la formaci\u00f3n t\u00e9cnica y en la producci\u00f3n de La Azulita; por ello hoy nos llevamos una lista de tareas que implican la reactivaci\u00f3n de las unidades agroalimentarias, de productos l\u00e1cteos, caf\u00e9, cr\u00eda de cochinos, entre otros\u201d.<\/span><\/p>\n<p style=\"text-align: justify;\"><img loading=\"lazy\" decoding=\"async\" class=\"size-full wp-image-14495 aligncenter\" src=\"http:\/\/www.inces.gob.ve\/wp-content\/uploads\/2018\/04\/3Agropecuaria-La-Azulita-.jpeg\" alt=\"\" width=\"850\" height=\"638\" \/><\/p>\n<p style=\"text-align: justify;\"><span style=\"font-family: Arial,sans-serif;\">Esta repotenciaci\u00f3n del centro ser\u00e1 posible gracias a los recursos asignados por el Ejecutivo Nacional; sin embargo, el Inces y la alcald\u00eda de Andr\u00e9s Bello, levantan en conjunto un plan de necesidades para solicitar recursos adicionales al presidente Nicol\u00e1s Maduro y as\u00ed atender de manera integral, a partir del CFS, a toda la poblaci\u00f3n del municipio.<\/span><\/p>\n<p>&nbsp;<\/p>\n<p style=\"text-align: justify;\"><span style=\"font-family: Arial,sans-serif;\">Angel no dej\u00f3 de reconocer el trabajo y profesionalismo de los instructores que hacen vida en el Inces, sobre todo en \u00e1rea agroalimentaria, y asever\u00f3 estar seguro de que en ellos recae la mayor fuerza y el mejor capital para que La Azulita vuelva a ser uno de los centros de formaci\u00f3n con mayor y mejor producci\u00f3n y formaci\u00f3n del Inces.<\/span><\/p>\n<p>&nbsp;<\/p>\n<p style=\"text-align: justify;\"><span style=\"font-family: Arial,sans-serif;\">T\/ Longina Tovar<\/span><\/p>\n<p style=\"text-align: justify;\"><span style=\"font-family: Arial,sans-serif;\">F\/ Jessica Lugo<\/span><\/p>\n","protected":false},"excerpt":{"rendered":"<p>** Tras un recorrido de dos d\u00edas, una comisi\u00f3n del Inces Sede analiza los recursos que ser\u00e1n asignados para la reactivaci\u00f3n del centro formativo<\/p>\n","protected":false},"author":15,"featured_media":14497,"comment_status":"closed","ping_status":"closed","sticky":false,"template":"","format":"aside","meta":{"footnotes":""},"categories":[2],"tags":[],"class_list":["post-14494","post","type-post","status-publish","format-aside","has-post-thumbnail","hentry","category-blog","post_format-post-format-aside"],"_links":{"self":[{"href":"https:\/\/inces.gob.ve\/index.php\/wp-json\/wp\/v2\/posts\/14494","targetHints":{"allow":["GET"]}}],"collection":[{"href":"https:\/\/inces.gob.ve\/index.php\/wp-json\/wp\/v2\/posts"}],"about":[{"href":"https:\/\/inces.gob.ve\/index.php\/wp-json\/wp\/v2\/types\/post"}],"author":[{"embeddable":true,"href":"https:\/\/inces.gob.ve\/index.php\/wp-json\/wp\/v2\/users\/15"}],"replies":[{"embeddable":true,"href":"https:\/\/inces.gob.ve\/index.php\/wp-json\/wp\/v2\/comments?post=14494"}],"version-history":[{"count":1,"href":"https:\/\/inces.gob.ve\/index.php\/wp-json\/wp\/v2\/posts\/14494\/revisions"}],"predecessor-version":[{"id":34775,"href":"https:\/\/inces.gob.ve\/index.php\/wp-json\/wp\/v2\/posts\/14494\/revisions\/34775"}],"wp:featuredmedia":[{"embeddable":true,"href":"https:\/\/inces.gob.ve\/index.php\/wp-json\/"}],"wp:attachment":[{"href":"https:\/\/inces.gob.ve\/index.php\/wp-json\/wp\/v2\/media?parent=14494"}],"wp:term":[{"taxonomy":"category","embeddable":true,"href":"https:\/\/inces.gob.ve\/index.php\/wp-json\/wp\/v2\/categories?post=14494"},{"taxonomy":"post_tag","embeddable":true,"href":"https:\/\/inces.gob.ve\/index.php\/wp-json\/wp\/v2\/tags?post=14494"}],"curies":[{"name":"wp","href":"https:\/\/api.w.org\/{rel}","templated":true}]}}