{"id":14562,"date":"2018-05-02T07:17:06","date_gmt":"2018-05-02T13:17:06","guid":{"rendered":"http:\/\/www.inces.gob.ve\/?p=14562"},"modified":"2020-05-28T20:32:23","modified_gmt":"2020-05-29T00:32:23","slug":"aprendices-inces-se-suman-las-celebraciones-del-dia-del-trabajador-2","status":"publish","type":"post","link":"https:\/\/inces.gob.ve\/index.php\/2018\/05\/02\/aprendices-inces-se-suman-las-celebraciones-del-dia-del-trabajador-2\/","title":{"rendered":"Aprendices Inces se sumaron a las celebraciones del D\u00eda del Trabajador"},"content":{"rendered":"<p style=\"text-align: justify;\"><span style=\"font-family: Arial,sans-serif;\"><i><b>**En una demostraci\u00f3n de gran actitud y compromiso agradecido, centenas de Aprendices Inces y j\u00f3venes insertados en el Plan Nacional Chamba Juvenil se concentraron desde tempranas horas de la ma\u00f1ana en la avenida Nueva Granada, al frente de esta instituci\u00f3n formativa, para sumarse a la movilizaci\u00f3n programada con ocasi\u00f3n de conmemorar el D\u00eda Internacional del Trabajador y en respaldo al proceso revolucionario que lidera el presidente de la Rep\u00fablica, Nicol\u00e1s Maduro.<\/b><\/i><\/span><\/p>\n<p>&nbsp;<\/p>\n<p style=\"text-align: justify;\"><!--more--><\/p>\n<p style=\"text-align: justify;\">\u00a0<\/p>\n<p style=\"text-align: justify;\"><span style=\"font-family: Arial,sans-serif;\">Para estos participantes, quienes destacan por el correcto uso de su uniforme estudiantil, congregarse y desplazarse en esta fecha, fue sin duda una experiencia in\u00e9dita en concordancia a su nueva condici\u00f3n de trabajadores-aprendices beneficiarios de los programas de inclusi\u00f3n educativa que promueve el gobierno nacional en todo el pa\u00eds.<\/span><\/p>\n<p style=\"text-align: justify;\">\u00a0<\/p>\n<p style=\"text-align: justify;\"><span style=\"font-family: Arial,sans-serif;\">Estuvieron previstas en la Ciudad Capital otras dos concentraciones, siempre desde las 9 de la ma\u00f1ana. Una de ellas en la avenida Libertador y la otra en el Parque Al\u00ed Primera en la avenida Sucre, para que posteriormente todas partieran, como pueblo solidario, a las inmediaciones de El Calvario en la zona central e hist\u00f3rica de Caracas y participaran de los actos preparados para la universal fecha.<\/span><\/p>\n<p style=\"text-align: justify;\">\u00a0<\/p>\n<p style=\"text-align: justify;\"><span style=\"font-family: Arial,sans-serif;\">Recordemos que en <\/span><strong><span style=\"font-family: Arial,sans-serif;\">Venezuela <\/span><\/strong><span style=\"font-family: Arial,sans-serif;\">el 1\u00b0 de mayo se conmemor\u00f3 por primera vez en el a\u00f1o 1936, pero no fue sino hasta 1946 cuando se decret\u00f3 como <\/span><strong><span style=\"font-family: Arial,sans-serif;\">d\u00eda feriado y de remuneraci\u00f3n obligatoria<\/span><\/strong><span style=\"font-family: Arial,sans-serif;\"> por parte de los patronos.<\/span><\/p>\n<p style=\"text-align: justify;\"><span style=\"font-family: Arial,sans-serif;\"><img loading=\"lazy\" decoding=\"async\" class=\"size-full wp-image-14567 aligncenter\" src=\"http:\/\/www.inces.gob.ve\/wp-content\/uploads\/2018\/05\/9Aprendices-Inces-.jpg\" alt=\"\" width=\"850\" height=\"638\" \/><\/span><\/p>\n<p style=\"text-align: justify;\"><span style=\"font-family: Arial,sans-serif;\">Entre los logros que bien merecen una celebraci\u00f3n y desplazamiento festivo por parte de la masa laboral en estos tiempos, destaca la innovadora <\/span><strong><span style=\"font-family: Arial,sans-serif;\">Ley Org\u00e1nica del Trabajo, los Trabajadores y las Trabajadoras<\/span><\/strong><span style=\"font-family: Arial,sans-serif;\"> (Lottt), considerada una de las m\u00e1s completas y avanzadas en comparaci\u00f3n con las vigentes en cualquier otro pa\u00eds del mundo.<\/span><\/p>\n<p style=\"text-align: justify;\">\u00a0<\/p>\n<p style=\"text-align: justify;\"><span style=\"font-family: Arial,sans-serif;\">I.R.<\/span><\/p>\n<p style=\"text-align: justify;\"><span style=\"font-family: Arial,sans-serif;\">Prensa Inces sede<\/p>\n<p> <\/span><\/p>\n","protected":false},"excerpt":{"rendered":"<p>**En una demostraci\u00f3n de gran actitud y compromiso agradecido, centenas de Aprendices Inces y j\u00f3venes insertados en el Plan Nacional Chamba Juvenil se concentraron desde tempranas horas de la ma\u00f1ana en la avenida Nueva Granada, al frente de esta instituci\u00f3n formativa, para sumarse a la movilizaci\u00f3n programada con ocasi\u00f3n de conmemorar el D\u00eda Internacional del [&hellip;]<\/p>\n","protected":false},"author":15,"featured_media":14563,"comment_status":"closed","ping_status":"closed","sticky":false,"template":"","format":"aside","meta":{"footnotes":""},"categories":[2],"tags":[],"class_list":["post-14562","post","type-post","status-publish","format-aside","has-post-thumbnail","hentry","category-blog","post_format-post-format-aside"],"_links":{"self":[{"href":"https:\/\/inces.gob.ve\/index.php\/wp-json\/wp\/v2\/posts\/14562","targetHints":{"allow":["GET"]}}],"collection":[{"href":"https:\/\/inces.gob.ve\/index.php\/wp-json\/wp\/v2\/posts"}],"about":[{"href":"https:\/\/inces.gob.ve\/index.php\/wp-json\/wp\/v2\/types\/post"}],"author":[{"embeddable":true,"href":"https:\/\/inces.gob.ve\/index.php\/wp-json\/wp\/v2\/users\/15"}],"replies":[{"embeddable":true,"href":"https:\/\/inces.gob.ve\/index.php\/wp-json\/wp\/v2\/comments?post=14562"}],"version-history":[{"count":1,"href":"https:\/\/inces.gob.ve\/index.php\/wp-json\/wp\/v2\/posts\/14562\/revisions"}],"predecessor-version":[{"id":34766,"href":"https:\/\/inces.gob.ve\/index.php\/wp-json\/wp\/v2\/posts\/14562\/revisions\/34766"}],"wp:featuredmedia":[{"embeddable":true,"href":"https:\/\/inces.gob.ve\/index.php\/wp-json\/"}],"wp:attachment":[{"href":"https:\/\/inces.gob.ve\/index.php\/wp-json\/wp\/v2\/media?parent=14562"}],"wp:term":[{"taxonomy":"category","embeddable":true,"href":"https:\/\/inces.gob.ve\/index.php\/wp-json\/wp\/v2\/categories?post=14562"},{"taxonomy":"post_tag","embeddable":true,"href":"https:\/\/inces.gob.ve\/index.php\/wp-json\/wp\/v2\/tags?post=14562"}],"curies":[{"name":"wp","href":"https:\/\/api.w.org\/{rel}","templated":true}]}}