{"id":14583,"date":"2018-05-02T08:40:00","date_gmt":"2018-05-02T14:40:00","guid":{"rendered":"http:\/\/www.inces.gob.ve\/?p=14583"},"modified":"2020-05-28T20:32:23","modified_gmt":"2020-05-29T00:32:23","slug":"inces-aragua-capacita-comunidades-carpinteria-basica","status":"publish","type":"post","link":"https:\/\/inces.gob.ve\/index.php\/2018\/05\/02\/inces-aragua-capacita-comunidades-carpinteria-basica\/","title":{"rendered":"Inces Aragua capacita a comunidades en Carpinter\u00eda B\u00e1sica"},"content":{"rendered":"<p class=\"western\" style=\"text-align: justify;\" align=\"center\"><em><strong><span style=\"font-family: Arial,serif;\">** El especialista en el \u00e1rea y los estudiantes reciben la materia prima, la cual desarman, seleccionan, le realizan el mantenimiento y finalmente elaboran los mobiliarios dom\u00e9sticos o industriales<\/span><\/strong><\/em><\/p>\n<p align=\"center\">\u00a0<\/p>\n<p class=\"western\" style=\"text-align: justify;\" align=\"center\"><!--more--><\/p>\n<p>&nbsp;<\/p>\n<p class=\"western\" style=\"text-align: justify;\"><span style=\"font-family: Arial,serif;\"><b>Prensa Inces (Aragua).<\/b><\/span><span style=\"font-family: Arial,serif;\">&#8211; <\/span><span style=\"font-family: Arial,sans-serif;\"><span style=\"font-size: medium;\">Con la intenci\u00f3n de formar a los habitantes de las comunidades cercanas en oficios \u00fatiles a la patria, el Instituto Nacional de Capacitaci\u00f3n y Educaci\u00f3n Socialista (Inces), regi\u00f3n Aragua, inici\u00f3 el curso de Carpinter\u00eda B\u00e1sica con 16 participantes, en los talleres del Centro de Formaci\u00f3n Socialista Programa (CFSP) \u201cConstrucci\u00f3n\u201d, en La Candelaria.<\/span><\/span><\/p>\n<p class=\"western\" style=\"text-align: justify;\">\u00a0<\/p>\n<p class=\"western\" style=\"text-align: justify;\"><span style=\"font-family: Arial,sans-serif;\"><span style=\"font-size: medium;\">El Maestro T\u00e9cnico Productivo (MTP), Jos\u00e9 Arias, se\u00f1al\u00f3 que las personas son de diferentes sectores del municipio Mario Brice\u00f1o Iragorry, quienes reciben la teor\u00eda sobre la \u00e9tica y ciudadan\u00eda, pol\u00edtica econ\u00f3mica, historia y la seguridad en el ambiente de trabajo. Adem\u00e1s, adquieren conocimientos sobre la madera, la reparaci\u00f3n y elaboraci\u00f3n de mobiliarios dom\u00e9sticos e industriales, \u201caqu\u00ed formamos la mano de obra calificada para desarrollar e impulsar la Patria nueva\u201d. <img loading=\"lazy\" decoding=\"async\" class=\"size-full wp-image-14586 aligncenter\" src=\"http:\/\/www.inces.gob.ve\/wp-content\/uploads\/2018\/05\/2Carpinter\u00eda-B\u00e1sica.jpg\" alt=\"\" width=\"850\" height=\"564\" \/><\/span><\/span><\/p>\n<p class=\"western\" style=\"text-align: justify;\">\u00a0<\/p>\n<p class=\"western\" style=\"text-align: justify;\"><span style=\"font-family: Arial,sans-serif;\"><span style=\"font-size: medium;\">Durante 366 horas, el especialista en el \u00e1rea y los estudiantes laboran con la materia prima (paletas), la cual desarman, seleccionan, le realizan el mantenimiento y luego la limpieza, para finalmente tomar las medidas, cortar y ensamblar mesas organop\u00f3nicas, estantes decorativos, sillas, gallineros y juegos de recibo, entre otros muebles.<\/span><\/span><\/p>\n<p class=\"western\" style=\"text-align: justify;\">\n <img loading=\"lazy\" decoding=\"async\" class=\"size-full wp-image-14587 aligncenter\" src=\"http:\/\/www.inces.gob.ve\/wp-content\/uploads\/2018\/05\/1Carpinter\u00eda-B\u00e1sica.jpg\" alt=\"\" width=\"850\" height=\"564\" \/><\/p>\n<p class=\"western\" style=\"text-align: justify;\"><span style=\"font-family: Arial,sans-serif;\"><span style=\"font-size: medium;\">Ram\u00f3n Alberto Armas de 42 a\u00f1os y habitante de La Candelaria, manifest\u00f3 que desde muy joven ha realizado cursos en varios oficios dentro del Inces y eso le ha ayudado a obtener empleos en entidades de trabajo. \u201cPor esa raz\u00f3n sigo participando en estos talleres; adem\u00e1s debido a la situaci\u00f3n del pa\u00eds, s\u00e9 que puedo aportar mis conocimientos y mi trabajo en beneficio de la comunidad y del m\u00edo propio\u201d. <\/span><\/span><\/p>\n<p class=\"western\" style=\"text-align: justify;\"><img loading=\"lazy\" decoding=\"async\" class=\"size-full wp-image-14585 aligncenter\" src=\"http:\/\/www.inces.gob.ve\/wp-content\/uploads\/2018\/05\/3Carpinter\u00eda-B\u00e1sica.jpg\" alt=\"\" width=\"850\" height=\"564\" \/><br \/>\n <span style=\"font-family: Arial,sans-serif;\"><span style=\"font-size: medium;\">De igual manera, Nelly Salcedo de 66 a\u00f1os, tambi\u00e9n de la misma comunidad; indic\u00f3 que como maestra del Inces se capacita en otras \u00e1reas que contribuyan a satisfacer sus necesidades familiares, \u201cnecesito reparar algunos muebles da\u00f1ados que tengo en mi casa y elaborar una cama para mi nieta, lo que es muy importante para mi, el sentir que puedo lograr lo que me propongo\u201d. Resalt\u00f3, que su participaci\u00f3n la ha motivado a invitar a otras personas de su comunidad a formarse en esta instituci\u00f3n.<\/span><\/span><\/p>\n<p class=\"western\" style=\"text-align: justify;\">\u00a0<\/p>\n<p class=\"western\" style=\"text-align: justify;\">\u00a0<\/p>\n<p class=\"western\" style=\"text-align: justify;\"><span style=\"font-family: Arial,sans-serif;\"><span style=\"font-size: medium;\">T\/ Mar\u00eda Ver\u00f3nica Molina<\/span><\/span><\/p>\n<p class=\"western\" style=\"text-align: justify;\">\u00a0<\/p>\n","protected":false},"excerpt":{"rendered":"<p>** El especialista en el \u00e1rea y los estudiantes reciben la materia prima, la cual desarman, seleccionan, le realizan el mantenimiento y finalmente elaboran los mobiliarios dom\u00e9sticos o industriales \u00a0<\/p>\n","protected":false},"author":15,"featured_media":14584,"comment_status":"closed","ping_status":"closed","sticky":false,"template":"","format":"aside","meta":{"footnotes":""},"categories":[2],"tags":[],"class_list":["post-14583","post","type-post","status-publish","format-aside","has-post-thumbnail","hentry","category-blog","post_format-post-format-aside"],"_links":{"self":[{"href":"https:\/\/inces.gob.ve\/index.php\/wp-json\/wp\/v2\/posts\/14583","targetHints":{"allow":["GET"]}}],"collection":[{"href":"https:\/\/inces.gob.ve\/index.php\/wp-json\/wp\/v2\/posts"}],"about":[{"href":"https:\/\/inces.gob.ve\/index.php\/wp-json\/wp\/v2\/types\/post"}],"author":[{"embeddable":true,"href":"https:\/\/inces.gob.ve\/index.php\/wp-json\/wp\/v2\/users\/15"}],"replies":[{"embeddable":true,"href":"https:\/\/inces.gob.ve\/index.php\/wp-json\/wp\/v2\/comments?post=14583"}],"version-history":[{"count":1,"href":"https:\/\/inces.gob.ve\/index.php\/wp-json\/wp\/v2\/posts\/14583\/revisions"}],"predecessor-version":[{"id":34763,"href":"https:\/\/inces.gob.ve\/index.php\/wp-json\/wp\/v2\/posts\/14583\/revisions\/34763"}],"wp:featuredmedia":[{"embeddable":true,"href":"https:\/\/inces.gob.ve\/index.php\/wp-json\/"}],"wp:attachment":[{"href":"https:\/\/inces.gob.ve\/index.php\/wp-json\/wp\/v2\/media?parent=14583"}],"wp:term":[{"taxonomy":"category","embeddable":true,"href":"https:\/\/inces.gob.ve\/index.php\/wp-json\/wp\/v2\/categories?post=14583"},{"taxonomy":"post_tag","embeddable":true,"href":"https:\/\/inces.gob.ve\/index.php\/wp-json\/wp\/v2\/tags?post=14583"}],"curies":[{"name":"wp","href":"https:\/\/api.w.org\/{rel}","templated":true}]}}