{"id":14614,"date":"2018-05-02T12:56:08","date_gmt":"2018-05-02T18:56:08","guid":{"rendered":"http:\/\/www.inces.gob.ve\/?p=14614"},"modified":"2020-05-28T20:32:22","modified_gmt":"2020-05-29T00:32:22","slug":"instalado-1er-consejo-direccion-formacion-profesional-inces-falcon","status":"publish","type":"post","link":"https:\/\/inces.gob.ve\/index.php\/2018\/05\/02\/instalado-1er-consejo-direccion-formacion-profesional-inces-falcon\/","title":{"rendered":"Instalado 1er Consejo de Direcci\u00f3n de Formaci\u00f3n Profesional en Inces Falc\u00f3n"},"content":{"rendered":"<p class=\"western\" lang=\"es-MX\" style=\"text-align: justify;\"><span style=\"font-family: Arial,sans-serif;\"><span style=\"font-size: medium;\"><i><b>** La acci\u00f3n busca generar mecanismos de integraci\u00f3n mediante la complementariedad de los CFS, Programas y Unidades adscritas a la Divisi\u00f3n de Formaci\u00f3n Profesional<\/b><\/i><\/span><\/span><\/p>\n<p class=\"western\" lang=\"es-MX\" style=\"text-align: justify;\"><!--more--><\/p>\n<p lang=\"es-MX\">\u00a0<\/p>\n<p class=\"western\" lang=\"es-MX\" style=\"text-align: justify;\"><span style=\"font-family: Arial,sans-serif;\"><span style=\"font-size: medium;\"><b>Prensa Inces (Falc\u00f3n)<\/b>.- Este lunes se realiz\u00f3 en los espacios del Centro de Formaci\u00f3n Socialista \u201cJos\u00e9 Leonardo Chirino\u201d, en Coro, el Primer Consejo de Direcci\u00f3n de Formaci\u00f3n Profesional del Inces Falc\u00f3n, el cual fue convocado por el nuevo jefe de formaci\u00f3n de esta gerencia, Darwin Paredes. En dicho consejo participaron los jefes de los Centros de Formaci\u00f3n Socialista (CFS) de Coro y Punto Fijo, Coordinadores de Programas, Divisi\u00f3n de Planificaci\u00f3n y la gerente regional, Eneyda Mart\u00ednez Rodr\u00edguez.<\/span><\/span><\/p>\n<p class=\"western\" lang=\"es-MX\" style=\"text-align: justify;\">\u00a0<\/p>\n<p class=\"western\" lang=\"es-MX\" style=\"text-align: justify;\"><span style=\"font-family: Arial,sans-serif;\"><span style=\"font-size: medium;\">En primera instancia el jefe de Formaci\u00f3n Profesional Darwin Paredes, defini\u00f3 lo que ser\u00e1 el consejo, exponiendo que ser\u00e1 una instancia de participaci\u00f3n y protagonismo de cada uno de los que lo integran, con la finalidad de asumir compromisos con la nueva din\u00e1mica laboral, que genere mecanismos de integraci\u00f3n mediante la complementariedad de los CFS, Programas y Unidades que est\u00e1n adscritas a formaci\u00f3n profesional, con el prop\u00f3sito de alcanzar las metas a corto plazo, tomando en cuenta el seguimiento y control de las actividades que se ejecuten.<\/span><\/span><\/p>\n<p lang=\"es-MX\">\u00a0<\/p>\n<p class=\"western\" lang=\"es-MX\" style=\"text-align: justify;\"><img loading=\"lazy\" decoding=\"async\" class=\"size-full wp-image-14618 aligncenter\" src=\"http:\/\/www.inces.gob.ve\/wp-content\/uploads\/2018\/05\/2Formaci\u00f3n-Profesional.jpg\" alt=\"\" width=\"800\" height=\"522\" \/><\/p>\n<p class=\"western\" lang=\"es-MX\" style=\"text-align: justify;\"><span style=\"font-family: Arial,sans-serif;\"><span style=\"font-size: medium;\">Sobre las orientaciones destac\u00f3 Paredes, deben estar direccionadas hacia lo pol\u00edtico, lo organizacional y lo comunicacional, priorizando los motores: Agroalimentario, Industrial y Turismo, atendi\u00e9ndose a trav\u00e9s de los procesos formativos principalmente a los j\u00f3venes y a las mujeres. Tambi\u00e9n explic\u00f3 Paredes, debe establecerse vinculaciones con el Sistema de Misiones y Grandes Misiones con el objetivo de fortalecer la productividad y el encadenamiento productivo, de igual forma, jerarquizar las necesidades de las entidades de trabajo y las comunidades, \u201cel Consejo de Direcci\u00f3n es un m\u00e9todo innovador de gesti\u00f3n que ser\u00e1 implementado por primera vez en la gerencia del Inces Falc\u00f3n\u201d.<\/span><\/span><\/p>\n<p lang=\"es-MX\">\u00a0<\/p>\n<p class=\"western\" lang=\"es-MX\" style=\"text-align: justify;\"><img loading=\"lazy\" decoding=\"async\" class=\"size-full wp-image-14619 aligncenter\" src=\"http:\/\/www.inces.gob.ve\/wp-content\/uploads\/2018\/05\/1Formaci\u00f3n-Profesional.jpg\" alt=\"\" width=\"800\" height=\"475\" \/><\/p>\n<p class=\"western\" lang=\"es-MX\" style=\"text-align: justify;\"><span style=\"font-family: Arial,sans-serif;\"><span style=\"font-size: medium;\">Por su parte la gerente regional, Eneyda Mart\u00ednez Rodr\u00edguez, reconoci\u00f3 la coyuntura pol\u00edtica, econ\u00f3mica y social que se vive actualmente, resaltando que es una gran responsabilidad y una tarea bastante importante en la cual el Inces est\u00e1 siendo tomado en cuenta para formar parte de los proyectos estructurales del Gobierno Revolucionario, tom\u00e1ndose como brazo ejecutor, para atender la gran demanda y necesidades del momento que favorecen al pueblo organizado.<\/span><\/span><\/p>\n<p lang=\"es-MX\">\u00a0<\/p>\n<p class=\"western\" lang=\"es-MX\" style=\"text-align: justify;\"><img loading=\"lazy\" decoding=\"async\" class=\"size-full wp-image-14617 aligncenter\" src=\"http:\/\/www.inces.gob.ve\/wp-content\/uploads\/2018\/05\/3Formaci\u00f3n-Profesional.jpg\" alt=\"\" width=\"830\" height=\"467\" \/><\/p>\n<p class=\"western\" lang=\"es-MX\" style=\"text-align: justify;\">\u201c<span style=\"font-family: Arial,sans-serif;\"><span style=\"font-size: medium;\">En el Inces Falc\u00f3n, contamos con un ej\u00e9rcito de hombres y mujeres que est\u00e1n en pie de lucha\u201d. Habl\u00f3 la gerente regional, sobre la dignificaci\u00f3n de los salarios de los trabajadores y los avances significativos que se han obtenido para el sector de los promotores y maestros t\u00e9cnicos productivos. Inform\u00f3 Mart\u00ednez, por primera vez en la historia del Inces, el tabulador de sueldos y salarios se revisa y se ajusta a fin de llevar a los trabajadores administrativos del nivel I al VII y al personal obrero del rango m\u00ednimo al rango m\u00e1ximo, igualmente, se ha ajustado el pago por horas de los promotores t\u00e9cnicos productivos en un 142%. <\/span><\/span><\/p>\n<p lang=\"es-MX\">\u00a0<\/p>\n<p class=\"western\" lang=\"es-MX\" style=\"text-align: justify;\"><img loading=\"lazy\" decoding=\"async\" class=\"size-full wp-image-14615 aligncenter\" src=\"http:\/\/www.inces.gob.ve\/wp-content\/uploads\/2018\/05\/5Formaci\u00f3n-Profesional.jpg\" alt=\"\" width=\"800\" height=\"467\" \/><\/p>\n<p class=\"western\" lang=\"es-MX\" style=\"text-align: justify;\">\u201c<span style=\"font-family: Arial,sans-serif;\"><span style=\"font-size: medium;\">Debemos actuar con voluntad, transparencia y honestidad, entendi\u00e9ndose que estamos viviendo un momento pol\u00edtico electoral, donde debe prevalecer la unidad y este consejo permitir\u00e1 auto-evaluar el desempe\u00f1o y de igual forma las debilidades institucionales\u201d. Puntualiz\u00f3 Mart\u00ednez.<\/span><\/span><\/p>\n<p lang=\"es-MX\">\u00a0<\/p>\n<p class=\"western\" lang=\"es-MX\" style=\"text-align: justify;\">\u00a0<\/p>\n<p class=\"western\" lang=\"es-MX\" style=\"text-align: justify;\"><span style=\"font-family: Arial,sans-serif;\"><span style=\"font-size: medium;\">T\/ Miriam Gonz\u00e1lez Villarroel<\/span><\/span><\/p>\n<p class=\"western\" lang=\"es-MX\" style=\"text-align: justify;\">\u00a0<\/p>\n<p class=\"western\" lang=\"es-MX\" style=\"text-align: justify;\">\u00a0<\/p>\n<p class=\"western\" lang=\"es-MX\" style=\"text-align: justify;\">\u00a0<\/p>\n<p class=\"western\" lang=\"es-MX\" style=\"text-align: justify;\">\u00a0<\/p>\n<p class=\"western\" lang=\"es-MX\" style=\"text-align: justify;\">\u00a0<\/p>\n<p class=\"western\" lang=\"es-MX\" style=\"text-align: justify;\">\u00a0<\/p>\n<p class=\"western\" lang=\"es-MX\" style=\"text-align: justify;\">\u00a0<\/p>\n","protected":false},"excerpt":{"rendered":"<p>** La acci\u00f3n busca generar mecanismos de integraci\u00f3n mediante la complementariedad de los CFS, Programas y Unidades adscritas a la Divisi\u00f3n de Formaci\u00f3n Profesional<\/p>\n","protected":false},"author":15,"featured_media":14616,"comment_status":"closed","ping_status":"closed","sticky":false,"template":"","format":"aside","meta":{"footnotes":""},"categories":[2],"tags":[],"class_list":["post-14614","post","type-post","status-publish","format-aside","has-post-thumbnail","hentry","category-blog","post_format-post-format-aside"],"_links":{"self":[{"href":"https:\/\/inces.gob.ve\/index.php\/wp-json\/wp\/v2\/posts\/14614","targetHints":{"allow":["GET"]}}],"collection":[{"href":"https:\/\/inces.gob.ve\/index.php\/wp-json\/wp\/v2\/posts"}],"about":[{"href":"https:\/\/inces.gob.ve\/index.php\/wp-json\/wp\/v2\/types\/post"}],"author":[{"embeddable":true,"href":"https:\/\/inces.gob.ve\/index.php\/wp-json\/wp\/v2\/users\/15"}],"replies":[{"embeddable":true,"href":"https:\/\/inces.gob.ve\/index.php\/wp-json\/wp\/v2\/comments?post=14614"}],"version-history":[{"count":1,"href":"https:\/\/inces.gob.ve\/index.php\/wp-json\/wp\/v2\/posts\/14614\/revisions"}],"predecessor-version":[{"id":34758,"href":"https:\/\/inces.gob.ve\/index.php\/wp-json\/wp\/v2\/posts\/14614\/revisions\/34758"}],"wp:featuredmedia":[{"embeddable":true,"href":"https:\/\/inces.gob.ve\/index.php\/wp-json\/"}],"wp:attachment":[{"href":"https:\/\/inces.gob.ve\/index.php\/wp-json\/wp\/v2\/media?parent=14614"}],"wp:term":[{"taxonomy":"category","embeddable":true,"href":"https:\/\/inces.gob.ve\/index.php\/wp-json\/wp\/v2\/categories?post=14614"},{"taxonomy":"post_tag","embeddable":true,"href":"https:\/\/inces.gob.ve\/index.php\/wp-json\/wp\/v2\/tags?post=14614"}],"curies":[{"name":"wp","href":"https:\/\/api.w.org\/{rel}","templated":true}]}}