{"id":14667,"date":"2018-05-03T13:21:02","date_gmt":"2018-05-03T19:21:02","guid":{"rendered":"http:\/\/www.inces.gob.ve\/?p=14667"},"modified":"2020-05-28T20:32:22","modified_gmt":"2020-05-29T00:32:22","slug":"inces-mantiene-impulso-al-motor-famaceutico","status":"publish","type":"post","link":"https:\/\/inces.gob.ve\/index.php\/2018\/05\/03\/inces-mantiene-impulso-al-motor-famaceutico\/","title":{"rendered":"Inces mantiene el impulso al Motor Famac\u00e9utico"},"content":{"rendered":"<p style=\"text-align: justify;\"><span style=\"font-family: Arial,sans-serif;\"><i><b>** La Formaci\u00f3n en Parto Humanizado est\u00e1 a la cabeza por estar codificada y en plena expansi\u00f3n<\/b><\/i><\/span><\/p>\n<p style=\"text-align: justify;\">\n <!--more--><\/p>\n<p>&nbsp;<\/p>\n<p style=\"text-align: justify;\"><span style=\"font-family: Arial,sans-serif;\"><b>Prensa Inces (sede).<\/b>-El sector Salud y Motor Farmac\u00e9utico, su relevancia, el peso espec\u00edfico que su entorno reviste dentro del Instituto Nacional de Capacitaci\u00f3n y Educaci\u00f3n Socialista (Inces) y su hijo consentido desde hace casi un a\u00f1o: el Parto Humanizado, fue el \u00e1mbito del conocimiento tratado en el programa semanal radial \u201cSomos Inces\u201d N\u00ba 57 donde se ventil\u00f3, entre otras circunstancias, que para el venidero mes de junio se prev\u00e9 la certificaci\u00f3n en una segunda cohorte de 3000 promotores de Parto Humanizado y cerca de 10 mil promotores comunales para su m\u00e1s pertinente funcionamiento.<\/span><\/p>\n<p style=\"text-align: justify;\">\u00a0<\/p>\n<p style=\"text-align: justify;\"><span style=\"font-family: Arial,sans-serif;\">La primera en tomar la palabra de los invitados result\u00f3 la promotora Gisela D\u00edaz para quien la experiencia del alumbramiento sensibilizado representa el empoderamiento de las f\u00e9minas de su propio proceso de gestaci\u00f3n en tres momentos puntuales: el \u201cyo como yo\u201d, el \u201cyo y el embarazo\u201d y finalmente su despliegue en las comunidades. Se describe Gisela y el grupo que representa, como un contingente de sensibilidad dispuesto a dotar a las parturientas de las mejores y m\u00e1s sanas energ\u00edas en favor de este escencial proceso natural.<\/span><\/p>\n<p style=\"text-align: justify;\"><img loading=\"lazy\" decoding=\"async\" class=\"alignnone size-full wp-image-14670\" src=\"http:\/\/www.inces.gob.ve\/wp-content\/uploads\/2018\/05\/1Motor-Famac\u00e9utico.jpg\" alt=\"\" width=\"850\" height=\"638\" \/><\/p>\n<p style=\"text-align: justify;\"><span style=\"font-family: Arial,sans-serif;\">En s\u00edntesis, se trata de un proceso en el que no est\u00e1 apartada la mujer de su pareja y recibe a su beb\u00e9 en un perfecto estado de conciencia, lo cual le permite cuidarlo y protegerlo desde el momento en el que sale de su vientre.<\/span><\/p>\n<p style=\"text-align: justify;\">\u00a0<\/p>\n<p style=\"text-align: justify;\"><strong>\u201c<span style=\"font-family: Arial,sans-serif;\">La mayor\u00eda de las mujeres, consciente o inconscientemente, le tienen miedo al parto.<\/span><\/strong><span style=\"font-family: Arial,sans-serif;\"> Durante muchos a\u00f1os, buena parte de las mujeres del mundo han escuchado que el parto es doloroso, y ese discurso forma parte de la cultura que ha infundido la creencia de que el dolor del parto <a href=\"http:\/\/sociedad.elpais.com\/sociedad\/2012\/05\/22\/actualidad\/1337716285_497698.html\">natural<\/a> es demasiado fuerte, han hecho creer que es tan insoportable que es necesaria la sedaci\u00f3n. S<\/span><strong><span style=\"font-family: Arial,sans-serif;\">e suplantan los procesos naturales, por otros que ausentan a la madre del nacimiento de su propio hijo\u201d.<\/span><\/strong><\/p>\n<p style=\"text-align: justify;\">\u00a0<\/p>\n<p style=\"text-align: justify;\"><span style=\"font-family: Arial,sans-serif;\">Otro invitado en estudio fue el docente del equipo de formaci\u00f3n Famac\u00e9utica del Inces, Carlos Ascanio, quien adelant\u00f3 que la instituci\u00f3n si bien trabaja con la formaci\u00f3n en Parto Humanizado, tambi\u00e9n a analiza y eval\u00faa otros programas conjuntamente con instituciones como los ministerio del Salud y de la Mujer e Igualdad de G\u00e9nero. Est\u00e1n pr\u00f3ximos a codificarse cursos como el de Salud Integral Comunitaria y Asistente de Emergencia Prehospitalaria, los cuales, a trav\u00e9s de mesas de trabajo y reuniones constantes han logrado una calidad y excelencia que en breve plazo estar\u00e1n diseminados por toda la geograf\u00eda nacional.<\/span><\/p>\n<p style=\"text-align: justify;\">\u00a0<\/p>\n<p style=\"text-align: justify;\"><span style=\"font-family: Arial,sans-serif;\">Otro enlace de buen contenido fue el realizado con el apoyo de la asesora comunicacional del estado Falc\u00f3n, Mirian Gonz\u00e1lez, quien precis\u00f3 que el reci\u00e9n arrancado curso de Asistente de Emergencia Prehospitalaria se reactiv\u00f3 y all\u00ed los participantes adquieren herramientas necesarias que favorecen la protecci\u00f3n y conservaci\u00f3n de la vida en casos urgentes. En compa\u00f1\u00eda de su gerente regional acotaron que a la primera clase asistieron m\u00e1s de 40 personas interesadas en formar parte de este programa que impulsa tambi\u00e9n el Motor Farmac\u00e9utico, con formaciones te\u00f3rico-pr\u00e1cticas que ser\u00e1n complementadas con otros aprendizajes, para el desarrollo integral del participante.<\/span><\/p>\n<p style=\"text-align: justify;\">\u00a0<\/p>\n<p style=\"text-align: justify;\">\u00a0<\/p>\n<p style=\"text-align: justify;\"><span style=\"font-family: Arial,sans-serif;\">Inform\u00f3 Mery Ferrer Leal, encargada del Programa Salud que el programa tendr\u00e1 una duraci\u00f3n 1.080 horas y 24 participantes que asumen el reto de formarse en este proceso. Expres\u00f3 Ferrer que la atenci\u00f3n prehospitalaria adquiere cada vez mayor importancia dado el impacto significativo que ejerce en la salud de las personas, de all\u00ed la necesidad del Inces de formar un profesional capaz de aplicar con seguridad y propiedad, las acciones espec\u00edficas de emergencia, que favorezcan la protecci\u00f3n y conservaci\u00f3n de la vida de los seres humanos. <\/span><\/p>\n<p style=\"text-align: justify;\">\u00a0<\/p>\n<p style=\"text-align: justify;\">\u00a0<\/p>\n<p style=\"text-align: justify;\"><span style=\"font-family: Arial,sans-serif;\">El tema d\u00e1 para mucho m\u00e1s pero los limitados tiempos radiales circunscriben los contenidos a lo b\u00e1sico, pero qued\u00f3 en el ambiente el claro inter\u00e9s de la sexagenaria instituci\u00f3n educativa en expandir formaciones dentro de este sector del pa\u00eds, tan delicado para los seres humanos.<\/span><\/p>\n<p style=\"text-align: justify;\"><img loading=\"lazy\" decoding=\"async\" class=\"size-full wp-image-14669 aligncenter\" src=\"http:\/\/www.inces.gob.ve\/wp-content\/uploads\/2018\/05\/2Motor-Famac\u00e9utico.jpg\" alt=\"\" width=\"850\" height=\"638\" \/><\/p>\n<p style=\"text-align: justify;\"><span style=\"font-family: Arial,sans-serif;\">Comentamos al cierre, aunque durante el programa se hizo al principio, la participaci\u00f3n del moderador emergente, Richard Delgado, gerente general de Formaci\u00f3n Profesional, quien no permiti\u00f3 que pasara debajo de la mesa el anunci\u00f3 del incremento salarial realizado en la v\u00edspera por el ciudadano Presidente de la Rep\u00fablica, cuando decret\u00f3 el incremento del salario integral en un porcentaje del 95%. \u201cPosiblemente esto jam\u00e1s se ha visto en Venezuela ni en el mundo\u201d.<\/span><\/p>\n<p style=\"text-align: justify;\">\u00a0<\/p>\n<p style=\"text-align: justify;\">\u00a0<\/p>\n<p style=\"text-align: justify;\"><span style=\"font-family: Arial,sans-serif;\">Y finalmente, en compa\u00f1\u00eda de la licenciada Genail Salinas destacaron la gran movilizaci\u00f3n alcanzada en el D\u00eda Internacional del Trabajador que sirvi\u00f3 para celebrar los logros que bien merecen festividad por parte de la masa laboral en estos tiempos, destacaron la innovadora <\/span><strong><span style=\"font-family: Arial,sans-serif;\">Ley Org\u00e1nica del Trabajo, los Trabajadores y las Trabajadoras<\/span><\/strong><span style=\"font-family: Arial,sans-serif;\"> (Lottt), considerada una de las m\u00e1s completas y avanzadas en comparaci\u00f3n con las vigentes en cualquier otro pa\u00eds del mundo.<\/span><\/p>\n<p style=\"text-align: justify;\">\u00a0<\/p>\n<p style=\"text-align: justify;\"><span style=\"font-family: Arial,sans-serif;\">I.R.<\/span><\/p>\n","protected":false},"excerpt":{"rendered":"<p>** La Formaci\u00f3n en Parto Humanizado est\u00e1 a la cabeza por estar codificada y en plena expansi\u00f3n<\/p>\n","protected":false},"author":15,"featured_media":14668,"comment_status":"closed","ping_status":"closed","sticky":false,"template":"","format":"aside","meta":{"footnotes":""},"categories":[2],"tags":[],"class_list":["post-14667","post","type-post","status-publish","format-aside","has-post-thumbnail","hentry","category-blog","post_format-post-format-aside"],"_links":{"self":[{"href":"https:\/\/inces.gob.ve\/index.php\/wp-json\/wp\/v2\/posts\/14667","targetHints":{"allow":["GET"]}}],"collection":[{"href":"https:\/\/inces.gob.ve\/index.php\/wp-json\/wp\/v2\/posts"}],"about":[{"href":"https:\/\/inces.gob.ve\/index.php\/wp-json\/wp\/v2\/types\/post"}],"author":[{"embeddable":true,"href":"https:\/\/inces.gob.ve\/index.php\/wp-json\/wp\/v2\/users\/15"}],"replies":[{"embeddable":true,"href":"https:\/\/inces.gob.ve\/index.php\/wp-json\/wp\/v2\/comments?post=14667"}],"version-history":[{"count":1,"href":"https:\/\/inces.gob.ve\/index.php\/wp-json\/wp\/v2\/posts\/14667\/revisions"}],"predecessor-version":[{"id":34751,"href":"https:\/\/inces.gob.ve\/index.php\/wp-json\/wp\/v2\/posts\/14667\/revisions\/34751"}],"wp:featuredmedia":[{"embeddable":true,"href":"https:\/\/inces.gob.ve\/index.php\/wp-json\/"}],"wp:attachment":[{"href":"https:\/\/inces.gob.ve\/index.php\/wp-json\/wp\/v2\/media?parent=14667"}],"wp:term":[{"taxonomy":"category","embeddable":true,"href":"https:\/\/inces.gob.ve\/index.php\/wp-json\/wp\/v2\/categories?post=14667"},{"taxonomy":"post_tag","embeddable":true,"href":"https:\/\/inces.gob.ve\/index.php\/wp-json\/wp\/v2\/tags?post=14667"}],"curies":[{"name":"wp","href":"https:\/\/api.w.org\/{rel}","templated":true}]}}