{"id":14704,"date":"2018-05-04T11:22:35","date_gmt":"2018-05-04T17:22:35","guid":{"rendered":"http:\/\/www.inces.gob.ve\/?p=14704"},"modified":"2020-05-28T20:32:22","modified_gmt":"2020-05-29T00:32:22","slug":"carora-xii-feria-nacional-bolivariana-caprina-ovina-artesanal","status":"publish","type":"post","link":"https:\/\/inces.gob.ve\/index.php\/2018\/05\/04\/carora-xii-feria-nacional-bolivariana-caprina-ovina-artesanal\/","title":{"rendered":"Carora y su XII Feria Nacional Bolivariana Caprina Ovina y Artesanal"},"content":{"rendered":"<p class=\"western\" style=\"text-align: justify;\" align=\"justify\"><span style=\"font-family: Arial,sans-serif;\"><b><i>**El Municipio Torres del estado Lara abre sus puertas para mostrar sus bondades<\/i><\/b><\/span><\/p>\n<p align=\"justify\">\u00a0<\/p>\n<p><!--more--><\/p>\n<p>&nbsp;<\/p>\n<p class=\"western\" style=\"text-align: justify;\"><span style=\"font-family: Arial,sans-serif;\"><b>Prensa Inces Lara.-<\/b><\/span><span style=\"font-family: Arial,sans-serif;\"> El 25 de abril se dio inicio a la XII Feria Nacional Caprina, Ovina y Artesanal Carora 2018, con la participaci\u00f3n de m\u00e1s de 106 productores y 1000 ejemplares de 10 estados de las mejores razas y la presencia, desde la organizaci\u00f3n, del Instituto Nacional de Capacitaci\u00f3n y Educaci\u00f3n Socialista (Inces).<\/span><\/p>\n<p class=\"western\" style=\"text-align: justify;\">\u00a0<\/p>\n<p class=\"western\" style=\"text-align: justify;\"><span style=\"font-family: Arial,sans-serif;\">Esta actividad, en homenaje a los productores Abigail Casta\u00f1eda, Alexander Su\u00e1rez y la artesana Rufa L\u00f3pez, inici\u00f3 con actividades culturales: la presentaci\u00f3n de ni\u00f1os y ni\u00f1as de diferentes instituciones educativas que deleitaron a los presentes con m\u00fasica llanera y, en la noche, el acto inaugural con las palabras de bienvenida por parte de la gobernadora del estado Lara Carmen Mel\u00e9ndez y el alcalde del Municipio Torres, Edgar Carrasco.<\/span><\/p>\n<p class=\"western\" style=\"text-align: justify;\">\u00a0<\/p>\n<p class=\"western\" style=\"text-align: justify;\"><span style=\"font-family: Arial,sans-serif;\">Cabe destacar que desde que empez\u00f3 esta feria, la calidad productiva caprina y ovina de este municipio ha aumentado de manera importante, se espera la participaci\u00f3n de diferentes autoridades nacionales durante el desarrollo de esta feria.<\/span><\/p>\n<p class=\"western\" style=\"text-align: justify;\">\u00a0<\/p>\n<p class=\"western\" style=\"text-align: justify;\"><span style=\"font-family: Arial,sans-serif;\"><img loading=\"lazy\" decoding=\"async\" class=\"size-full wp-image-14706 aligncenter\" src=\"http:\/\/www.inces.gob.ve\/wp-content\/uploads\/2018\/05\/1XII-Feria-Nacional-.jpg\" alt=\"\" width=\"850\" height=\"565\" \/><\/span><\/p>\n<p class=\"western\" style=\"text-align: justify;\">\u00a0<\/p>\n<p class=\"western\" style=\"text-align: justify;\"><span style=\"font-family: Arial,sans-serif;\">En este sentido Inces particip\u00f3 en la organizaci\u00f3n a trav\u00e9s de la recuperaci\u00f3n de las instalaciones el\u00e9ctricas del parque ferial para el desarrollo de esta actividad, adem\u00e1s el instituto cuenta con un stand informativo donde tambi\u00e9n se presta de manera gratuita el servicio de corte de cabello.<\/span><\/p>\n<p class=\"western\" style=\"text-align: justify;\">\u00a0<\/p>\n<p class=\"western\" style=\"text-align: justify;\"><span style=\"font-family: Arial,sans-serif;\">Asimismo, productores de cocuy, en sus diversas presentaciones participan en este evento, la gobernadora destac\u00f3 \u201cdesde ahora la Feria Nacional Caprina, Ovina y Artesanal 2018 ser\u00e1 fortalecida cada a\u00f1o\u201d.<\/span><\/p>\n<p class=\"western\" style=\"text-align: justify;\">\u00a0<\/p>\n<p class=\"western\" style=\"text-align: justify;\"><span style=\"font-family: Arial,sans-serif;\">Enviado por Prensa Inces Lara<\/span><\/p>\n<p class=\"western\" style=\"text-align: justify;\"><span style=\"font-family: Arial,sans-serif;\">Tomado del Diario El Carore\u00f1o<\/span><\/p>\n","protected":false},"excerpt":{"rendered":"<p>**El Municipio Torres del estado Lara abre sus puertas para mostrar sus bondades \u00a0<\/p>\n","protected":false},"author":15,"featured_media":14705,"comment_status":"closed","ping_status":"closed","sticky":false,"template":"","format":"aside","meta":{"footnotes":""},"categories":[2],"tags":[],"class_list":["post-14704","post","type-post","status-publish","format-aside","has-post-thumbnail","hentry","category-blog","post_format-post-format-aside"],"_links":{"self":[{"href":"https:\/\/inces.gob.ve\/index.php\/wp-json\/wp\/v2\/posts\/14704","targetHints":{"allow":["GET"]}}],"collection":[{"href":"https:\/\/inces.gob.ve\/index.php\/wp-json\/wp\/v2\/posts"}],"about":[{"href":"https:\/\/inces.gob.ve\/index.php\/wp-json\/wp\/v2\/types\/post"}],"author":[{"embeddable":true,"href":"https:\/\/inces.gob.ve\/index.php\/wp-json\/wp\/v2\/users\/15"}],"replies":[{"embeddable":true,"href":"https:\/\/inces.gob.ve\/index.php\/wp-json\/wp\/v2\/comments?post=14704"}],"version-history":[{"count":1,"href":"https:\/\/inces.gob.ve\/index.php\/wp-json\/wp\/v2\/posts\/14704\/revisions"}],"predecessor-version":[{"id":34746,"href":"https:\/\/inces.gob.ve\/index.php\/wp-json\/wp\/v2\/posts\/14704\/revisions\/34746"}],"wp:featuredmedia":[{"embeddable":true,"href":"https:\/\/inces.gob.ve\/index.php\/wp-json\/"}],"wp:attachment":[{"href":"https:\/\/inces.gob.ve\/index.php\/wp-json\/wp\/v2\/media?parent=14704"}],"wp:term":[{"taxonomy":"category","embeddable":true,"href":"https:\/\/inces.gob.ve\/index.php\/wp-json\/wp\/v2\/categories?post=14704"},{"taxonomy":"post_tag","embeddable":true,"href":"https:\/\/inces.gob.ve\/index.php\/wp-json\/wp\/v2\/tags?post=14704"}],"curies":[{"name":"wp","href":"https:\/\/api.w.org\/{rel}","templated":true}]}}