{"id":14744,"date":"2018-05-07T09:33:59","date_gmt":"2018-05-07T15:33:59","guid":{"rendered":"http:\/\/www.inces.gob.ve\/?p=14744"},"modified":"2020-05-28T20:32:22","modified_gmt":"2020-05-29T00:32:22","slug":"maestro-ronald-orozco-recibe-reconocimiento-los-participantes","status":"publish","type":"post","link":"https:\/\/inces.gob.ve\/index.php\/2018\/05\/07\/maestro-ronald-orozco-recibe-reconocimiento-los-participantes\/","title":{"rendered":"El maestro  Ronald Orozco recibe reconocimiento de los participantes"},"content":{"rendered":"<p class=\"western\" style=\"text-align: justify;\"><span style=\"font-size: medium;\"><i><b>** La especialidad del maestro t\u00e9cnico productivo (MTP) es Electricidad del Autom\u00f3vil<\/b><\/i><\/span><\/p>\n<p>&nbsp;<\/p>\n<p class=\"western\" style=\"text-align: justify;\"><!--more--><\/p>\n<p>&nbsp;<\/p>\n<p class=\"western\" style=\"text-align: justify;\"><span style=\"font-size: medium;\"><b>Prensa Inces Vargas.<\/b>&#8211; En un emotivo acto realizado en la sede del comando de zona N\u00b0 45, del Destacamento de Seguridad Urbana de la Guardia Nacional Bolivariana, ubicado en Camurichico estado Vargas, en el marco de la graduaci\u00f3n de la lV promoci\u00f3n de patrulleros motorizados, el maestro t\u00e9cnico productivo Ronald Orozco M\u00e9ndez recibi\u00f3 de parte de los participantes del curso \u201cElectricidad del Autom\u00f3vil\u201d un reconocimiento por su destacada labor en la formaci\u00f3n de estos oficiales egresados.<\/span><\/p>\n<p class=\"western\" style=\"text-align: justify;\"><span style=\"font-size: medium;\"><img loading=\"lazy\" decoding=\"async\" class=\"size-full wp-image-14748 aligncenter\" src=\"http:\/\/www.inces.gob.ve\/wp-content\/uploads\/2018\/05\/1Seguridad-Urbana.jpg\" alt=\"\" width=\"850\" height=\"638\" \/><\/span><\/p>\n<p class=\"western\" style=\"text-align: justify;\"><span style=\"font-size: medium;\">El comandante de este componente militar, coronel Freddy Flores Zambrano, manifest\u00f3 su satisfacci\u00f3n con la formaci\u00f3n recibida por parte del Inces Vargas, ya que complementa la inducci\u00f3n que estos funcionarios reciben. Igualmente se\u00f1al\u00f3 que en el marco del acuerdo interinstitucional se plante\u00f3 que este curso forme parte de los pr\u00f3ximos graduandos, ya que la formaci\u00f3n debe ser integral. <\/span><\/p>\n<p>&nbsp;<\/p>\n<p class=\"western\" style=\"text-align: justify;\"><span style=\"font-size: medium;\">Ronald Orozco M\u00e9ndez se ha desarrollado en esta \u00e1rea los \u00faltimos 6 a\u00f1os, logrando una destacada labor por su compromiso al momento de formar participantes; durante tres a\u00f1os consecutivos dict\u00f3 diversas formaciones en el Centro de Inclusi\u00f3n Armando Rever\u00f3n a ciudadanos en situaci\u00f3n de calle de la misi\u00f3n Negra Hip\u00f3lita, logrando ser insertados en el campo laboral y cambiar el rumbo de sus vidas.<\/span><\/p>\n<p class=\"western\" style=\"text-align: justify;\"><span style=\"font-size: medium;\"><img loading=\"lazy\" decoding=\"async\" class=\"size-full wp-image-14746 aligncenter\" src=\"http:\/\/www.inces.gob.ve\/wp-content\/uploads\/2018\/05\/4Seguridad-Urbana.jpg\" alt=\"\" width=\"850\" height=\"638\" \/><\/span><\/p>\n<p class=\"western\" style=\"text-align: justify;\"><span style=\"font-size: medium;\">Este reconocimiento a su labor es motivo de orgullo para la familia Inces Vargas, que los impulsa a seguir brindando al pueblo la mayor suma de felicidad posible, a trav\u00e9s del conocimiento y la organizaci\u00f3n del poder popular. <\/span><\/p>\n<p class=\"western\" style=\"text-align: justify;\"><span style=\"font-size: medium;\"><img loading=\"lazy\" decoding=\"async\" class=\"size-full wp-image-14747 aligncenter\" src=\"http:\/\/www.inces.gob.ve\/wp-content\/uploads\/2018\/05\/3Seguridad-Urbana.jpg\" alt=\"\" width=\"850\" height=\"638\" \/><\/span><\/p>\n<p class=\"western\" style=\"text-align: justify;\">\u00a0<\/p>\n<p class=\"western\" style=\"text-align: justify;\"><span style=\"font-size: medium;\">T\/ Zuvalqui Duarte<\/span><\/p>\n","protected":false},"excerpt":{"rendered":"<p>** La especialidad del maestro t\u00e9cnico productivo (MTP) es Electricidad del Autom\u00f3vil &nbsp;<\/p>\n","protected":false},"author":15,"featured_media":14745,"comment_status":"closed","ping_status":"closed","sticky":false,"template":"","format":"aside","meta":{"footnotes":""},"categories":[2],"tags":[],"class_list":["post-14744","post","type-post","status-publish","format-aside","has-post-thumbnail","hentry","category-blog","post_format-post-format-aside"],"_links":{"self":[{"href":"https:\/\/inces.gob.ve\/index.php\/wp-json\/wp\/v2\/posts\/14744","targetHints":{"allow":["GET"]}}],"collection":[{"href":"https:\/\/inces.gob.ve\/index.php\/wp-json\/wp\/v2\/posts"}],"about":[{"href":"https:\/\/inces.gob.ve\/index.php\/wp-json\/wp\/v2\/types\/post"}],"author":[{"embeddable":true,"href":"https:\/\/inces.gob.ve\/index.php\/wp-json\/wp\/v2\/users\/15"}],"replies":[{"embeddable":true,"href":"https:\/\/inces.gob.ve\/index.php\/wp-json\/wp\/v2\/comments?post=14744"}],"version-history":[{"count":1,"href":"https:\/\/inces.gob.ve\/index.php\/wp-json\/wp\/v2\/posts\/14744\/revisions"}],"predecessor-version":[{"id":34741,"href":"https:\/\/inces.gob.ve\/index.php\/wp-json\/wp\/v2\/posts\/14744\/revisions\/34741"}],"wp:featuredmedia":[{"embeddable":true,"href":"https:\/\/inces.gob.ve\/index.php\/wp-json\/"}],"wp:attachment":[{"href":"https:\/\/inces.gob.ve\/index.php\/wp-json\/wp\/v2\/media?parent=14744"}],"wp:term":[{"taxonomy":"category","embeddable":true,"href":"https:\/\/inces.gob.ve\/index.php\/wp-json\/wp\/v2\/categories?post=14744"},{"taxonomy":"post_tag","embeddable":true,"href":"https:\/\/inces.gob.ve\/index.php\/wp-json\/wp\/v2\/tags?post=14744"}],"curies":[{"name":"wp","href":"https:\/\/api.w.org\/{rel}","templated":true}]}}