{"id":14784,"date":"2018-05-08T11:17:00","date_gmt":"2018-05-08T17:17:00","guid":{"rendered":"http:\/\/www.inces.gob.ve\/?p=14784"},"modified":"2020-05-28T20:32:21","modified_gmt":"2020-05-29T00:32:21","slug":"recreadores-zulianos-recibiran-formacion-inces","status":"publish","type":"post","link":"https:\/\/inces.gob.ve\/index.php\/2018\/05\/08\/recreadores-zulianos-recibiran-formacion-inces\/","title":{"rendered":"Recreadores zulianos recibir\u00e1n formaci\u00f3n en el Inces"},"content":{"rendered":"<p style=\"text-align: justify;\"><span style=\"font-family: Arial,sans-serif;\"><i><b>** Estos soldados de la alegr\u00eda se formar\u00e1n en los cursos: Atenci\u00f3n al Cliente, Orientaci\u00f3n al Turismo y Dise\u00f1o de Planes Vacacionales<\/b><\/i><\/span><\/p>\n<p style=\"text-align: justify;\">\n <!--more--><\/p>\n<p style=\"text-align: justify;\"><span style=\"font-family: Arial,sans-serif;\"><b>Prensa Inces <\/b><b>(<\/b><b>Zulia<\/b><b>)<\/b>.- 25 zulianos del Movimiento Nacional de Recreadores se formar\u00e1n en los cursos: Atenci\u00f3n al Cliente, Orientaci\u00f3n al Turismo y Dise\u00f1o de Planes Vacacionales, afirm\u00f3 la coordinadora del Programa de Turismo del Instituto Nacional de Capacitaci\u00f3n y Educaci\u00f3n Socialista (Inces), Barbar\u00e1 Molina. <\/span><\/p>\n<p style=\"text-align: justify;\">\n <\/p>\n<p style=\"text-align: justify;\"><span style=\"font-family: Arial,sans-serif;\">Los recreadores asistieron a las instalaciones de la sede administrativa del Inces, ubicada en Maracaibo a formalizar su inscripci\u00f3n e iniciar el primer curso. \u201cEstas acciones son parte del convenio establecido entre el Inces, Ministerio de la Juventud y Deporte y la Alcald\u00eda de Maracaibo. Ellos asistir\u00e1n dos veces a la semana y estimo que la formaci\u00f3n culmine a mediados de julio. Gracias al Gobierno Bolivariano este movimiento ha crecido y ya podemos decir que hay recreadores en todos los municipios brindando alegr\u00eda a los m\u00e1s peque\u00f1os de la casa.\u201d<\/span><\/p>\n<p style=\"text-align: justify;\">\u00a0<\/p>\n<p style=\"text-align: justify;\"><span style=\"font-family: Arial,sans-serif;\"> <img loading=\"lazy\" decoding=\"async\" class=\"alignnone size-full wp-image-14786\" src=\"http:\/\/www.inces.gob.ve\/wp-content\/uploads\/2018\/05\/3Recreadores-zulianos.jpg\" alt=\"\" width=\"850\" height=\"478\" \/> <\/span><\/p>\n<p style=\"text-align: justify;\">\n <\/p>\n<p style=\"text-align: justify;\"><span style=\"font-family: Arial,sans-serif;\">En tal sentido, Willian Ben\u00edtez, de 18 a\u00f1os, recreador contratado a trav\u00e9s del Plan Chamba Juvenil, \u201cindic\u00f3 que se form\u00f3 de la mano del Inces y hoy va contribuir en la formaci\u00f3n de otros recreadores. Esta es una experiencia gratificante porque la instituci\u00f3n brinda el apoyo al movimiento a trav\u00e9s de la formaci\u00f3n, y de este modo logramos sumar m\u00e1s j\u00f3venes a esta gran labor que es llevar bienestar a las comunidades\u201d. <\/span><\/p>\n<p style=\"text-align: justify;\">\u00a0<\/p>\n<p style=\"text-align: justify;\"><img loading=\"lazy\" decoding=\"async\" class=\"size-full wp-image-14785 aligncenter\" src=\"http:\/\/www.inces.gob.ve\/wp-content\/uploads\/2018\/05\/4Recreadores-zulianos.jpg\" alt=\"\" width=\"850\" height=\"478\" \/>\n <\/p>\n<p style=\"text-align: justify;\"><span style=\"font-family: Arial,sans-serif;\">Para finalizar, expres\u00f3 Greyci Viloria de 15 a\u00f1os, que se siente orgullosa de ser parte del Movimiento de Recreadores y adem\u00e1s agradeci\u00f3 al Inces por ser una instituci\u00f3n que le permite seguir form\u00e1ndose en este arte que tiene como fin \u00faltimo brindar alegr\u00eda a los dem\u00e1s. <\/span><\/p>\n<p style=\"text-align: justify;\">\u00a0<\/p>\n<p style=\"text-align: justify;\">\n <\/p>\n<p style=\"text-align: justify;\"><span style=\"font-family: Arial,sans-serif;\">Yudith Castro<\/span><\/p>\n","protected":false},"excerpt":{"rendered":"<p>** Estos soldados de la alegr\u00eda se formar\u00e1n en los cursos: Atenci\u00f3n al Cliente, Orientaci\u00f3n al Turismo y Dise\u00f1o de Planes Vacacionales<\/p>\n","protected":false},"author":15,"featured_media":14787,"comment_status":"closed","ping_status":"closed","sticky":false,"template":"","format":"aside","meta":{"footnotes":""},"categories":[2],"tags":[],"class_list":["post-14784","post","type-post","status-publish","format-aside","has-post-thumbnail","hentry","category-blog","post_format-post-format-aside"],"_links":{"self":[{"href":"https:\/\/inces.gob.ve\/index.php\/wp-json\/wp\/v2\/posts\/14784","targetHints":{"allow":["GET"]}}],"collection":[{"href":"https:\/\/inces.gob.ve\/index.php\/wp-json\/wp\/v2\/posts"}],"about":[{"href":"https:\/\/inces.gob.ve\/index.php\/wp-json\/wp\/v2\/types\/post"}],"author":[{"embeddable":true,"href":"https:\/\/inces.gob.ve\/index.php\/wp-json\/wp\/v2\/users\/15"}],"replies":[{"embeddable":true,"href":"https:\/\/inces.gob.ve\/index.php\/wp-json\/wp\/v2\/comments?post=14784"}],"version-history":[{"count":1,"href":"https:\/\/inces.gob.ve\/index.php\/wp-json\/wp\/v2\/posts\/14784\/revisions"}],"predecessor-version":[{"id":34735,"href":"https:\/\/inces.gob.ve\/index.php\/wp-json\/wp\/v2\/posts\/14784\/revisions\/34735"}],"wp:featuredmedia":[{"embeddable":true,"href":"https:\/\/inces.gob.ve\/index.php\/wp-json\/"}],"wp:attachment":[{"href":"https:\/\/inces.gob.ve\/index.php\/wp-json\/wp\/v2\/media?parent=14784"}],"wp:term":[{"taxonomy":"category","embeddable":true,"href":"https:\/\/inces.gob.ve\/index.php\/wp-json\/wp\/v2\/categories?post=14784"},{"taxonomy":"post_tag","embeddable":true,"href":"https:\/\/inces.gob.ve\/index.php\/wp-json\/wp\/v2\/tags?post=14784"}],"curies":[{"name":"wp","href":"https:\/\/api.w.org\/{rel}","templated":true}]}}