{"id":14789,"date":"2018-05-08T11:23:08","date_gmt":"2018-05-08T17:23:08","guid":{"rendered":"http:\/\/www.inces.gob.ve\/?p=14789"},"modified":"2020-05-28T20:32:21","modified_gmt":"2020-05-29T00:32:21","slug":"consejo-entes-adscritos-del-mpppe-se-reunen-evaluar-proximas-metas","status":"publish","type":"post","link":"https:\/\/inces.gob.ve\/index.php\/2018\/05\/08\/consejo-entes-adscritos-del-mpppe-se-reunen-evaluar-proximas-metas\/","title":{"rendered":"Consejo de entes adscritos del MPPPE se re\u00fanen para evaluar pr\u00f3ximas metas"},"content":{"rendered":"<p class=\"western\" style=\"text-align: justify;\"><span style=\"font-family: Arial,sans-serif;\"><i><b>** El Inces fue el punto de encuentro para el sector Educativo y se espera se instale la sala situacional con mira a los comicios del 20M<\/b><\/i><\/span><\/p>\n<p class=\"western\" style=\"text-align: justify;\"><!--more--><\/p>\n<p>&nbsp;<\/p>\n<p class=\"western\" style=\"text-align: justify;\"><span style=\"font-family: Arial,sans-serif;\"><i><b>Prensa Inces (Yaracuy)<\/b><\/i>.- Los entes adscritos al Ministerio del Poder Popular para la Educaci\u00f3n, en Yaracuy, se reunieron con el prop\u00f3sito de revisar y ponderar cada una de las acciones y metas que vienen desarrollando, en funci\u00f3n de fortalecer al sector educativo seg\u00fan lo inform\u00f3 Ana Rodr\u00edguez, responsable de la Zona Educativa en regi\u00f3n.<\/span><\/p>\n<p class=\"western\" style=\"text-align: justify;\">\u00a0<\/p>\n<p class=\"western\" style=\"text-align: justify;\"><span style=\"font-family: Arial,sans-serif;\">Durante la actividad, cumplida como un lineamiento del ente adscripci\u00f3n, Rodr\u00edguez destac\u00f3 que se hizo una evaluaci\u00f3n de los avances cristalizados en el tema de los conucos escolares, el registro de sociedad patriota y la participaci\u00f3n de todos los organismos en el abordaje nutricional.<\/span><\/p>\n<p>&nbsp;<\/p>\n<p class=\"western\" style=\"text-align: justify;\"><img loading=\"lazy\" decoding=\"async\" class=\"size-full wp-image-14790 aligncenter\" src=\"http:\/\/www.inces.gob.ve\/wp-content\/uploads\/2018\/05\/2-sector-Educativo.jpg\" alt=\"\" width=\"850\" height=\"638\" \/><\/p>\n<p class=\"western\" style=\"text-align: justify;\"><span style=\"font-family: Arial,sans-serif;\">Igualmente inform\u00f3 que se cuenta con el apoyo de la Corporaci\u00f3n Nacional de Alimentos (Cnae), Senifa, Misi\u00f3n Robinson, Misi\u00f3n Ribas, as\u00ed como con el Instituto Nacional de Capacitaci\u00f3n y Educaci\u00f3n Socialista (Inces), que es el organismo encargado de brindar formaci\u00f3n en diversas \u00e1reas.<\/span><\/p>\n<p class=\"western\" style=\"text-align: justify;\">\u00a0<\/p>\n<p class=\"western\" style=\"text-align: justify;\"><span style=\"font-family: Arial,sans-serif;\">Asimismo dijo que se planific\u00f3 una serie de actividades en el marco del Mayo Victorioso, con realce a la medida de la reconversi\u00f3n monetaria como respuesta importante para avanzar y proteger la moneda venezolanam.<\/span><\/p>\n<p class=\"western\" style=\"text-align: justify;\">\u00a0<\/p>\n<p class=\"western\" style=\"text-align: justify;\"><span style=\"font-family: Arial,sans-serif;\">Se supo que se llevar\u00e1 a cabo un encuentro para toda la clase trabajadora con el fin de que se familiarice con el tema, as\u00ed como evaluar lo relevante de la aprobaci\u00f3n de la cuarta convenci\u00f3n colectiva, la cual brinda seguridad social a los entes activos. <\/span><\/p>\n<p class=\"western\" style=\"text-align: justify;\">\u00a0<\/p>\n<p class=\"western\" style=\"text-align: justify;\"><span style=\"font-family: Arial,sans-serif;\">Respecto a la programaci\u00f3n de actividades, con miras las venideras elecciones, Rodr\u00edguez manifest\u00f3 que se arranc\u00f3 con el proceso de evaluaci\u00f3n de los 1&#215;10; se establecer\u00e1 un plan de movilizaci\u00f3n para cada centro de votaci\u00f3n y se tiene prevista la instalaci\u00f3n de la sala situacional del magisterio en el Inces Yaracuy, para finalmente tomar las previsiones necesarias con el prop\u00f3sito de activar al sector educativo ante los comicios del 20M. <\/span><\/p>\n<p class=\"western\" style=\"text-align: justify;\">\u00a0<\/p>\n<p class=\"western\" style=\"text-align: justify;\"><span style=\"font-family: Arial,sans-serif;\">T\/ Mar\u00eda Alejandra Arias<\/span><\/p>\n","protected":false},"excerpt":{"rendered":"<p>** El Inces fue el punto de encuentro para el sector Educativo y se espera se instale la sala situacional con mira a los comicios del 20M<\/p>\n","protected":false},"author":15,"featured_media":14791,"comment_status":"closed","ping_status":"closed","sticky":false,"template":"","format":"aside","meta":{"footnotes":""},"categories":[2],"tags":[],"class_list":["post-14789","post","type-post","status-publish","format-aside","has-post-thumbnail","hentry","category-blog","post_format-post-format-aside"],"_links":{"self":[{"href":"https:\/\/inces.gob.ve\/index.php\/wp-json\/wp\/v2\/posts\/14789","targetHints":{"allow":["GET"]}}],"collection":[{"href":"https:\/\/inces.gob.ve\/index.php\/wp-json\/wp\/v2\/posts"}],"about":[{"href":"https:\/\/inces.gob.ve\/index.php\/wp-json\/wp\/v2\/types\/post"}],"author":[{"embeddable":true,"href":"https:\/\/inces.gob.ve\/index.php\/wp-json\/wp\/v2\/users\/15"}],"replies":[{"embeddable":true,"href":"https:\/\/inces.gob.ve\/index.php\/wp-json\/wp\/v2\/comments?post=14789"}],"version-history":[{"count":1,"href":"https:\/\/inces.gob.ve\/index.php\/wp-json\/wp\/v2\/posts\/14789\/revisions"}],"predecessor-version":[{"id":34734,"href":"https:\/\/inces.gob.ve\/index.php\/wp-json\/wp\/v2\/posts\/14789\/revisions\/34734"}],"wp:featuredmedia":[{"embeddable":true,"href":"https:\/\/inces.gob.ve\/index.php\/wp-json\/"}],"wp:attachment":[{"href":"https:\/\/inces.gob.ve\/index.php\/wp-json\/wp\/v2\/media?parent=14789"}],"wp:term":[{"taxonomy":"category","embeddable":true,"href":"https:\/\/inces.gob.ve\/index.php\/wp-json\/wp\/v2\/categories?post=14789"},{"taxonomy":"post_tag","embeddable":true,"href":"https:\/\/inces.gob.ve\/index.php\/wp-json\/wp\/v2\/tags?post=14789"}],"curies":[{"name":"wp","href":"https:\/\/api.w.org\/{rel}","templated":true}]}}