{"id":14800,"date":"2018-05-08T11:37:39","date_gmt":"2018-05-08T17:37:39","guid":{"rendered":"http:\/\/www.inces.gob.ve\/?p=14800"},"modified":"2020-05-28T20:32:21","modified_gmt":"2020-05-29T00:32:21","slug":"miras-las-elecciones-presidenciales-se-realizo-conversatorio-inces-sucre","status":"publish","type":"post","link":"https:\/\/inces.gob.ve\/index.php\/2018\/05\/08\/miras-las-elecciones-presidenciales-se-realizo-conversatorio-inces-sucre\/","title":{"rendered":"Con miras a las elecciones presidenciales se realiz\u00f3 conversatorio en Inces Sucre"},"content":{"rendered":"<p style=\"text-align: justify;\"><span style=\"font-family: Arial,sans-serif;\"><i><b>** La oportunidad fue propicia para hacer un llamado profundo a la conciencia de los j\u00f3venes que integran el PNA, a tomar conciencia respecto al uso de las redes sociales y a que asuman el compromiso revolucionario desde su coraz\u00f3n<\/b><\/i><\/span><\/p>\n<p>&nbsp;<\/p>\n<p style=\"text-align: justify;\"><!--more--><\/p>\n<p>&nbsp;<\/p>\n<p style=\"text-align: justify;\"><span style=\"font-family: Arial,sans-serif;\"><b>Prensa Inces. <\/b><b>(<\/b><b>Sucre).-<\/b> En el Instituto Nacional de Capacitaci\u00f3n y Educaci\u00f3n Socialista (Inces), en el estado Sucre, se realiz\u00f3 un conversatorio, dirigido a los j\u00f3venes que integran el Programa Nacional de Aprendizaje (PNA), en el marco de la importantancia de la participaci\u00f3n en el proceso electoral presidencial a efectuarse pr\u00f3ximo 20 de mayo.<\/span><\/p>\n<p style=\"text-align: justify;\">\u00a0<\/p>\n<p style=\"text-align: justify;\"><span style=\"font-family: Arial,sans-serif;\">En las instalaciones del comedor del centro de formaci\u00f3n socialista (CFS) comercio (CFSC), en Cuman\u00e1, se reuni\u00f3 el equipo de la vanguardia Inces con m\u00e1s de 100 muchachos y muchachas, que han ingresado a formarse en diferentes empresas, y que hoy en d\u00eda est\u00e1n en plena formaci\u00f3n del (PNA). All\u00ed, el alimento fue para el intelecto, para la conciencia de cada uno de los asistentes.<\/span><\/p>\n<p style=\"text-align: justify;\"><span style=\"font-family: Arial,sans-serif;\"><img loading=\"lazy\" decoding=\"async\" class=\"size-full wp-image-14802 aligncenter\" src=\"http:\/\/www.inces.gob.ve\/wp-content\/uploads\/2018\/05\/2conversatorio-en-Inces.jpg\" alt=\"\" width=\"850\" height=\"638\" \/><\/span><\/p>\n<p style=\"text-align: justify;\">\u00a0<\/p>\n<p style=\"text-align: justify;\"><span style=\"font-family: Arial,sans-serif;\">La gerente regional del Inces Sucre, Audin Navarro, explic\u00f3 a los j\u00f3venes que el Estado venezolana dedica su esfuerzo y tiempo para formarlos, siendo esto un logro de la revoluci\u00f3n socialista.<\/span><\/p>\n<p style=\"text-align: justify;\">\u00a0<\/p>\n<p style=\"text-align: justify;\"><span style=\"font-family: Arial,sans-serif;\">Conmin\u00f3 a los aprendices a ser responsables ante el compromiso que tienen en este momento hist\u00f3rico y que de ellos depende que m\u00e1s j\u00f3venes en los barrios contin\u00faen los logros de la revoluci\u00f3n. \u201cDesde que Hugo Ch\u00e1vez tom\u00f3 las riendas del poder pol\u00edtico y ahora Nicol\u00e1s Maduro, siguen haciendo posible incluir a los venezolanos, especialmente a la juventud\u201d, coment\u00f3 Navarro.<\/span><\/p>\n<p style=\"text-align: justify;\">\u00a0<\/p>\n<p style=\"text-align: justify;\"><span style=\"font-family: Arial,sans-serif;\">En ese mismo orden de ideas, Dioselin Gonz\u00e1lez, vocera regional de formaci\u00f3n del Inces en Sucre, dijo \u201ctenemos que cumplir porque somos miembros de una organizaci\u00f3n, de una empresa y si nos dicen que debemos ir a un lugar, hay que ser responsables y concentrarnos en lo que nos indican\u201d.<\/span><\/p>\n<p style=\"text-align: justify;\"><img loading=\"lazy\" decoding=\"async\" class=\"size-full wp-image-14803 aligncenter\" src=\"http:\/\/www.inces.gob.ve\/wp-content\/uploads\/2018\/05\/1conversatorio-en-Inces.jpg\" alt=\"\" width=\"800\" height=\"600\" \/><\/p>\n<p style=\"text-align: justify;\"><span style=\"font-family: Arial,sans-serif;\">A la actividad fue invitado Marcos Ort\u00edz, miembro del equipo pol\u00edtico municipal del PSUV, quien expuso la importancia de defender un empleo digno, con las condiciones de formaci\u00f3n que los aprendices Inces tienen actualmente.<\/span><\/p>\n<p style=\"text-align: justify;\">\u00a0<\/p>\n<p style=\"text-align: justify;\"><span style=\"font-family: Arial,sans-serif;\">Para cerrar, el jefe deL CFS Industrial, Adolfo Gil manifest\u00f3 a los aprendices que ahora tienen la oportunidad de oro de formarse en el mismo lugar donde laboran, y tienen adem\u00e1s la responsabilidad de defender ese logro, a la patria misma, por lo que los exhort\u00f3 a valorar lo que tienen en sus manos. <\/span><\/p>\n<p style=\"text-align: justify;\">\u00a0<\/p>\n<p style=\"text-align: justify;\"><span style=\"font-family: Arial,sans-serif;\">T\/ Milagros Guerrero<\/span><\/p>\n","protected":false},"excerpt":{"rendered":"<p>** La oportunidad fue propicia para hacer un llamado profundo a la conciencia de los j\u00f3venes que integran el PNA, a tomar conciencia respecto al uso de las redes sociales y a que asuman el compromiso revolucionario desde su coraz\u00f3n &nbsp;<\/p>\n","protected":false},"author":15,"featured_media":14801,"comment_status":"closed","ping_status":"closed","sticky":false,"template":"","format":"aside","meta":{"footnotes":""},"categories":[2],"tags":[],"class_list":["post-14800","post","type-post","status-publish","format-aside","has-post-thumbnail","hentry","category-blog","post_format-post-format-aside"],"_links":{"self":[{"href":"https:\/\/inces.gob.ve\/index.php\/wp-json\/wp\/v2\/posts\/14800","targetHints":{"allow":["GET"]}}],"collection":[{"href":"https:\/\/inces.gob.ve\/index.php\/wp-json\/wp\/v2\/posts"}],"about":[{"href":"https:\/\/inces.gob.ve\/index.php\/wp-json\/wp\/v2\/types\/post"}],"author":[{"embeddable":true,"href":"https:\/\/inces.gob.ve\/index.php\/wp-json\/wp\/v2\/users\/15"}],"replies":[{"embeddable":true,"href":"https:\/\/inces.gob.ve\/index.php\/wp-json\/wp\/v2\/comments?post=14800"}],"version-history":[{"count":1,"href":"https:\/\/inces.gob.ve\/index.php\/wp-json\/wp\/v2\/posts\/14800\/revisions"}],"predecessor-version":[{"id":34732,"href":"https:\/\/inces.gob.ve\/index.php\/wp-json\/wp\/v2\/posts\/14800\/revisions\/34732"}],"wp:featuredmedia":[{"embeddable":true,"href":"https:\/\/inces.gob.ve\/index.php\/wp-json\/"}],"wp:attachment":[{"href":"https:\/\/inces.gob.ve\/index.php\/wp-json\/wp\/v2\/media?parent=14800"}],"wp:term":[{"taxonomy":"category","embeddable":true,"href":"https:\/\/inces.gob.ve\/index.php\/wp-json\/wp\/v2\/categories?post=14800"},{"taxonomy":"post_tag","embeddable":true,"href":"https:\/\/inces.gob.ve\/index.php\/wp-json\/wp\/v2\/tags?post=14800"}],"curies":[{"name":"wp","href":"https:\/\/api.w.org\/{rel}","templated":true}]}}