{"id":14864,"date":"2018-05-09T12:06:18","date_gmt":"2018-05-09T18:06:18","guid":{"rendered":"http:\/\/www.inces.gob.ve\/?p=14864"},"modified":"2020-05-28T20:32:20","modified_gmt":"2020-05-29T00:32:20","slug":"cfs-comercial-maracay-ofrece-18-formaciones-los-araguenos","status":"publish","type":"post","link":"https:\/\/inces.gob.ve\/index.php\/2018\/05\/09\/cfs-comercial-maracay-ofrece-18-formaciones-los-araguenos\/","title":{"rendered":"El CFS Comercial Maracay ofrece 18 formaciones a los Arag\u00fce\u00f1os"},"content":{"rendered":"<p style=\"text-align: justify;\"><span style=\"font-family: Arial,sans-serif;\"><i><b>** Operador de micro, Seguridad industrial y Ambiente de Trabajo, Proyecto socio-econ\u00f3mico, Almac\u00e9n, Direcci\u00f3n de Reuniones, Relaciones Humanas y Corte de Cabello, entre otras, son parte de la oferta formativa<\/b><\/i><\/span><\/p>\n<p style=\"text-align: justify;\">\n <!--more--><\/p>\n<p style=\"text-align: justify;\">\n <\/p>\n<p style=\"text-align: justify;\"><span style=\"font-family: Arial,sans-serif;\"><b>Prensa Inces (Aragua).<\/b>&#8211; El Inces regi\u00f3n Aragua ofrece 18 cursos para beneficio de las comunidades, organizaciones sociales, trabajadores y j\u00f3venes que deseen formarse en oficios de los motores Industrial, Agroalimentario y Farmac\u00e9utico.<\/span><\/p>\n<p style=\"text-align: justify;\">\n <\/p>\n<p style=\"text-align: justify;\"><span style=\"font-family: Arial,sans-serif;\">Nancy Mejias, apoyo docente del centro de formaci\u00f3n socialista (CFS) Comercial Maracay, inform\u00f3 que los cursos ofertados a partir de este mes son: Redacci\u00f3n de informes t\u00e9cnicos (20 horas,ma\u00f1ana-tarde), Buenas pr\u00e1cticas de manufactura para la industria y cosm\u00e9ticos (30 horas, tarde), Buenas pr\u00e1cticas de manufactura para la industria farmac\u00e9utica (30 horas, tarde), Elaboraci\u00f3n de formas farmac\u00e9uticas l\u00edquidas (70 horas ma\u00f1ana-tarde) y s\u00f3lidas (70 horas ma\u00f1ana-tarde).<\/span><\/p>\n<p style=\"text-align: justify;\"><span style=\"font-family: Arial,sans-serif;\"><img loading=\"lazy\" decoding=\"async\" class=\"size-full wp-image-14866 aligncenter\" src=\"http:\/\/www.inces.gob.ve\/wp-content\/uploads\/2018\/05\/2-formaciones.jpg\" alt=\"\" width=\"850\" height=\"638\" \/><\/span><\/p>\n<p style=\"text-align: justify;\">\u00a0<\/p>\n<p style=\"text-align: justify;\"><span style=\"font-family: Arial,sans-serif;\">Tambi\u00e9n el de Operador de micro (186 horas, tarde), Seguridad industrial y ambiente de trabajo (20 horas, ma\u00f1ana), Proyecto socio-econ\u00f3mico (30 horas, ma\u00f1ana), Almac\u00e9n (216 horas ma\u00f1ana-tarde), Direcci\u00f3n de reuniones (20 horas, ma\u00f1ana), Relaciones humanas (30 horas, ma\u00f1ana) y Corte de cabello (166 horas, ma\u00f1ana).<\/span><\/p>\n<p style=\"text-align: justify;\">\n <\/p>\n<p style=\"text-align: justify;\"><span style=\"font-family: Arial,sans-serif;\">De igual manera, cursos en Primeros Auxilios (20 horas), Buenas pr\u00e1cticas de manufactura para la industria cosm\u00e9tica (30 horas), Buenas pr\u00e1cticas de manufactura para la industria farmac\u00e9utica (30 horas), Procesamiento y conservaci\u00f3n de tomates (60 horas), Cultivos Organop\u00f3nicos (186 horas), Proyecto socio-econ\u00f3mico (30 horas) y Construcci\u00f3n de semilleros (138 horas); todas \u00e9stas formaciones en el turno de la ma\u00f1ana.<\/span><\/p>\n<p style=\"text-align: justify;\"><img loading=\"lazy\" decoding=\"async\" class=\"alignnone size-full wp-image-14867\" src=\"http:\/\/www.inces.gob.ve\/wp-content\/uploads\/2018\/05\/1-formaciones.jpg\" alt=\"\" width=\"850\" height=\"638\" \/>\n <\/p>\n<p style=\"text-align: justify;\"><span style=\"font-family: Arial,sans-serif;\">Resalt\u00f3 que los interesados (as) deben dirigirse al CFS ubicado en la avenida Bol\u00edvar de Maracay, sector La Romana, con una copia de c\u00e9dula de identidad o escribir al correo <a href=\"mailto:cfscomercialmaracay@gmail.com\">cfscomercialmaracay@gmail.com<\/a> para cualquier informaci\u00f3n adicional. <\/span><\/p>\n<p style=\"text-align: justify;\">\n <\/p>\n<p style=\"text-align: justify;\">\n <\/p>\n<p style=\"text-align: justify;\">\n <\/p>\n<p style=\"text-align: justify;\"><span style=\"font-family: Arial,sans-serif;\">T\/ Mar\u00eda Ver\u00f3nica Molina.- <\/span><\/p>\n<p style=\"text-align: justify;\">\n <\/p>\n<p style=\"text-align: justify;\">\n <\/p>\n<p style=\"text-align: justify;\"><span style=\"font-family: Arial,sans-serif;\">lt.-<\/span><\/p>\n","protected":false},"excerpt":{"rendered":"<p>** Operador de micro, Seguridad industrial y Ambiente de Trabajo, Proyecto socio-econ\u00f3mico, Almac\u00e9n, Direcci\u00f3n de Reuniones, Relaciones Humanas y Corte de Cabello, entre otras, son parte de la oferta formativa<\/p>\n","protected":false},"author":15,"featured_media":14865,"comment_status":"closed","ping_status":"closed","sticky":false,"template":"","format":"aside","meta":{"footnotes":""},"categories":[2],"tags":[],"class_list":["post-14864","post","type-post","status-publish","format-aside","has-post-thumbnail","hentry","category-blog","post_format-post-format-aside"],"_links":{"self":[{"href":"https:\/\/inces.gob.ve\/index.php\/wp-json\/wp\/v2\/posts\/14864","targetHints":{"allow":["GET"]}}],"collection":[{"href":"https:\/\/inces.gob.ve\/index.php\/wp-json\/wp\/v2\/posts"}],"about":[{"href":"https:\/\/inces.gob.ve\/index.php\/wp-json\/wp\/v2\/types\/post"}],"author":[{"embeddable":true,"href":"https:\/\/inces.gob.ve\/index.php\/wp-json\/wp\/v2\/users\/15"}],"replies":[{"embeddable":true,"href":"https:\/\/inces.gob.ve\/index.php\/wp-json\/wp\/v2\/comments?post=14864"}],"version-history":[{"count":1,"href":"https:\/\/inces.gob.ve\/index.php\/wp-json\/wp\/v2\/posts\/14864\/revisions"}],"predecessor-version":[{"id":34722,"href":"https:\/\/inces.gob.ve\/index.php\/wp-json\/wp\/v2\/posts\/14864\/revisions\/34722"}],"wp:featuredmedia":[{"embeddable":true,"href":"https:\/\/inces.gob.ve\/index.php\/wp-json\/"}],"wp:attachment":[{"href":"https:\/\/inces.gob.ve\/index.php\/wp-json\/wp\/v2\/media?parent=14864"}],"wp:term":[{"taxonomy":"category","embeddable":true,"href":"https:\/\/inces.gob.ve\/index.php\/wp-json\/wp\/v2\/categories?post=14864"},{"taxonomy":"post_tag","embeddable":true,"href":"https:\/\/inces.gob.ve\/index.php\/wp-json\/wp\/v2\/tags?post=14864"}],"curies":[{"name":"wp","href":"https:\/\/api.w.org\/{rel}","templated":true}]}}