{"id":14930,"date":"2018-05-10T12:59:23","date_gmt":"2018-05-10T18:59:23","guid":{"rendered":"http:\/\/www.inces.gob.ve\/?p=14930"},"modified":"2020-05-28T20:32:20","modified_gmt":"2020-05-29T00:32:20","slug":"proyectos-formativos-del-inces-consolidan-desarrollo-turistico-del-pais","status":"publish","type":"post","link":"https:\/\/inces.gob.ve\/index.php\/2018\/05\/10\/proyectos-formativos-del-inces-consolidan-desarrollo-turistico-del-pais\/","title":{"rendered":"Proyectos formativos del Inces consolidan el desarrollo tur\u00edstico del pa\u00eds"},"content":{"rendered":"<p style=\"text-align: justify;\"><em><strong>\u201cTenemos la intenci\u00f3n de continuar liderando los procesos formativos que conlleva el motor Turismo\u201d<\/strong><\/em><!--more--><\/p>\n<p style=\"text-align: justify;\">\u00a0<\/p>\n<p style=\"text-align: justify;\"><strong>Minci.-<\/strong> As\u00ed lo expres\u00f3, el presidente del Instituto Nacional de Capacitaci\u00f3n y Educaci\u00f3n Socialista (Inces), Wuikelman \u00c1ngel Paredes, en una entrevista ofrecida al equipo de prensa del Ministerio del Poder Popular para el Turismo (Mintur).<\/p>\n<p style=\"text-align: justify;\">\u00a0<\/p>\n<p style=\"text-align: justify;\">Paredes inform\u00f3 que la participaci\u00f3n de la delegaci\u00f3n del Inces, en la 38 edici\u00f3n de la Feria Internacional de Turismo de cuba (FitCuba) 2018, fortaleci\u00f3 la relaci\u00f3n con Mintur para establecer estrategias de formaci\u00f3n acad\u00e9mica con la Universidad Nacional de Turismo (Unatur) y el centro gastron\u00f3mico Wad\u00e4ka.<\/p>\n<p style=\"text-align: justify;\">\u00a0<\/p>\n<p style=\"text-align: justify;\">Reiter\u00f3 que se tiene previsto convertir este espacio de arte culinario en un restaurante escuela, dirigido a estudiantes del \u00e1rea gastron\u00f3mica y tur\u00edstica.<\/p>\n<p style=\"text-align: justify;\">\u00a0<\/p>\n<p style=\"text-align: justify;\">Con respecto a la asistencia de un equipo de trabajo adscrito al Inces, en FitCuba, \u00c1ngel explic\u00f3 que se desarroll\u00f3 una agenda con autoridades internacionales con quienes se realizaron intercambios de experiencias de saberes para el impulso del sector tur\u00edstico.\u00a0Igualmente, se evalu\u00f3 la activaci\u00f3n de la formaci\u00f3n de idiomas . A su vez el presidente inform\u00f3 que la certificaci\u00f3n del Inces, en el campo productivo tiene validez\u00a0 mundial, por el convenio suscrito ante la Organizaci\u00f3n Internacional del Trabajo.<\/p>\n<p style=\"text-align: justify;\">\u00a0<\/p>\n<p style=\"text-align: justify;\">El representante de este centro educativo tambi\u00e9n anunci\u00f3 la posibilidad de ingreso, a la Universidad Nacional de Turismo, de aquellos estudiantes que culminan su proceso educativo en el Inces. Subray\u00f3 que esta acci\u00f3n pretende dar continuidad a la carrera y formarse en el sector turismo.<\/p>\n<p style=\"text-align: justify;\">\u00a0<\/p>\n<p style=\"text-align: justify;\">\u201cPonemos a disposici\u00f3n un equipo de alto nivel en materia de tecnolog\u00eda educativa que est\u00e1 dispuesto a colaborar para fortalecer el contenido curricular de las carreras que ofrece esta casa de estudios. Estamos convencidos que el nuevo modelo econ\u00f3mico productivo pasa por la transformaci\u00f3n del patr\u00f3n educativo sobre la base saber-hacer\u201d, asegur\u00f3.<\/p>\n<p style=\"text-align: justify;\">\u00a0<\/p>\n<p style=\"text-align: justify;\">\u00c1ngel expres\u00f3 su reconocimiento a la ardua labor que viene realizando la ministra Marleny Contreras, en pol\u00edticas del desarrollo del turismo en Venezuela. Al mismo tiempo asegur\u00f3 que el turismo tiene un alto campo de inter\u00e9s para la mayor\u00eda de los j\u00f3venes que se forman en este instituto de formaci\u00f3n profesional,\u00a0\u201cla juventud venezolana aprecia el sector tur\u00edstico como un \u00e1rea con perspectiva de desarrollo\u201d<strong>.<\/strong>\u00a0Manifest\u00f3 que se pretende reactivar los circuitos de hoteles que tenemos, espec\u00edficamente la Escuela-Hotel Guaraguao ubicada en la isla de Margarita.<\/p>\n<p style=\"text-align: justify;\">\u00a0<\/p>\n<p style=\"text-align: justify;\">De esta manera,\u00a0Mintur contin\u00faa impulsando y afianzando lazos con el Inces para el proceso de formaci\u00f3n de los actores del sector con m\u00e9todos transformadores que promuevan el desarrollo del turismo, como una de las principales actividades econ\u00f3micas de Venezuela.<\/p>\n<p style=\"text-align: justify;\">\u00a0<\/p>\n<p>&nbsp;<\/p>\n<p style=\"text-align: justify;\"><strong>Fuente: MINCI<\/strong><\/p>\n<p style=\"text-align: justify;\"><strong>Foto Archivo<\/strong><\/p>\n<p style=\"text-align: justify;\"><em>https:\/\/bit.ly\/2G1sS3K<\/em><\/p>\n","protected":false},"excerpt":{"rendered":"<p>\u201cTenemos la intenci\u00f3n de continuar liderando los procesos formativos que conlleva el motor Turismo\u201d<\/p>\n","protected":false},"author":4,"featured_media":14932,"comment_status":"closed","ping_status":"closed","sticky":false,"template":"","format":"aside","meta":{"footnotes":""},"categories":[2],"tags":[],"class_list":["post-14930","post","type-post","status-publish","format-aside","has-post-thumbnail","hentry","category-blog","post_format-post-format-aside"],"_links":{"self":[{"href":"https:\/\/inces.gob.ve\/index.php\/wp-json\/wp\/v2\/posts\/14930","targetHints":{"allow":["GET"]}}],"collection":[{"href":"https:\/\/inces.gob.ve\/index.php\/wp-json\/wp\/v2\/posts"}],"about":[{"href":"https:\/\/inces.gob.ve\/index.php\/wp-json\/wp\/v2\/types\/post"}],"author":[{"embeddable":true,"href":"https:\/\/inces.gob.ve\/index.php\/wp-json\/wp\/v2\/users\/4"}],"replies":[{"embeddable":true,"href":"https:\/\/inces.gob.ve\/index.php\/wp-json\/wp\/v2\/comments?post=14930"}],"version-history":[{"count":1,"href":"https:\/\/inces.gob.ve\/index.php\/wp-json\/wp\/v2\/posts\/14930\/revisions"}],"predecessor-version":[{"id":34712,"href":"https:\/\/inces.gob.ve\/index.php\/wp-json\/wp\/v2\/posts\/14930\/revisions\/34712"}],"wp:featuredmedia":[{"embeddable":true,"href":"https:\/\/inces.gob.ve\/index.php\/wp-json\/"}],"wp:attachment":[{"href":"https:\/\/inces.gob.ve\/index.php\/wp-json\/wp\/v2\/media?parent=14930"}],"wp:term":[{"taxonomy":"category","embeddable":true,"href":"https:\/\/inces.gob.ve\/index.php\/wp-json\/wp\/v2\/categories?post=14930"},{"taxonomy":"post_tag","embeddable":true,"href":"https:\/\/inces.gob.ve\/index.php\/wp-json\/wp\/v2\/tags?post=14930"}],"curies":[{"name":"wp","href":"https:\/\/api.w.org\/{rel}","templated":true}]}}