{"id":14936,"date":"2018-05-10T13:38:51","date_gmt":"2018-05-10T19:38:51","guid":{"rendered":"http:\/\/www.inces.gob.ve\/?p=14936"},"modified":"2020-05-28T20:32:20","modified_gmt":"2020-05-29T00:32:20","slug":"arranco-autoformacion-maestros-maestras-del-inces-motor-agroalimentario","status":"publish","type":"post","link":"https:\/\/inces.gob.ve\/index.php\/2018\/05\/10\/arranco-autoformacion-maestros-maestras-del-inces-motor-agroalimentario\/","title":{"rendered":"Arranco autoformaci\u00f3n de maestros y maestras del Inces en el motor Agroalimentario"},"content":{"rendered":"<p class=\"western\" style=\"text-align: justify;\" align=\"justify\"><i><b><span style=\"font-family: Arial,serif;\">** Maestros y maestras del Inces, regional Cojedes, iniciaron su formaci\u00f3n y autoformaci\u00f3n colectiva, integral continua y permanente, en el motor Agroalimentario para seguir promoviendo y desarrollando su integralidad. <\/span><\/b><\/i><\/p>\n<p class=\"western\" style=\"text-align: justify;\" align=\"justify\"><!--more--><\/p>\n<p align=\"justify\">\u00a0<\/p>\n<p class=\"western\" style=\"text-align: justify;\" align=\"justify\"><span style=\"font-family: Arial,serif;\"><b>(Prensa Inces. Cojedes).-<\/b><\/span><span style=\"font-family: Arial,serif;\">La misma se llev\u00f3 a cabo en el centro de formaci\u00f3n socialista (CFS) \u201cJos\u00e9 Laurencio Silva\u201d y estuvo a cargo de los maestros t\u00e9cnicos productivos (MTP) del Programa Agr\u00edcola, bajo la metodolog\u00eda Inces \u201cFormar Produciendo, Producir Formando\u201d. <\/span><\/p>\n<p class=\"western\" style=\"text-align: justify;\" align=\"justify\"><span style=\"font-family: Arial,serif;\"><img loading=\"lazy\" decoding=\"async\" class=\"size-full wp-image-14941 aligncenter\" src=\"http:\/\/www.inces.gob.ve\/wp-content\/uploads\/2018\/05\/3formaci\u00f3n-y-autoformaci\u00f3n.jpg\" alt=\"\" width=\"850\" height=\"638\" \/><\/span><\/p>\n<p class=\"western\" style=\"text-align: justify;\" align=\"justify\"><span style=\"font-family: Arial,serif;\">El taller de Agricultura Urbana se llev\u00f3 a cabo de manera pr\u00e1ctica, al cual asistieron los formadores adscritos a las diferentes \u00e1reas y programas como Construcci\u00f3n y Comercio y Servicio. Tambi\u00e9n participaron trabajadores de las distintas dependencias de la Gerencia Regional.<\/span><\/p>\n<p class=\"western\" style=\"text-align: justify;\" align=\"justify\"><span style=\"font-family: Arial,serif;\"><img loading=\"lazy\" decoding=\"async\" class=\"size-full wp-image-14939 aligncenter\" src=\"http:\/\/www.inces.gob.ve\/wp-content\/uploads\/2018\/05\/5formaci\u00f3n-y-autoformaci\u00f3n.jpg\" alt=\"\" width=\"850\" height=\"638\" \/><\/span><\/p>\n<p class=\"western\" style=\"text-align: justify;\" align=\"justify\">\u201c<span style=\"font-family: Arial,serif;\">Esta formaci\u00f3n es el primer acuerdo cumplido de los que se proyectaron a iniciar este mayo de victoria\u201d, destac\u00f3 Eduard Ortega, MTP del CFS \u201cFrancisco Carvajal\u201d y miembro de la vanguardia Inces. <\/span><\/p>\n<p class=\"western\" style=\"text-align: justify;\" align=\"justify\"><span style=\"font-family: Arial,serif;\"><img loading=\"lazy\" decoding=\"async\" class=\"size-full wp-image-14938 aligncenter\" src=\"http:\/\/www.inces.gob.ve\/wp-content\/uploads\/2018\/05\/6formaci\u00f3n-y-autoformaci\u00f3n.jpg\" alt=\"\" width=\"850\" height=\"638\" \/><\/span><\/p>\n<p class=\"western\" style=\"text-align: justify;\"><span style=\"font-family: Arial,serif;\">Finamente, Javier Sequera, miembro del equipo pol\u00edtico Inces, destac\u00f3 las palabras del comandante Hugo Ch\u00e1vez durante la jornada de visitas a las escuelas en el 2010: \u201cUn maestro tiene que ser un sabio, estudiar todos los d\u00edas, profundizar en los conocimientos porque eso se olvid\u00f3 hace mucho tiempo, la capacitaci\u00f3n de los maestros, el mejoramiento profesional e integral. Tenemos que levantar el nivel educativo todos nosotros\u201d.<\/span><\/p>\n<p class=\"western\" style=\"text-align: justify;\"><span style=\"font-family: Arial,serif;\"><img loading=\"lazy\" decoding=\"async\" class=\"size-full wp-image-14937 aligncenter\" src=\"http:\/\/www.inces.gob.ve\/wp-content\/uploads\/2018\/05\/7formaci\u00f3n-y-autoformaci\u00f3n.jpg\" alt=\"\" width=\"850\" height=\"638\" \/><\/span><\/p>\n<p align=\"justify\">\u00a0<\/p>\n<p class=\"western\" style=\"text-align: justify;\" align=\"justify\"><span style=\"font-family: Arial,serif;\"><b>T\/ Nataly Reyes\/Sandra Loaiza.- <\/b><\/span><\/p>\n","protected":false},"excerpt":{"rendered":"<p>** Maestros y maestras del Inces, regional Cojedes, iniciaron su formaci\u00f3n y autoformaci\u00f3n colectiva, integral continua y permanente, en el motor Agroalimentario para seguir promoviendo y desarrollando su integralidad.<\/p>\n","protected":false},"author":15,"featured_media":14942,"comment_status":"closed","ping_status":"closed","sticky":false,"template":"","format":"aside","meta":{"footnotes":""},"categories":[2],"tags":[],"class_list":["post-14936","post","type-post","status-publish","format-aside","has-post-thumbnail","hentry","category-blog","post_format-post-format-aside"],"_links":{"self":[{"href":"https:\/\/inces.gob.ve\/index.php\/wp-json\/wp\/v2\/posts\/14936","targetHints":{"allow":["GET"]}}],"collection":[{"href":"https:\/\/inces.gob.ve\/index.php\/wp-json\/wp\/v2\/posts"}],"about":[{"href":"https:\/\/inces.gob.ve\/index.php\/wp-json\/wp\/v2\/types\/post"}],"author":[{"embeddable":true,"href":"https:\/\/inces.gob.ve\/index.php\/wp-json\/wp\/v2\/users\/15"}],"replies":[{"embeddable":true,"href":"https:\/\/inces.gob.ve\/index.php\/wp-json\/wp\/v2\/comments?post=14936"}],"version-history":[{"count":1,"href":"https:\/\/inces.gob.ve\/index.php\/wp-json\/wp\/v2\/posts\/14936\/revisions"}],"predecessor-version":[{"id":34711,"href":"https:\/\/inces.gob.ve\/index.php\/wp-json\/wp\/v2\/posts\/14936\/revisions\/34711"}],"wp:featuredmedia":[{"embeddable":true,"href":"https:\/\/inces.gob.ve\/index.php\/wp-json\/"}],"wp:attachment":[{"href":"https:\/\/inces.gob.ve\/index.php\/wp-json\/wp\/v2\/media?parent=14936"}],"wp:term":[{"taxonomy":"category","embeddable":true,"href":"https:\/\/inces.gob.ve\/index.php\/wp-json\/wp\/v2\/categories?post=14936"},{"taxonomy":"post_tag","embeddable":true,"href":"https:\/\/inces.gob.ve\/index.php\/wp-json\/wp\/v2\/tags?post=14936"}],"curies":[{"name":"wp","href":"https:\/\/api.w.org\/{rel}","templated":true}]}}