{"id":15016,"date":"2018-05-14T08:15:23","date_gmt":"2018-05-14T14:15:23","guid":{"rendered":"http:\/\/www.inces.gob.ve\/?p=15016"},"modified":"2020-05-28T20:32:19","modified_gmt":"2020-05-29T00:32:19","slug":"inces-continua-respaldando-al-candidato-del-frente-amplio-la-patria","status":"publish","type":"post","link":"https:\/\/inces.gob.ve\/index.php\/2018\/05\/14\/inces-continua-respaldando-al-candidato-del-frente-amplio-la-patria\/","title":{"rendered":"El Inces contin\u00faa respaldando al candidato del frente amplio de la patria"},"content":{"rendered":"<p style=\"text-align: justify;\"><span style=\"font-family: Arial,sans-serif;\"><i><b>**Maduro exhort\u00f3 este s\u00e1bado a los venezolanos a organizarse y afinar detalles para la movilizaci\u00f3n de las fuerzas revolucionarias el pr\u00f3ximo domingo<\/b><\/i><\/span><\/p>\n<p>&nbsp;<\/p>\n<p style=\"text-align: justify;\"><!--more--><\/p>\n<p>&nbsp;<\/p>\n<p style=\"text-align: justify;\"><span style=\"font-family: Arial,sans-serif;\"><b>Prensa Inces. Sede<\/b>.- Trabajadores y autoridades de la instituci\u00f3n, participantes, promotores t\u00e9cnicos y maestros le dieron su respaldo al presidente de la Rep\u00fablica y candidato a la reelecci\u00f3n, Nicol\u00e1s Maduro Moros, desde la populosa parroquia de Ant\u00edmano, donde se realiz\u00f3 un recorrido en el que se pudo observar una nutrida asistencia de los vecinos del sector y zonas aleda\u00f1as, as\u00ed como de algunos entes del Estado.<\/span><\/p>\n<p style=\"text-align: justify;\">\u00a0<\/p>\n<p style=\"text-align: justify;\"><span style=\"font-family: Arial,sans-serif;\">El gerente general de Inform\u00e1tica, Vladimir Jer\u00e9z, coment\u00f3; desde este punto, ya aproxim\u00e1ndonos al cierre de campa\u00f1a del presidente candidato Nicol\u00e1s Maduro, ac\u00e1 en la parroquia Ant\u00edmano, los trabajadores del Inces estamos presentes en esta concentraci\u00f3n tan multitudinaria, d\u00e1ndole el apoya al candidato a la reelecci\u00f3n para la continuaci\u00f3n del proceso revolucionario.<\/span><\/p>\n<p style=\"text-align: justify;\">\u00a0<\/p>\n<p style=\"text-align: justify;\"><span style=\"font-family: Arial,sans-serif;\"><img loading=\"lazy\" decoding=\"async\" class=\"size-full wp-image-14998 aligncenter\" src=\"http:\/\/www.inces.gob.ve\/wp-content\/uploads\/2018\/05\/12-05-2017JL_concentraci\u00f3n_antimano14.jpg\" alt=\"\" width=\"800\" height=\"498\" \/><\/span><\/p>\n<p style=\"text-align: justify;\">\n <span style=\"font-family: Arial,sans-serif;\">Por su parte, el participante Daniel Jaime, del Instituto de Acci\u00f3n Delegada y del Programa Nacional de Aprendizaje, en el oficio asistente administrativo, indic\u00f3; nos convocaron a todos a esta actividad, me parece interesante porque socializamos con los otros institutos, y adem\u00e1s le brindamos el apoyo al candidato presidencial de la revoluci\u00f3n Nicol\u00e1s Maduro. <\/span><\/p>\n<p style=\"text-align: justify;\">\u00a0<\/p>\n<p style=\"text-align: justify;\"><span style=\"font-family: Arial,sans-serif;\">El candidato de la patria desde Apure<\/span><\/p>\n<p style=\"text-align: justify;\">\u00a0<\/p>\n<p style=\"text-align: justify;\"><span style=\"font-family: Arial,sans-serif;\">Mientras los trabajadores del Inces se encontraban en Caracas dando muestras de apoyo a su candidatura, Nicol\u00e1s Maduro, candidato oficialista a la reelecci\u00f3n en las elecciones presidenciales del pr\u00f3ximo domingo 20 de mayo, llam\u00f3 a los venezolanos a salir a <\/span><strong><span style=\"font-family: Arial,sans-serif;\">votar masivamente en las elecciones presidenciales<\/span><\/strong><span style=\"font-family: Arial,sans-serif;\"> y de los Consejos Legislativos Regionales, para <\/span><strong><span style=\"font-family: Arial,sans-serif;\">no entregar la patria al imperialismo;<\/span><\/strong><span style=\"font-family: Arial,sans-serif;\"> as\u00ed lo expreso en su intervenci\u00f3n. <\/span><\/p>\n<p style=\"text-align: justify;\">\n <img loading=\"lazy\" decoding=\"async\" class=\"size-full wp-image-15001 aligncenter\" src=\"http:\/\/www.inces.gob.ve\/wp-content\/uploads\/2018\/05\/12-05-2017JL_concentraci\u00f3n_antimano1.jpg\" alt=\"\" width=\"800\" height=\"553\" \/><\/p>\n<p style=\"text-align: justify;\"><span style=\"font-family: Arial,sans-serif;\">\u00abYo llamo a la uni\u00f3n nacional para el bien del pa\u00eds. Por la paz de Venezuela llamo a la uni\u00f3n de toda la familia, hombres y mujeres\u00bb, expres\u00f3 desde el estado Apure .<\/span><\/p>\n<p style=\"text-align: justify;\">\u00a0<\/p>\n<p style=\"text-align: justify;\"><span style=\"font-family: Arial,sans-serif;\">Puntualiz\u00f3 que el pueblo venezolano har\u00e1 respetar la patria con su decisi\u00f3n soberana y volver\u00e1 a dar una lecci\u00f3n al mundo.<\/span><\/p>\n<p style=\"text-align: justify;\">\n <\/p>\n<p style=\"text-align: justify;\"><span style=\"font-family: Arial,sans-serif;\">T\/ Trina Pineda<\/span><\/p>\n<p style=\"text-align: justify;\"><span style=\"font-family: Arial,sans-serif;\">F\/ Jairo Luna<\/span><\/p>\n","protected":false},"excerpt":{"rendered":"<p>**Maduro exhort\u00f3 este s\u00e1bado a los venezolanos a organizarse y afinar detalles para la movilizaci\u00f3n de las fuerzas revolucionarias el pr\u00f3ximo domingo &nbsp;<\/p>\n","protected":false},"author":15,"featured_media":14999,"comment_status":"closed","ping_status":"closed","sticky":false,"template":"","format":"aside","meta":{"footnotes":""},"categories":[2],"tags":[],"class_list":["post-15016","post","type-post","status-publish","format-aside","has-post-thumbnail","hentry","category-blog","post_format-post-format-aside"],"_links":{"self":[{"href":"https:\/\/inces.gob.ve\/index.php\/wp-json\/wp\/v2\/posts\/15016","targetHints":{"allow":["GET"]}}],"collection":[{"href":"https:\/\/inces.gob.ve\/index.php\/wp-json\/wp\/v2\/posts"}],"about":[{"href":"https:\/\/inces.gob.ve\/index.php\/wp-json\/wp\/v2\/types\/post"}],"author":[{"embeddable":true,"href":"https:\/\/inces.gob.ve\/index.php\/wp-json\/wp\/v2\/users\/15"}],"replies":[{"embeddable":true,"href":"https:\/\/inces.gob.ve\/index.php\/wp-json\/wp\/v2\/comments?post=15016"}],"version-history":[{"count":1,"href":"https:\/\/inces.gob.ve\/index.php\/wp-json\/wp\/v2\/posts\/15016\/revisions"}],"predecessor-version":[{"id":34700,"href":"https:\/\/inces.gob.ve\/index.php\/wp-json\/wp\/v2\/posts\/15016\/revisions\/34700"}],"wp:featuredmedia":[{"embeddable":true,"href":"https:\/\/inces.gob.ve\/index.php\/wp-json\/"}],"wp:attachment":[{"href":"https:\/\/inces.gob.ve\/index.php\/wp-json\/wp\/v2\/media?parent=15016"}],"wp:term":[{"taxonomy":"category","embeddable":true,"href":"https:\/\/inces.gob.ve\/index.php\/wp-json\/wp\/v2\/categories?post=15016"},{"taxonomy":"post_tag","embeddable":true,"href":"https:\/\/inces.gob.ve\/index.php\/wp-json\/wp\/v2\/tags?post=15016"}],"curies":[{"name":"wp","href":"https:\/\/api.w.org\/{rel}","templated":true}]}}