{"id":15028,"date":"2018-05-14T09:40:06","date_gmt":"2018-05-14T15:40:06","guid":{"rendered":"http:\/\/www.inces.gob.ve\/?p=15028"},"modified":"2020-05-28T20:32:19","modified_gmt":"2020-05-29T00:32:19","slug":"camarografos-la-gobernacion-carabobo-fueron-acreditados-inces-regional","status":"publish","type":"post","link":"https:\/\/inces.gob.ve\/index.php\/2018\/05\/14\/camarografos-la-gobernacion-carabobo-fueron-acreditados-inces-regional\/","title":{"rendered":"Camar\u00f3grafos de la Gobernaci\u00f3n de Carabobo fueron acreditados por Inces regional"},"content":{"rendered":"<p style=\"text-align: justify;\"><span style=\"font-family: Arial,sans-serif;\"><i><b>**C\u00e1mara y producci\u00f3n audiovisual fueron los oficios certificados por el instituto a trabajadores de la comunicaci\u00f3n en el Capitolio de Carabobo<\/b><\/i><\/span><\/p>\n<p>&nbsp;<\/p>\n<p style=\"text-align: justify;\"><!--more-->\n <\/p>\n<p style=\"text-align: justify;\"><span style=\"font-family: Arial,sans-serif;\"><b>Prensa Inces <\/b><b>(<\/b><b>Carabobo<\/b><b>)<\/b>.- En el marco del \u201cMayo de Saberes\u201d el gerente del Instituto Nacional de Capacitaci\u00f3n y Educaci\u00f3n Socialista (INCES) del estado Carabobo, otorg\u00f3 22 acreditaciones de saberes emp\u00edricos a camar\u00f3grafos de la Secretar\u00eda de Comunicaci\u00f3n e Informaci\u00f3n de la Gobernaci\u00f3n del estado Carabobo.<\/span><\/p>\n<p style=\"text-align: justify;\">\n <\/p>\n<p style=\"text-align: justify;\"><span style=\"font-family: Arial,sans-serif;\">El gerente del Inces, Guyen Soto durante su discurso enfatiz\u00f3 en la importancia del respaldo que se debe brindar a los trabajadores. \u201cCada persona desde su espacio de labores desarrolla habilidades adquiridas a trav\u00e9s de la pr\u00e1ctica. Como venezolanos estamos siempre aprendiendo y avanzando. Esto es una muestra del potencial que tenemos, que no se diga en ning\u00fan lugar del mundo que no somos emprendedores, aqu\u00ed est\u00e1n los trabajadores de la comunicaci\u00f3n desde el capitolio recibiendo su Certificaci\u00f3n de Saberes Emp\u00edricos por parte de Inces del estado Carabobo y estoy seguro que este es el inicio de muchos por entregar\u201d.<\/span><\/p>\n<p style=\"text-align: justify;\"><span style=\"font-family: Arial,sans-serif;\"><img loading=\"lazy\" decoding=\"async\" class=\"size-full wp-image-15029 aligncenter\" src=\"http:\/\/www.inces.gob.ve\/wp-content\/uploads\/2018\/05\/2Mayo-de-Saberes.jpg\" alt=\"\" width=\"850\" height=\"566\" \/><\/span><\/p>\n<p style=\"text-align: justify;\">\u201c<span style=\"font-family: Arial,sans-serif;\">Gracias a esta certificaci\u00f3n de saberes, el trabajador se motiva en seguir adquiriendo conocimientos y esa es la meta del Inces, formar una sociedad que busque el desarrollo, que se forme, que genere desde cualquier lugar un ambiente emprendedor y que cada individuo sea un ente motivador para las dem\u00e1s personas\u201d, puntualiz\u00f3 Soto.<\/span><\/p>\n<p style=\"text-align: justify;\">\n <\/p>\n<p style=\"text-align: justify;\"><span style=\"font-family: Arial,sans-serif;\">Prensa Comunicaci\u00f3n Inces Carabobo<\/span><\/p>\n<p style=\"text-align: justify;\">\n <\/p>\n<p style=\"text-align: justify;\">\n <\/p>\n","protected":false},"excerpt":{"rendered":"<p>**C\u00e1mara y producci\u00f3n audiovisual fueron los oficios certificados por el instituto a trabajadores de la comunicaci\u00f3n en el Capitolio de Carabobo &nbsp;<\/p>\n","protected":false},"author":15,"featured_media":15030,"comment_status":"closed","ping_status":"closed","sticky":false,"template":"","format":"aside","meta":{"footnotes":""},"categories":[2],"tags":[],"class_list":["post-15028","post","type-post","status-publish","format-aside","has-post-thumbnail","hentry","category-blog","post_format-post-format-aside"],"_links":{"self":[{"href":"https:\/\/inces.gob.ve\/index.php\/wp-json\/wp\/v2\/posts\/15028","targetHints":{"allow":["GET"]}}],"collection":[{"href":"https:\/\/inces.gob.ve\/index.php\/wp-json\/wp\/v2\/posts"}],"about":[{"href":"https:\/\/inces.gob.ve\/index.php\/wp-json\/wp\/v2\/types\/post"}],"author":[{"embeddable":true,"href":"https:\/\/inces.gob.ve\/index.php\/wp-json\/wp\/v2\/users\/15"}],"replies":[{"embeddable":true,"href":"https:\/\/inces.gob.ve\/index.php\/wp-json\/wp\/v2\/comments?post=15028"}],"version-history":[{"count":1,"href":"https:\/\/inces.gob.ve\/index.php\/wp-json\/wp\/v2\/posts\/15028\/revisions"}],"predecessor-version":[{"id":34698,"href":"https:\/\/inces.gob.ve\/index.php\/wp-json\/wp\/v2\/posts\/15028\/revisions\/34698"}],"wp:featuredmedia":[{"embeddable":true,"href":"https:\/\/inces.gob.ve\/index.php\/wp-json\/"}],"wp:attachment":[{"href":"https:\/\/inces.gob.ve\/index.php\/wp-json\/wp\/v2\/media?parent=15028"}],"wp:term":[{"taxonomy":"category","embeddable":true,"href":"https:\/\/inces.gob.ve\/index.php\/wp-json\/wp\/v2\/categories?post=15028"},{"taxonomy":"post_tag","embeddable":true,"href":"https:\/\/inces.gob.ve\/index.php\/wp-json\/wp\/v2\/tags?post=15028"}],"curies":[{"name":"wp","href":"https:\/\/api.w.org\/{rel}","templated":true}]}}