{"id":15032,"date":"2018-05-14T12:00:59","date_gmt":"2018-05-14T18:00:59","guid":{"rendered":"http:\/\/www.inces.gob.ve\/?p=15032"},"modified":"2020-05-28T20:32:19","modified_gmt":"2020-05-29T00:32:19","slug":"libertador-recibio-mas-100-certificaciones-saberes-empiricos-parte-inces-carabobo","status":"publish","type":"post","link":"https:\/\/inces.gob.ve\/index.php\/2018\/05\/14\/libertador-recibio-mas-100-certificaciones-saberes-empiricos-parte-inces-carabobo\/","title":{"rendered":"Libertador recibi\u00f3 m\u00e1s de 100 certificaciones de saberes emp\u00edricos por parte de Inces Carabobo"},"content":{"rendered":"<p style=\"text-align: justify;\"><span style=\"font-family: Arial,sans-serif;\"><i><b>** Los productores presentaron entre sus aportes al municipio la cr\u00eda de conejos y muestras de arroz integral cultivado en tierras libertadorenses<\/b><\/i><\/span><\/p>\n<p style=\"text-align: justify;\">\n <\/p>\n<p style=\"text-align: justify;\"><!--more-->\n <\/p>\n<p style=\"text-align: justify;\"><span style=\"font-family: Arial,sans-serif;\"><b>(Prensa Inces Carabobo).<\/b>&#8211; Como parte de la campa\u00f1a \u201cMayo de Saberes\u201d del Inces del estado Carabobo, fueron entregadas 150 acreditaciones y certificaciones de saberes emp\u00edricos en diferentes oficios a productores y mujeres emprendedoras del municipio Libertador.<\/span><\/p>\n<p style=\"text-align: justify;\">\n <\/p>\n<p style=\"text-align: justify;\"><span style=\"font-family: Arial,sans-serif;\">El gerente regional del Inces Carabobo, Guyen Soto, indic\u00f3: \u201cfelicito al municipio Libertador. Tenemos varios d\u00edas recorriendo el estado y nos impregnamos del calor de cada municipio donde llegamos. Este en particular es un pueblo con historia, lleno de batallas y victorias, son una muestra importante de lo que se debe hacer en tiempos de guerra, espero sigan desarroll\u00e1ndose y cuenten con el Inces para la formaci\u00f3n y capacitaci\u00f3n de las y los libertadorenses\u201d.<\/span><\/p>\n<p>&nbsp;<\/p>\n<p style=\"text-align: justify;\"><span style=\"font-family: Arial,sans-serif;\"><img loading=\"lazy\" decoding=\"async\" class=\"size-full wp-image-15035 aligncenter\" src=\"http:\/\/www.inces.gob.ve\/wp-content\/uploads\/2018\/05\/1certificaciones-de-saberes-.jpg\" alt=\"\" width=\"850\" height=\"478\" \/><\/span><\/p>\n<p style=\"text-align: justify;\">\u00a0<\/p>\n<p style=\"text-align: justify;\"><span style=\"font-family: Arial,sans-serif;\">Por su parte, el alcalde de la localidad, Juan Perozo, enfatiz\u00f3 \u201cEstamos empe\u00f1ados en producir lo que sea. Debemos romper el esquema del consumismo y comenzar a producir, podemos avanzar si cambiamos el modelo, gracias al Inces por tomar en cuenta los conocimientos de nuestra gente que por herencia adquirida o por pr\u00e1ctica son unos maestros en un oficio y no contaban con una herramienta que lo avalara, ahora ya es una realidad\u201d.<\/span><\/p>\n<p style=\"text-align: justify;\"><img loading=\"lazy\" decoding=\"async\" class=\"size-full wp-image-15034 aligncenter\" src=\"http:\/\/www.inces.gob.ve\/wp-content\/uploads\/2018\/05\/2certificaciones-de-saberes-.jpg\" alt=\"\" width=\"850\" height=\"478\" \/><br \/>\n <span style=\"font-family: Arial,sans-serif;\">El acto cont\u00f3 con la participaci\u00f3n del gerente de Inces Carabobo, Guyen Soto; el alcalde del municipio Libertador, Juan Perozo; la presidenta de la fundaci\u00f3n adscrita a la gobernaci\u00f3n de Carabobo FundaComunidad, Genny Ch\u00e1vez; la primera combatiente del municipio, Adriana Molinar; el vocero principal del Frente de Panaderos del municipio Libertador, Edgar Alvarado; la presidenta del Instituto Aut\u00f3nomo Municipal de la Mujer, Ang\u00e9lica Escalona; Productores y Productoras del Municipio Libertador, entre otros.<\/span><\/p>\n<p style=\"text-align: justify;\">\n <\/p>\n<p style=\"text-align: justify;\"><span style=\"font-family: Arial,sans-serif;\">Prensa Inces Carabobo<\/span><\/p>\n","protected":false},"excerpt":{"rendered":"<p>** Los productores presentaron entre sus aportes al municipio la cr\u00eda de conejos y muestras de arroz integral cultivado en tierras libertadorenses<\/p>\n","protected":false},"author":15,"featured_media":15033,"comment_status":"closed","ping_status":"closed","sticky":false,"template":"","format":"aside","meta":{"footnotes":""},"categories":[2],"tags":[],"class_list":["post-15032","post","type-post","status-publish","format-aside","has-post-thumbnail","hentry","category-blog","post_format-post-format-aside"],"_links":{"self":[{"href":"https:\/\/inces.gob.ve\/index.php\/wp-json\/wp\/v2\/posts\/15032","targetHints":{"allow":["GET"]}}],"collection":[{"href":"https:\/\/inces.gob.ve\/index.php\/wp-json\/wp\/v2\/posts"}],"about":[{"href":"https:\/\/inces.gob.ve\/index.php\/wp-json\/wp\/v2\/types\/post"}],"author":[{"embeddable":true,"href":"https:\/\/inces.gob.ve\/index.php\/wp-json\/wp\/v2\/users\/15"}],"replies":[{"embeddable":true,"href":"https:\/\/inces.gob.ve\/index.php\/wp-json\/wp\/v2\/comments?post=15032"}],"version-history":[{"count":1,"href":"https:\/\/inces.gob.ve\/index.php\/wp-json\/wp\/v2\/posts\/15032\/revisions"}],"predecessor-version":[{"id":34697,"href":"https:\/\/inces.gob.ve\/index.php\/wp-json\/wp\/v2\/posts\/15032\/revisions\/34697"}],"wp:featuredmedia":[{"embeddable":true,"href":"https:\/\/inces.gob.ve\/index.php\/wp-json\/"}],"wp:attachment":[{"href":"https:\/\/inces.gob.ve\/index.php\/wp-json\/wp\/v2\/media?parent=15032"}],"wp:term":[{"taxonomy":"category","embeddable":true,"href":"https:\/\/inces.gob.ve\/index.php\/wp-json\/wp\/v2\/categories?post=15032"},{"taxonomy":"post_tag","embeddable":true,"href":"https:\/\/inces.gob.ve\/index.php\/wp-json\/wp\/v2\/tags?post=15032"}],"curies":[{"name":"wp","href":"https:\/\/api.w.org\/{rel}","templated":true}]}}